{"id":42155,"date":"2026-09-01T19:24:29","date_gmt":"2026-09-01T19:24:29","guid":{"rendered":"https:\/\/www.abchukuk.com\/index.php\/2026\/09\/01\/ankara-atina-hattinda-suclu-kiskaci-adalet-bakani-gurlekten-yunan-mevkidasi-ile-kritik-temas\/"},"modified":"2026-09-01T19:24:29","modified_gmt":"2026-09-01T19:24:29","slug":"ankara-atina-hattinda-suclu-kiskaci-adalet-bakani-gurlekten-yunan-mevkidasi-ile-kritik-temas","status":"publish","type":"post","link":"https:\/\/www.abchukuk.com\/index.php\/2026\/09\/01\/ankara-atina-hattinda-suclu-kiskaci-adalet-bakani-gurlekten-yunan-mevkidasi-ile-kritik-temas\/","title":{"rendered":"Ankara-Atina Hatt\u0131nda &#8216;Su\u00e7lu&#8217; K\u0131skac\u0131: Adalet Bakan\u0131 G\u00fcrlek&#8217;ten Yunan Mevkida\u015f\u0131 ile Kritik Temas"},"content":{"rendered":"<p><a href=\"https:\/\/www.gercekgundem.com\/guncel\/ankara-atina-hattinda-suclu-kiskaci-adalet-bakani-gurlekten-yunan-mevkidasi-ile-kritik-temas-577845\"><br \/>\n                                                            <img decoding=\"async\" src=\"https:\/\/i.gercekgundem.com\/2\/150\/84\/storage\/files\/images\/2026\/08\/27\/adalet-bakani-akin-gurlekten-alihan-kuris-aciklamasi-dini-yapilanmaya-degil-suc-orgutune-operasyon-pr2f.jpg\" width=\"150\" height=\"84\" border=\"0\" align=\"right\" \/><br \/>\n                                                    <\/a><\/p>\n<h4>Adalet Bakan\u0131 Ak\u0131n G\u00fcrlek, Yunanistan Adalet Bakan\u0131 Yorgos Floridis ile video konferans y\u00f6ntemiyle kritik bir zirve ger\u00e7ekle\u015ftirdi. G\u00f6r\u00fc\u015fmede s\u0131n\u0131r a\u015fan organize su\u00e7larla m\u00fccadele masaya yat\u0131r\u0131l\u0131rken Bakan G\u00fcrlek, Yunanistan&#8217;da bulunan su\u00e7 \u00f6rg\u00fct\u00fc liderlerinin T\u00fcrkiye&#8217;ye iadesini resmen talep etti.<\/h4>\n<p>Adalet Bakan\u0131 Ak\u0131n G\u00fcrlek, Yunanistan Adalet Bakan\u0131 Yorgos Floridis ile video konferans y\u00f6ntemiyle kritik bir zirve ger\u00e7ekle\u015ftirdi. G\u00f6r\u00fc\u015fmede s\u0131n\u0131r a\u015fan organize su\u00e7larla m\u00fccadele masaya yat\u0131r\u0131l\u0131rken Bakan G\u00fcrlek, Yunanistan&#8217;da bulunan su\u00e7 \u00f6rg\u00fct\u00fc liderlerinin T\u00fcrkiye&#8217;ye iadesini resmen talep etti.\u00a0<a href=\"https:\/\/www.gercekgundem.com\/guncel\/ankara-atina-hattinda-suclu-kiskaci-adalet-bakani-gurlekten-yunan-mevkidasi-ile-kritik-temas-577845\" target=\"_blank\" class=\"feedzy-rss-link-icon\">Read More<\/a><\/p>","protected":false},"excerpt":{"rendered":"<p>Adalet Bakan\u0131 Ak\u0131n G\u00fcrlek, Yunanistan Adalet Bakan\u0131 Yorgos Floridis ile video konferans y\u00f6ntemiyle kritik bir zirve ger\u00e7ekle\u015ftirdi. G\u00f6r\u00fc\u015fmede s\u0131n\u0131r a\u015fan organize su\u00e7larla m\u00fccadele masaya yat\u0131r\u0131l\u0131rken Bakan G\u00fcrlek, Yunanistan&#8217;da bulunan su\u00e7 \u00f6rg\u00fct\u00fc liderlerinin T\u00fcrkiye&#8217;ye iadesini resmen talep etti. Adalet Bakan\u0131 Ak\u0131n G\u00fcrlek, Yunanistan Adalet Bakan\u0131 Yorgos Floridis ile video konferans y\u00f6ntemiyle kritik bir zirve ger\u00e7ekle\u015ftirdi. G\u00f6r\u00fc\u015fmede [&hellip;]<\/p>\n","protected":false},"author":1,"featured_media":42156,"comment_status":"open","ping_status":"open","sticky":false,"template":"","format":"standard","meta":{"footnotes":"","_links_to":"","_links_to_target":""},"categories":[1],"tags":[],"class_list":["post-42155","post","type-post","status-publish","format-standard","has-post-thumbnail","hentry","category-haberler"],"_links":{"self":[{"href":"https:\/\/www.abchukuk.com\/index.php\/wp-json\/wp\/v2\/posts\/42155","targetHints":{"allow":["GET"]}}],"collection":[{"href":"https:\/\/www.abchukuk.com\/index.php\/wp-json\/wp\/v2\/posts"}],"about":[{"href":"https:\/\/www.abchukuk.com\/index.php\/wp-json\/wp\/v2\/types\/post"}],"author":[{"embeddable":true,"href":"https:\/\/www.abchukuk.com\/index.php\/wp-json\/wp\/v2\/users\/1"}],"replies":[{"embeddable":true,"href":"https:\/\/www.abchukuk.com\/index.php\/wp-json\/wp\/v2\/comments?post=42155"}],"version-history":[{"count":0,"href":"https:\/\/www.abchukuk.com\/index.php\/wp-json\/wp\/v2\/posts\/42155\/revisions"}],"wp:featuredmedia":[{"embeddable":true,"href":"https:\/\/www.abchukuk.com\/index.php\/wp-json\/wp\/v2\/media\/42156"}],"wp:attachment":[{"href":"https:\/\/www.abchukuk.com\/index.php\/wp-json\/wp\/v2\/media?parent=42155"}],"wp:term":[{"taxonomy":"category","embeddable":true,"href":"https:\/\/www.abchukuk.com\/index.php\/wp-json\/wp\/v2\/categories?post=42155"},{"taxonomy":"post_tag","embeddable":true,"href":"https:\/\/www.abchukuk.com\/index.php\/wp-json\/wp\/v2\/tags?post=42155"}],"curies":[{"name":"wp","href":"https:\/\/api.w.org\/{rel}","templated":true}]}}