{"id":42153,"date":"2026-09-01T19:25:46","date_gmt":"2026-09-01T19:25:46","guid":{"rendered":"https:\/\/www.abchukuk.com\/index.php\/2026\/09\/01\/catalcada-yeni-adli-yil-mesaji-bassavci-yunus-tunctan-gecikmesiz-adalet-vurgusu\/"},"modified":"2026-09-01T19:25:46","modified_gmt":"2026-09-01T19:25:46","slug":"catalcada-yeni-adli-yil-mesaji-bassavci-yunus-tunctan-gecikmesiz-adalet-vurgusu","status":"publish","type":"post","link":"https:\/\/www.abchukuk.com\/index.php\/2026\/09\/01\/catalcada-yeni-adli-yil-mesaji-bassavci-yunus-tunctan-gecikmesiz-adalet-vurgusu\/","title":{"rendered":"\u00c7atalca\u2019da yeni adli y\u0131l mesaj\u0131: Ba\u015fsavc\u0131 Yunus Tun\u00e7\u2019tan \u201cgecikmesiz adalet\u201d vurgusu"},"content":{"rendered":"<p>\u00a0<\/p>\n<p><strong>SON.TV\/\u00c7ATALCA<\/strong><\/p>\n<p>2026-2027 Adli Y\u0131l\u0131\u2019n\u0131n ba\u015flamas\u0131 dolay\u0131s\u0131yla \u00c7atalca Park Restaurant\u2019ta d\u00fczenlenen programda yarg\u0131 mensuplar\u0131, il\u00e7e protokol\u00fc, adliye \u00e7al\u0131\u015fanlar\u0131 ve aileleri bir araya geldi.<\/p>\n<p><img loading=\"lazy\" decoding=\"async\" loading=\"lazy\" src=\"https:\/\/www.son.tv\/wp-content\/uploads\/2026\/09\/f008535e-f902-41f1-a7a0-a816792152f5-300x200.jpeg\" class=\"alignnone size-medium wp-image-197006\" width=\"300\" height=\"200\" alt=\"\" \/><\/p>\n<p><strong>YARGI VE \u0130L\u00c7E PROTOKOL\u00dc BULU\u015eTU<\/strong><\/p>\n<p><strong>Programa; \u0130stanbul Milletvekili Seda G\u00f6ren B\u00f6l\u00fck, \u00c7atalca Kaymakam\u0131 Yasin \u00d6zt\u00fcrk, \u00c7atalca Belediye Ba\u015fkan\u0131, Silivri Cumhuriyet Ba\u015fsavc\u0131s\u0131 Bar\u0131\u015f Kurt, Silivri Adli Yarg\u0131 \u0130lk Derece Mahkemesi Adalet Komisyonu Ba\u015fkan\u0131 Ali Onur Atar, Silivri Cumhuriyet Ba\u015fsavc\u0131 Vekilleri Ebubekir Efe ve Ahmet Kemal Kale, h\u00e2kimler, Cumhuriyet savc\u0131lar\u0131, Garnizon Komutan\u0131, \u0130l\u00e7e Emniyet M\u00fcd\u00fcr\u00fc, \u0130l\u00e7e Jandarma Komutan\u0131, Sahil G\u00fcvenlik Komutan\u0131, G\u00fcmr\u00fck M\u00fcd\u00fcr\u00fc ile adliye personeli ve aileleri kat\u0131ld\u0131.<\/strong><\/p>\n<p><img loading=\"lazy\" decoding=\"async\" loading=\"lazy\" src=\"https:\/\/www.son.tv\/wp-content\/uploads\/2026\/09\/6b181fff-3b3f-44b4-b97f-f0722f021749-300x200.jpeg\" class=\"alignnone size-medium wp-image-197007\" width=\"300\" height=\"200\" alt=\"\" \/><\/p>\n<p><strong>\u015eEH\u0130T SAVCI MEHMET SEL\u0130M K\u0130RAZ UNUTULMADI<\/strong><\/p>\n<p>Program, g\u00f6revi ba\u015f\u0131nda \u015fehit edilen <strong>Cumhuriyet Savc\u0131s\u0131 Mehmet Selim Kiraz<\/strong> ve t\u00fcm \u015fehitler an\u0131s\u0131na bir dakikal\u0131k sayg\u0131 duru\u015funda bulunulmas\u0131 ve \u0130stiklal Mar\u015f\u0131\u2019n\u0131n okunmas\u0131yla ba\u015flad\u0131.<img loading=\"lazy\" decoding=\"async\" loading=\"lazy\" src=\"https:\/\/www.son.tv\/wp-content\/uploads\/2026\/09\/img_4793.jpg\" class=\"size-full wp-image-197030\" width=\"2000\" height=\"1500\" \/><\/p>\n<p>Ard\u0131ndan s\u00f6z alan <strong>\u00c7atalca Cumhuriyet Ba\u015fsavc\u0131s\u0131 Yunus Tun\u00e7, 2026-2027 Adli Y\u0131l\u0131<\/strong>\u2019na ili\u015fkin mesajlar\u0131n\u0131 verdi. Tun\u00e7\u2019un konu\u015fmas\u0131nda \u00f6zellikle yarg\u0131lamalar\u0131n makul s\u00fcrede tamamlanmas\u0131, soru\u015fturmalar\u0131n s\u00fcr\u00fcncemede b\u0131rak\u0131lmamas\u0131 ve vatanda\u015f\u0131n adalete g\u00fcveninin g\u00fc\u00e7lendirilmesi vurgular\u0131 \u00f6ne \u00e7\u0131kt\u0131.<\/p>\n<p><img loading=\"lazy\" decoding=\"async\" loading=\"lazy\" src=\"https:\/\/www.son.tv\/wp-content\/uploads\/2026\/09\/65c58918-0b08-4d1c-9915-f8eee99dd6c3-300x200.jpeg\" class=\"alignnone size-medium wp-image-197008\" width=\"300\" height=\"200\" alt=\"\" \/><\/p>\n<p><strong>\u201cGEC\u0130KEN ADALET, B\u0130R \u0130NSANIN HAYATININ DA GEC\u0130KMES\u0130D\u0130R\u201d<\/strong><\/p>\n<p>Yeni bir adli y\u0131la ba\u015flaman\u0131n heyecan\u0131, sorumlulu\u011fu ve gururu i\u00e7erisinde olduklar\u0131n\u0131 belirten Ba\u015fsavc\u0131 Tun\u00e7, adaletin yaln\u0131zca mahkeme salonlar\u0131nda verilen kararlardan ibaret olmad\u0131\u011f\u0131n\u0131 vurgulad\u0131.<\/p>\n<p><img loading=\"lazy\" decoding=\"async\" loading=\"lazy\" src=\"https:\/\/www.son.tv\/wp-content\/uploads\/2026\/09\/2a505d45-32e2-4960-83a1-64aeaee746b7-300x200.jpeg\" class=\"alignnone size-medium wp-image-197009\" width=\"300\" height=\"200\" alt=\"\" \/><\/p>\n<p><strong>Tun\u00e7, \u201cAdalet, vatanda\u015f\u0131n hakk\u0131na zaman\u0131nda ula\u015fabilmesidir. Adalet, ma\u011fdurun sesinin duyulmas\u0131, hak sahibinin hakk\u0131n\u0131 gecikmeden alabilmesidir. \u00c7\u00fcnk\u00fc biliyoruz ki geciken adalet, yaln\u0131zca bir dosyan\u0131n de\u011fil, bir insan\u0131n hayat\u0131n\u0131n da gecikmesidir\u201d<\/strong> dedi.<img loading=\"lazy\" decoding=\"async\" loading=\"lazy\" src=\"https:\/\/www.son.tv\/wp-content\/uploads\/2026\/09\/img_4781.jpg\" class=\"size-full wp-image-197033\" width=\"2000\" height=\"1500\" \/><img loading=\"lazy\" decoding=\"async\" loading=\"lazy\" src=\"https:\/\/www.son.tv\/wp-content\/uploads\/2026\/09\/img_4789.jpg\" class=\"size-full wp-image-197032\" width=\"2000\" height=\"1500\" \/><img loading=\"lazy\" decoding=\"async\" loading=\"lazy\" src=\"https:\/\/www.son.tv\/wp-content\/uploads\/2026\/09\/img_4787.jpg\" class=\"size-full wp-image-197031\" width=\"2000\" height=\"1500\" \/><img decoding=\"async\" src=\"\/\/\/private\/var\/mobile\/Containers\/Data\/Application\/C0080560-76CE-47E4-B57E-ADF0EFA478F8\/tmp\/org.automattic.MediaImageServiceSymlinks\/thumbnail-6b18b375-4fa7-4865-bc26-445abced4136-1365x1024.jpeg\" class=\"size-full\" data-wp_upload_id=\"x-coredata:\/\/1F944864-BA06-4B8C-BE74-0CE75166A1C6\/Media\/p33699\" \/><img decoding=\"async\" src=\"\/\/\/private\/var\/mobile\/Containers\/Data\/Application\/C0080560-76CE-47E4-B57E-ADF0EFA478F8\/tmp\/org.automattic.MediaImageServiceSymlinks\/thumbnail-26c7c7a9-20e1-4a6b-8866-5d881fd8e561-1365x1024.jpeg\" class=\"size-full\" data-wp_upload_id=\"x-coredata:\/\/1F944864-BA06-4B8C-BE74-0CE75166A1C6\/Media\/p33700\" \/><img decoding=\"async\" src=\"\/\/\/private\/var\/mobile\/Containers\/Data\/Application\/C0080560-76CE-47E4-B57E-ADF0EFA478F8\/tmp\/org.automattic.MediaImageServiceSymlinks\/thumbnail-7f9efbb3-0fe5-498a-acd4-15753b32e95e-1024x1365.jpeg\" class=\"size-full\" data-wp_upload_id=\"x-coredata:\/\/1F944864-BA06-4B8C-BE74-0CE75166A1C6\/Media\/p33701\" \/><img loading=\"lazy\" decoding=\"async\" loading=\"lazy\" src=\"https:\/\/www.son.tv\/wp-content\/uploads\/2026\/09\/img_4767.jpg\" class=\"size-full wp-image-197036\" width=\"2000\" height=\"1500\" \/><img loading=\"lazy\" decoding=\"async\" loading=\"lazy\" src=\"https:\/\/www.son.tv\/wp-content\/uploads\/2026\/09\/img_4776.jpg\" class=\"size-full wp-image-197034\" width=\"1500\" height=\"2000\" \/><img loading=\"lazy\" decoding=\"async\" loading=\"lazy\" src=\"https:\/\/www.son.tv\/wp-content\/uploads\/2026\/09\/img_4777.jpg\" class=\"size-full wp-image-197035\" width=\"1500\" height=\"2000\" \/><img decoding=\"async\" src=\"\/\/\/private\/var\/mobile\/Containers\/Data\/Application\/C0080560-76CE-47E4-B57E-ADF0EFA478F8\/tmp\/org.automattic.MediaImageServiceSymlinks\/thumbnail-492f6363-a458-4788-b1b4-329aeb1014f7-1024x1365.jpeg\" class=\"size-full\" data-wp_upload_id=\"x-coredata:\/\/1F944864-BA06-4B8C-BE74-0CE75166A1C6\/Media\/p33705\" \/><\/p>\n<p>Yarg\u0131 te\u015fkilat\u0131n\u0131n \u00f6n\u00fcndeki en \u00f6nemli hedeflerden birinin <strong>\u201cgecikmesiz ve etkin yarg\u0131\u201d<\/strong> oldu\u011funu ifade eden Tun\u00e7, bir dosyan\u0131n mahkemeye gelmesi kadar makul s\u00fcrede sonu\u00e7land\u0131r\u0131lmas\u0131n\u0131n, bir soru\u015fturman\u0131n ba\u015flat\u0131lmas\u0131 kadar gereksiz yere uzamadan tamamlanmas\u0131n\u0131n da \u00f6nemli oldu\u011funu s\u00f6yledi.<\/p>\n<p><img loading=\"lazy\" decoding=\"async\" loading=\"lazy\" src=\"https:\/\/www.son.tv\/wp-content\/uploads\/2026\/09\/9b957440-1f01-4327-812f-b7a80e81f2ee-300x200.jpeg\" class=\"alignnone size-medium wp-image-197010\" width=\"300\" height=\"200\" alt=\"\" \/><\/p>\n<p><strong>\u201cDAHA HIZLI, DAHA ETK\u0130N, DAHA \u00d6NG\u00d6R\u00dcLEB\u0130L\u0130R\u201d<\/strong><\/p>\n<p>Yeni adli y\u0131ldaki ortak hedeflerini a\u00e7\u0131klayan <strong>Tun\u00e7, \u201cDaha h\u0131zl\u0131, daha etkin, daha \u00f6ng\u00f6r\u00fclebilir ve vatanda\u015f\u0131m\u0131za daha fazla g\u00fcven veren bir adalet sistemi olmal\u0131d\u0131r\u201d<\/strong> ifadelerini kulland\u0131.<\/p>\n<p><img loading=\"lazy\" decoding=\"async\" loading=\"lazy\" src=\"https:\/\/www.son.tv\/wp-content\/uploads\/2026\/09\/7ed81a40-d2eb-464d-b81e-d13772a12b4a-300x200.jpeg\" class=\"alignnone size-medium wp-image-197011\" width=\"300\" height=\"200\" alt=\"\" \/><\/p>\n<p>Her dosyan\u0131n bir insan\u0131n hayat\u0131na dokundu\u011funu belirten <strong>Tun\u00e7, \u201cBir ceza dosyas\u0131nda ma\u011fdurun adalet beklentisi, bir hukuk dosyas\u0131nda vatanda\u015f\u0131n hakk\u0131, bir soru\u015fturmada \u015fik\u00e2yet\u00e7inin beklentisi, bir kamu davas\u0131nda toplumun huzuru s\u00f6z konusudur\u201d<\/strong> diye konu\u015ftu.<\/p>\n<p><strong>Tun\u00e7<\/strong>, dosyalar\u0131n bekletilmemesi ve i\u015flemlerin s\u00fcr\u00fcncemede b\u0131rak\u0131lmamas\u0131n\u0131n b\u00fcy\u00fck \u00f6nem ta\u015f\u0131d\u0131\u011f\u0131n\u0131 belirtirken, t\u00fcm bunlar\u0131n hukukun temel ilkelerinden ve adil yarg\u0131lanma g\u00fcvencelerinden taviz verilmeden ger\u00e7ekle\u015ftirilmesi gerekti\u011fini vurgulad\u0131.<\/p>\n<p><img loading=\"lazy\" decoding=\"async\" loading=\"lazy\" src=\"https:\/\/www.son.tv\/wp-content\/uploads\/2026\/09\/59d55db7-b122-4bfa-97c0-e412f1efe6a6-300x200.jpeg\" class=\"alignnone size-medium wp-image-197012\" width=\"300\" height=\"200\" alt=\"\" \/><\/p>\n<p>\u201c<strong>HIZLI YARGILAMA, ACELE YARGILAMA DE\u011e\u0130LD\u0130R\u201d<\/strong><\/p>\n<p>Ba\u015fsavc\u0131<strong> Yunus Tun\u00e7<\/strong>, konu\u015fmas\u0131nda h\u0131zl\u0131 yarg\u0131lama ile acele yarg\u0131lama aras\u0131ndaki ayr\u0131ma \u00f6zellikle dikkat \u00e7ekti.<\/p>\n<p><img loading=\"lazy\" decoding=\"async\" loading=\"lazy\" src=\"https:\/\/www.son.tv\/wp-content\/uploads\/2026\/09\/cec71a28-6d9c-4d70-86b6-dc011e26bc99-300x200.jpeg\" class=\"alignnone size-medium wp-image-197013\" width=\"300\" height=\"200\" alt=\"\" \/><\/p>\n<p>\u201c<strong>H\u0131zl\u0131 yarg\u0131lama, acele yarg\u0131lama de\u011fildir\u201d<\/strong> diyen <strong>Tun\u00e7<\/strong>, h\u0131zl\u0131 yarg\u0131laman\u0131n; gereksiz beklemelerin ortadan kald\u0131r\u0131lmas\u0131, i\u015f s\u00fcre\u00e7lerinin do\u011fru planlanmas\u0131, duru\u015fmalar\u0131n etkin y\u00fcr\u00fct\u00fclmesi, soru\u015fturmalar\u0131n s\u00fcr\u00fcncemede b\u0131rak\u0131lmamas\u0131 ve teknolojinin imk\u00e2nlar\u0131ndan en \u00fcst d\u00fczeyde yararlan\u0131lmas\u0131 anlam\u0131na geldi\u011fini s\u00f6yledi.<\/p>\n<p><img loading=\"lazy\" decoding=\"async\" loading=\"lazy\" src=\"https:\/\/www.son.tv\/wp-content\/uploads\/2026\/09\/05e0bc75-dc23-4f1d-8790-c6d372cda6a1-300x200.jpeg\" class=\"alignnone size-medium wp-image-197014\" width=\"300\" height=\"200\" alt=\"\" \/><\/p>\n<p><strong>UYAP\u2019tan e-duru\u015fmaya, dijital uygulamalardan yapay zek\u00e2 destekli yeni teknolojilere kadar bir\u00e7ok imk\u00e2n\u0131n adalet hizmetlerinin daha h\u0131zl\u0131 ve eri\u015filebilir hale getirilmesi amac\u0131yla kullan\u0131ld\u0131\u011f\u0131n\u0131 belirten Tun\u00e7,<\/strong> hi\u00e7bir teknolojinin h\u00e2kim, savc\u0131 ve adliye personelinin gayreti, dikkati ve sorumluluk bilinci olmadan tek ba\u015f\u0131na yeterli olmayaca\u011f\u0131n\u0131 ifade etti.<\/p>\n<p><strong>\u201cH\u0130\u00c7B\u0130R DOSYANIN GEREKS\u0130Z YERE BEKLEMES\u0130NE \u0130Z\u0130N VERMEYECE\u011e\u0130Z\u201d<\/strong><\/p>\n<p><strong>Ba\u015fsavc\u0131 Tun\u00e7, \u00c7atalca Adliyesi\u2019nde yeni adli y\u0131ldaki \u00e7al\u0131\u015fma anlay\u0131\u015f\u0131na ili\u015fkin de net mesajlar verdi:<\/strong><\/p>\n<p><strong>\u201c\u0130\u015fimize zaman\u0131nda ba\u015flayaca\u011f\u0131z. Dosyalar\u0131m\u0131za h\u00e2kim olaca\u011f\u0131z. Bekleyen i\u015fleri takip edece\u011fiz. Vatanda\u015f\u0131n adliyedeki her temas\u0131n\u0131 adalete g\u00fcven a\u00e7\u0131s\u0131ndan de\u011ferlendirece\u011fiz. Ve hi\u00e7bir dosyan\u0131n gereksiz yere beklemesine izin vermeyece\u011fiz.\u201d<\/strong><\/p>\n<p><img loading=\"lazy\" decoding=\"async\" loading=\"lazy\" src=\"https:\/\/www.son.tv\/wp-content\/uploads\/2026\/09\/d0c6701e-cbd3-402b-96e1-e2ae08d1bc78-300x200.jpeg\" class=\"alignnone size-medium wp-image-197015\" width=\"300\" height=\"200\" alt=\"\" \/><\/p>\n<p>\u201c<strong>ADL\u0130YELER VATANDA\u015eIN DEVLETE VE ADALETE G\u00dcVEN\u0130N\u0130N SINANDI\u011eI YERLERD\u0130R\u201d<\/strong><\/p>\n<p>Adliyelerin yaln\u0131zca dosyalar\u0131n bulundu\u011fu binalar olmad\u0131\u011f\u0131n\u0131 vurgulayan <strong>Tun\u00e7, \u201cAdliyeler, vatanda\u015f\u0131n devlete ve adalete g\u00fcveninin s\u0131nand\u0131\u011f\u0131 yerlerdir. Bu g\u00fcveni korumak hepimizin ortak sorumlulu\u011fudur\u201d<\/strong> dedi.<\/p>\n<p><img loading=\"lazy\" decoding=\"async\" loading=\"lazy\" src=\"https:\/\/www.son.tv\/wp-content\/uploads\/2026\/09\/bb0de13f-6d67-4422-b2d5-928a3893380c-300x200.jpeg\" class=\"alignnone size-medium wp-image-197016\" width=\"300\" height=\"200\" alt=\"\" \/><\/p>\n<p>Cumhuriyetin temel niteliklerinden hukuk devleti ilkesinin g\u00fc\u00e7lendirilmesi, yarg\u0131n\u0131n ba\u011f\u0131ms\u0131zl\u0131\u011f\u0131 ve tarafs\u0131zl\u0131\u011f\u0131n\u0131n korunmas\u0131, hukukun \u00fcst\u00fcnl\u00fc\u011f\u00fcn\u00fcn sa\u011flanmas\u0131 ve vatanda\u015flar\u0131n adalete g\u00fcveninin art\u0131r\u0131lmas\u0131 i\u00e7in g\u00f6revlerini b\u00fcy\u00fck bir hassasiyetle s\u00fcrd\u00fcreceklerini kaydetti.<\/p>\n<p><img loading=\"lazy\" decoding=\"async\" loading=\"lazy\" src=\"https:\/\/www.son.tv\/wp-content\/uploads\/2026\/09\/91482084-cad3-43d4-b86b-44e3acc31c17-300x200.jpeg\" class=\"alignnone size-medium wp-image-197017\" width=\"300\" height=\"200\" alt=\"\" \/><\/p>\n<p><strong>\u00c7ATALCA ADL\u0130YES\u0130\u2019N\u0130N YEN\u0130 ADL\u0130 YIL HEDEF\u0130<\/strong><\/p>\n<p><strong>Tun\u00e7, \u00c7atalca Adliyesi\u2019nin yeni d\u00f6nem hedefini d\u00f6rt c\u00fcmleyle ortaya koydu:<\/strong><\/p>\n<p><strong>\u201cDaha h\u0131zl\u0131 adalet.<\/strong><\/p>\n<p><strong>Daha etkin adalet.<\/strong><\/p>\n<p><strong>Daha eri\u015filebilir adalet.<\/strong><\/p>\n<p><strong>Ve her \u015feyden \u00f6nce g\u00fcven veren adalet.\u201d<\/strong><\/p>\n<p><img loading=\"lazy\" decoding=\"async\" loading=\"lazy\" src=\"https:\/\/www.son.tv\/wp-content\/uploads\/2026\/09\/b3bfc7b7-a9af-45e4-ae7b-3263a6ecde2c-300x200.jpeg\" class=\"alignnone size-medium wp-image-197018\" width=\"300\" height=\"200\" alt=\"\" \/><\/p>\n<p>Yeni adli y\u0131l\u0131n \u00fclkeye, millete, yarg\u0131 camias\u0131na ve <strong>\u00c7atalca Adliyesi\u2019<\/strong>ne hay\u0131rl\u0131 olmas\u0131n\u0131 dileyen <strong>Tun\u00e7<\/strong>, g\u00f6revlerini fedak\u00e2rl\u0131k ve \u00f6zveriyle yerine getiren h\u00e2kimlere, Cumhuriyet savc\u0131lar\u0131na ve adliye personeline te\u015fekk\u00fcr etti.<\/p>\n<p><img loading=\"lazy\" decoding=\"async\" loading=\"lazy\" src=\"https:\/\/www.son.tv\/wp-content\/uploads\/2026\/09\/73141547-35ac-4014-813a-ca1fe3851fee-300x200.jpeg\" class=\"alignnone size-medium wp-image-197019\" width=\"300\" height=\"200\" alt=\"\" \/><\/p>\n<p><strong>Ba\u015fsavc\u0131 Tun\u00e7<\/strong> konu\u015fmas\u0131n\u0131, \u201c<strong>Adaletin tecellisi i\u00e7in hep birlikte, daha g\u00fc\u00e7l\u00fc, daha h\u0131zl\u0131 ve daha kararl\u0131 \u00e7al\u0131\u015faca\u011f\u0131z. Yeni adli y\u0131l\u0131m\u0131z hay\u0131rl\u0131 olsun\u201d<\/strong> s\u00f6zleriyle tamamlad\u0131.<\/p>\n<p><strong>GAZ\u0130OSMANPA\u015eA\u2019YA ATANAN \u00d6ZG\u00dcR YILMAZ\u2019A PLAKET<\/strong><\/p>\n<p>Programda, \u00c7atalca\u2019da yakla\u015f\u0131k 18 ay \u0130l\u00e7e Emniyet M\u00fcd\u00fcr\u00fc olarak g\u00f6rev yapt\u0131ktan sonra <strong>Gaziosmanpa\u015fa \u0130l\u00e7e Emniyet M\u00fcd\u00fcrl\u00fc\u011f\u00fc<\/strong>\u2019ne atanan <strong>\u00d6zg\u00fcr Y\u0131lmaz<\/strong> i\u00e7in de anlaml\u0131 bir veda ger\u00e7ekle\u015ftirildi.<\/p>\n<p><img loading=\"lazy\" decoding=\"async\" loading=\"lazy\" src=\"https:\/\/www.son.tv\/wp-content\/uploads\/2026\/09\/a8ae3b07-886b-40b9-b659-395000a1fcd5-300x200.jpeg\" class=\"alignnone size-medium wp-image-197020\" width=\"300\" height=\"200\" alt=\"\" \/><\/p>\n<p><strong>\u00c7atalca Cumhuriyet Ba\u015fsavc\u0131s\u0131 Yunus Tun\u00e7, Y\u0131lmaz\u2019a \u00c7atalca<\/strong>\u2019da g\u00f6rev yapt\u0131\u011f\u0131 s\u00fcre boyunca verdi\u011fi hizmetler ve kurumlar aras\u0131ndaki uyumlu \u00e7al\u0131\u015fmaya sa\u011flad\u0131\u011f\u0131 katk\u0131lar dolay\u0131s\u0131yla plaket takdim etti.<\/p>\n<p><img loading=\"lazy\" decoding=\"async\" loading=\"lazy\" src=\"https:\/\/www.son.tv\/wp-content\/uploads\/2026\/09\/8c94c3c5-9df8-40e2-8977-0f37fcb2a562-300x200.jpeg\" class=\"alignnone size-medium wp-image-197021\" width=\"300\" height=\"200\" alt=\"\" \/><\/p>\n<p><strong>\u201cMESLEKTEK\u0130 EN G\u00dcZEL AYLARIMI BURADA GE\u00c7\u0130RD\u0130M\u201d<\/strong><\/p>\n<p><strong>Ba\u015fsavc\u0131 Tun\u00e7<\/strong>\u2019un elinden plaketini alan <strong>\u00d6zg\u00fcr<\/strong> <strong>Y\u0131lmaz, \u00c7atalca<\/strong>\u2019da yakla\u015f\u0131k 18 ay g\u00f6rev yapt\u0131\u011f\u0131n\u0131 belirterek, il\u00e7eden g\u00fczel hat\u0131ralarla ayr\u0131ld\u0131\u011f\u0131n\u0131 s\u00f6yledi.<\/p>\n<p><strong>Y\u0131lmaz, \u201cYakla\u015f\u0131k 18 ay burada g\u00f6rev yapt\u0131k. \u00c7ok zevkle, keyifle \u00e7al\u0131\u015ft\u0131k. Meslekte 25 y\u0131lda yapt\u0131\u011f\u0131m g\u00f6revlere geriye d\u00f6n\u00fcp bakt\u0131\u011f\u0131mda \u00e7ok g\u00fczel aylar\u0131m\u0131 burada ge\u00e7irdi\u011fimi s\u00f6yleyebilirim\u201d<\/strong> dedi.<\/p>\n<p><strong>\u00c7atalca\u2019<\/strong>daki g\u00f6rev s\u00fcresinde kurumlar aras\u0131ndaki uyuma dikkat \u00e7eken Y\u0131lmaz, Kaymakaml\u0131k, Cumhuriyet Ba\u015fsavc\u0131l\u0131\u011f\u0131, emniyet ve jandarman\u0131n koordinasyon i\u00e7erisinde g\u00f6rev yapt\u0131\u011f\u0131n\u0131 vurgulad\u0131.<\/p>\n<p><strong>\u201c\u00c7ATALCA\u2019DA \u00c7ALI\u015eMAKTAN ONUR VE \u015eEREF DUYDUM<\/strong>\u201d<\/p>\n<p><strong>\u00d6zg\u00fcr Y\u0131lmaz, \u201cSay\u0131n Kaymakam\u0131m\u0131z\u0131n idaresinde, Say\u0131n Ba\u015fsavc\u0131m\u0131zla birlikte emniyet ve jandarma olarak her konuda uyum i\u00e7erisinde g\u00f6rev yapt\u0131k. Ben burada \u00e7al\u0131\u015fmaktan \u00e7ok onur ve \u015feref duydum\u201d<\/strong> ifadelerini kulland\u0131.<\/p>\n<p><strong>Gaziosmanpa\u015fa \u0130l\u00e7e Emniyet M\u00fcd\u00fcrl\u00fc\u011f\u00fc<\/strong>\u2019ne atand\u0131\u011f\u0131n\u0131 belirten <strong>Y\u0131lmaz, \u00c7atalca<\/strong>\u2019daki mesai arkada\u015flar\u0131na ve protokol \u00fcyelerine te\u015fekk\u00fcr ederek, <strong>\u201cYolu d\u00fc\u015fen herkesi beklerim. Say\u0131n Ba\u015fsavc\u0131m\u0131za tekrar te\u015fekk\u00fcr ediyorum. Yeni adli y\u0131l hay\u0131rl\u0131 u\u011furlu olsun. Allah utand\u0131rmas\u0131n\u201d<\/strong> dedi.<\/p>\n<p>Program, yarg\u0131 mensuplar\u0131, il\u00e7e protokol\u00fc, adliye \u00e7al\u0131\u015fanlar\u0131 ve ailelerinin kat\u0131ld\u0131\u011f\u0131 adli y\u0131l a\u00e7\u0131l\u0131\u015f yeme\u011fiyle devam etti.<\/p>\n<p><img loading=\"lazy\" decoding=\"async\" loading=\"lazy\" src=\"https:\/\/www.son.tv\/wp-content\/uploads\/2026\/09\/cb6b1ce2-bce0-419d-8720-17046efc5c44-300x200.jpeg\" class=\"alignnone size-medium wp-image-197022\" width=\"300\" height=\"200\" alt=\"\" \/><img loading=\"lazy\" decoding=\"async\" loading=\"lazy\" src=\"https:\/\/www.son.tv\/wp-content\/uploads\/2026\/09\/ed7b9517-bf62-4400-bbd2-8da91bec440f-300x200.jpeg\" class=\"alignnone size-medium wp-image-197023\" width=\"300\" height=\"200\" alt=\"\" \/><img loading=\"lazy\" decoding=\"async\" loading=\"lazy\" src=\"https:\/\/www.son.tv\/wp-content\/uploads\/2026\/09\/42c7ccb0-fe4f-4958-9640-ae1bfeefd5e0-300x200.jpeg\" class=\"alignnone size-medium wp-image-197024\" width=\"300\" height=\"200\" alt=\"\" \/><img loading=\"lazy\" decoding=\"async\" loading=\"lazy\" src=\"https:\/\/www.son.tv\/wp-content\/uploads\/2026\/09\/2e23c844-c0a2-481e-be35-f244899ba7a1-300x200.jpeg\" class=\"alignnone size-medium wp-image-197025\" width=\"300\" height=\"200\" alt=\"\" \/><img loading=\"lazy\" decoding=\"async\" loading=\"lazy\" src=\"https:\/\/www.son.tv\/wp-content\/uploads\/2026\/09\/2f0eba2a-f405-4bc3-8751-19200902ceb3-300x200.jpeg\" class=\"alignnone size-medium wp-image-197026\" width=\"300\" height=\"200\" alt=\"\" \/><img loading=\"lazy\" decoding=\"async\" loading=\"lazy\" src=\"https:\/\/www.son.tv\/wp-content\/uploads\/2026\/09\/8b9d39ae-8b55-43de-9ebe-c5255a110c2b-300x200.jpeg\" class=\"alignnone size-medium wp-image-197027\" width=\"300\" height=\"200\" alt=\"\" \/><\/p>\n<p><strong>ET\u0130KETLER:<\/strong><br \/>\n<strong>#\u00c7atalca #YunusTun\u00e7 #\u00c7atalcaAdliyesi #YeniAdliY\u0131l #AdliY\u0131l #GecikmesizAdalet #Yarg\u0131 #Adalet #Hukuk #\u00d6zg\u00fcrY\u0131lmaz #SonTV<\/strong><\/p>\n<p>\u00c7atalca Cumhuriyet Ba\u015fsavc\u0131s\u0131 Yunus Tun\u00e7, 2026-2027 Adli Y\u0131l\u0131 a\u00e7\u0131l\u0131\u015f\u0131nda yarg\u0131 mensuplar\u0131na \u00f6nemli mesajlar verdi. Yarg\u0131 ve il\u00e7e protokol\u00fcn\u00fcn geni\u015f kat\u0131l\u0131m g\u00f6sterdi\u011fi programda Tun\u00e7, \u201cGeciken adalet, yaln\u0131zca bir dosyan\u0131n de\u011fil, bir insan\u0131n hayat\u0131n\u0131n da gecikmesidir\u201d diyerek yeni adli y\u0131lda \u00c7atalca Adliyesi\u2019nin hedefini \u201cDaha h\u0131zl\u0131, daha etkin, daha eri\u015filebilir ve her \u015feyden \u00f6nce g\u00fcven veren adalet\u201d s\u00f6zleriyle a\u00e7\u0131klad\u0131.\u00a0<a href=\"https:\/\/www.son.tv\/catalcada-yeni-adli-yil-mesaji-bassavci-yunus-tunctan-gecikmesiz-adalet-vurgusu\/\" target=\"_blank\" class=\"feedzy-rss-link-icon\">Read More<\/a><\/p>","protected":false},"excerpt":{"rendered":"<p>\u00a0 SON.TV\/\u00c7ATALCA 2026-2027 Adli Y\u0131l\u0131\u2019n\u0131n ba\u015flamas\u0131 dolay\u0131s\u0131yla \u00c7atalca Park Restaurant\u2019ta d\u00fczenlenen programda yarg\u0131 mensuplar\u0131, il\u00e7e protokol\u00fc, adliye \u00e7al\u0131\u015fanlar\u0131 ve aileleri bir araya geldi. YARGI VE \u0130L\u00c7E PROTOKOL\u00dc BULU\u015eTU Programa; \u0130stanbul Milletvekili Seda G\u00f6ren B\u00f6l\u00fck, \u00c7atalca Kaymakam\u0131 Yasin \u00d6zt\u00fcrk, \u00c7atalca Belediye Ba\u015fkan\u0131, Silivri Cumhuriyet Ba\u015fsavc\u0131s\u0131 Bar\u0131\u015f Kurt, Silivri Adli Yarg\u0131 \u0130lk Derece Mahkemesi Adalet Komisyonu Ba\u015fkan\u0131 [&hellip;]<\/p>\n","protected":false},"author":1,"featured_media":42154,"comment_status":"open","ping_status":"open","sticky":false,"template":"","format":"standard","meta":{"footnotes":"","_links_to":"","_links_to_target":""},"categories":[1],"tags":[],"class_list":["post-42153","post","type-post","status-publish","format-standard","has-post-thumbnail","hentry","category-haberler"],"_links":{"self":[{"href":"https:\/\/www.abchukuk.com\/index.php\/wp-json\/wp\/v2\/posts\/42153","targetHints":{"allow":["GET"]}}],"collection":[{"href":"https:\/\/www.abchukuk.com\/index.php\/wp-json\/wp\/v2\/posts"}],"about":[{"href":"https:\/\/www.abchukuk.com\/index.php\/wp-json\/wp\/v2\/types\/post"}],"author":[{"embeddable":true,"href":"https:\/\/www.abchukuk.com\/index.php\/wp-json\/wp\/v2\/users\/1"}],"replies":[{"embeddable":true,"href":"https:\/\/www.abchukuk.com\/index.php\/wp-json\/wp\/v2\/comments?post=42153"}],"version-history":[{"count":0,"href":"https:\/\/www.abchukuk.com\/index.php\/wp-json\/wp\/v2\/posts\/42153\/revisions"}],"wp:featuredmedia":[{"embeddable":true,"href":"https:\/\/www.abchukuk.com\/index.php\/wp-json\/wp\/v2\/media\/42154"}],"wp:attachment":[{"href":"https:\/\/www.abchukuk.com\/index.php\/wp-json\/wp\/v2\/media?parent=42153"}],"wp:term":[{"taxonomy":"category","embeddable":true,"href":"https:\/\/www.abchukuk.com\/index.php\/wp-json\/wp\/v2\/categories?post=42153"},{"taxonomy":"post_tag","embeddable":true,"href":"https:\/\/www.abchukuk.com\/index.php\/wp-json\/wp\/v2\/tags?post=42153"}],"curies":[{"name":"wp","href":"https:\/\/api.w.org\/{rel}","templated":true}]}}