{"id":42151,"date":"2026-09-01T19:49:25","date_gmt":"2026-09-01T19:49:25","guid":{"rendered":"https:\/\/www.abchukuk.com\/index.php\/2026\/09\/01\/avukat-alperen-cihan-cetinkayadan-20-yillik-arkadasina-dugunde-luks-otomobil-surprizi\/"},"modified":"2026-09-01T19:49:25","modified_gmt":"2026-09-01T19:49:25","slug":"avukat-alperen-cihan-cetinkayadan-20-yillik-arkadasina-dugunde-luks-otomobil-surprizi","status":"publish","type":"post","link":"https:\/\/www.abchukuk.com\/index.php\/2026\/09\/01\/avukat-alperen-cihan-cetinkayadan-20-yillik-arkadasina-dugunde-luks-otomobil-surprizi\/","title":{"rendered":"Avukat Alperen Cihan \u00c7etinkaya\u2019dan 20 y\u0131ll\u0131k arkada\u015f\u0131na d\u00fc\u011f\u00fcnde l\u00fcks otomobil s\u00fcrprizi !"},"content":{"rendered":"<p><strong>SON.TV\/HABER MERKEZ\u0130<\/strong><\/p>\n<p>D\u00fc\u011f\u00fcnlerde tak\u0131 t\u00f6renlerinde alt\u0131n ve para hediyelerine al\u0131\u015f\u0131l\u0131rken, <strong>Avukat Alperen Cihan \u00c7etinkaya<\/strong>\u2019n\u0131n 20 y\u0131ll\u0131k yak\u0131n arkada\u015f\u0131na yapt\u0131\u011f\u0131 s\u00fcrpriz dikkat \u00e7ekti.<\/p>\n<p>D\u00fcnyaevine giren arkada\u015f\u0131n\u0131n yan\u0131na gelen \u00c7etinkaya, davetlilerin \u00f6n\u00fcnde mikrofonu eline ald\u0131. Yakla\u015f\u0131k 20 y\u0131ld\u0131r devam eden dostluklar\u0131ndan s\u00f6z eden \u00c7etinkaya, ard\u0131ndan haz\u0131rlad\u0131\u011f\u0131 s\u00fcrpriz hediyeyi a\u00e7\u0131klad\u0131.<\/p>\n<p><strong>AVUKAT \u00c7ET\u0130NKAYA M\u0130KROFONU EL\u0130NE ALDI<\/strong><\/p>\n<p>Tak\u0131 t\u00f6reni s\u0131ras\u0131nda damad\u0131n yan\u0131na gelen Avukat <strong>Alperen Cihan \u00c7etinkaya<\/strong>, arkada\u015f\u0131na hitaben yapt\u0131\u011f\u0131 konu\u015fmada uzun y\u0131llard\u0131r devam eden dostluklar\u0131na vurgu yapt\u0131.<\/p>\n<p><strong>\u00c7etinkaya<\/strong>, arkada\u015f\u0131na, <strong>\u201c20 y\u0131ld\u0131r benim karde\u015fimsin. \u0130yi g\u00fcnde de k\u00f6t\u00fc g\u00fcnde de hep bir aradayd\u0131k\u201d<\/strong> s\u00f6zleriyle seslendi.<\/p>\n<p><strong>\u201c20 YILDIR BEN\u0130M KARDE\u015e\u0130MS\u0130N<\/strong>\u201d<\/p>\n<p>\u00c7etinkaya, arkada\u015f\u0131n\u0131n en mutlu g\u00fcnlerinden birinde kendisine \u00f6zel bir hediye vermek istedi\u011fini belirterek, \u201c<strong>Bu mutlu g\u00fcn\u00fcnde de karde\u015fli\u011fimizin ni\u015fanesi olarak sana k\u00fc\u00e7\u00fck bir hediye vermek istiyorum\u201d<\/strong> ifadelerini kulland\u0131.<\/p>\n<p><strong>\u00c7etinkaya<\/strong>\u2019n\u0131n s\u00f6zlerinin ard\u0131ndan verece\u011fi hediyenin ne oldu\u011fu da ortaya \u00e7\u0131kt\u0131.<\/p>\n<p><img loading=\"lazy\" decoding=\"async\" loading=\"lazy\" class=\"alignnone size-medium wp-image-197042\" src=\"https:\/\/www.son.tv\/wp-content\/uploads\/2026\/09\/IMG_7838-300x200.jpeg\" alt=\"\" width=\"300\" height=\"200\" \/><\/p>\n<p><strong>OTOMOB\u0130L\u0130N ANAHTARINI \u00c7IKARDI<\/strong><\/p>\n<p>Tak\u0131 t\u00f6reninde alt\u0131n ya da para vermek yerine otomobil anahtar\u0131n\u0131 \u00e7\u0131karan <strong>Avukat Alperen Cihan \u00c7etinkaya,<\/strong> anahtar\u0131 20 y\u0131ll\u0131k arkada\u015f\u0131na uzatt\u0131.<\/p>\n<p>Davetlilerin \u00f6n\u00fcnde ger\u00e7ekle\u015ftirilen s\u00fcrprizde <strong>\u00c7etinkaya<\/strong>, l\u00fcks otomobili arkada\u015f\u0131na d\u00fc\u011f\u00fcn hediyesi olarak verdi\u011fini a\u00e7\u0131klad\u0131.<\/p>\n<p>\u201c<strong>BU ARABA ARTIK SEN\u0130N\u201d<\/strong><\/p>\n<p><strong>\u00c7etinkaya<\/strong>, otomobilin anahtar\u0131n\u0131 damada teslim ederken, \u201c<strong>Bu araba art\u0131k senin\u201d<\/strong> dedi.<\/p>\n<p>B\u00f6ylece d\u00fc\u011f\u00fcndeki tak\u0131 t\u00f6reninin en dikkat \u00e7eken hediyelerinden biri l\u00fcks otomobil oldu.<\/p>\n<p><strong>20 YILLIK DOSTLU\u011eA OTOMOB\u0130L HED\u0130YES\u0130<\/strong><\/p>\n<p><strong>Avukat Alperen Cihan \u00c7etinkaya<\/strong>\u2019n\u0131n, uzun y\u0131llard\u0131r yak\u0131n arkada\u015fl\u0131k yapt\u0131\u011f\u0131 damada d\u00fc\u011f\u00fcn g\u00fcn\u00fcnde otomobil hediye etmesi t\u00f6rene farkl\u0131 bir an ya\u015fatt\u0131.<\/p>\n<p>\u00c7etinkaya\u2019n\u0131n avukatl\u0131k mesle\u011fine 2015 y\u0131l\u0131nda ba\u015flad\u0131\u011f\u0131, staj\u0131n\u0131 tamamlamas\u0131n\u0131n ard\u0131ndan avukatl\u0131k yeminini ederek ruhsat\u0131n\u0131 ald\u0131\u011f\u0131 biliniyor. \u00c7etinkaya mesleki \u00e7al\u0131\u015fmalar\u0131n\u0131 \u0130zmir\u2019de s\u00fcrd\u00fcr\u00fcyor.<\/p>\n<p><strong>D\u00dc\u011e\u00dcN\u00dcN YER\u0130 VE DAMADIN ADI A\u00c7IKLANMADI<\/strong><\/p>\n<p>G\u00f6r\u00fcnt\u00fclerde \u00c7etinkaya\u2019n\u0131n arkada\u015f\u0131na yapt\u0131\u011f\u0131 s\u00fcrpriz yer al\u0131rken, d\u00fc\u011f\u00fcn\u00fcn hangi \u015fehir veya il\u00e7ede ger\u00e7ekle\u015ftirildi\u011fine ili\u015fkin do\u011frulanm\u0131\u015f bir bilgi bulunmuyor.<\/p>\n<p>Damad\u0131n kimli\u011fi ile \u00c7etinkaya ve arkada\u015f\u0131n\u0131n 20 y\u0131ll\u0131k dostlu\u011funun okul y\u0131llar\u0131na dayan\u0131p dayanmad\u0131\u011f\u0131 konusunda da do\u011frulanm\u0131\u015f bir a\u00e7\u0131klama bulunmad\u0131\u011f\u0131ndan bu ayr\u0131nt\u0131lar kesin bilgi olarak yer alm\u0131yor.<\/p>\n<p><strong>ET\u0130KETLER: #AlperenCihan\u00c7etinkaya #Avukat #D\u00fc\u011f\u00fcn #D\u00fc\u011f\u00fcnHediyesi #L\u00fcksOtomobil #Otomobil #Tak\u0131T\u00f6reni #20Y\u0131ll\u0131kDostluk #\u0130zmir<\/strong><\/p>\n<p>\u00a0<\/p>\n<p>Avukat Alperen Cihan \u00c7etinkaya, d\u00fcnyaevine giren 20 y\u0131ll\u0131k yak\u0131n arkada\u015f\u0131na d\u00fc\u011f\u00fcn\u00fcnde dikkat \u00e7eken bir hediye verdi. Tak\u0131 t\u00f6reninde mikrofonu eline alan \u00c7etinkaya, y\u0131llara dayanan dostluklar\u0131n\u0131 anlatt\u0131ktan sonra arkada\u015f\u0131na l\u00fcks bir otomobil hediye etti.\u00a0<a href=\"https:\/\/www.son.tv\/avukat-alperen-cihan-cetinkayadan-20-yillik-arkadasina-dugunde-luks-otomobil-surprizi\/\" target=\"_blank\" class=\"feedzy-rss-link-icon\">Read More<\/a><\/p>","protected":false},"excerpt":{"rendered":"<p>SON.TV\/HABER MERKEZ\u0130 D\u00fc\u011f\u00fcnlerde tak\u0131 t\u00f6renlerinde alt\u0131n ve para hediyelerine al\u0131\u015f\u0131l\u0131rken, Avukat Alperen Cihan \u00c7etinkaya\u2019n\u0131n 20 y\u0131ll\u0131k yak\u0131n arkada\u015f\u0131na yapt\u0131\u011f\u0131 s\u00fcrpriz dikkat \u00e7ekti. D\u00fcnyaevine giren arkada\u015f\u0131n\u0131n yan\u0131na gelen \u00c7etinkaya, davetlilerin \u00f6n\u00fcnde mikrofonu eline ald\u0131. Yakla\u015f\u0131k 20 y\u0131ld\u0131r devam eden dostluklar\u0131ndan s\u00f6z eden \u00c7etinkaya, ard\u0131ndan haz\u0131rlad\u0131\u011f\u0131 s\u00fcrpriz hediyeyi a\u00e7\u0131klad\u0131. AVUKAT \u00c7ET\u0130NKAYA M\u0130KROFONU EL\u0130NE ALDI Tak\u0131 t\u00f6reni s\u0131ras\u0131nda [&hellip;]<\/p>\n","protected":false},"author":1,"featured_media":42152,"comment_status":"open","ping_status":"open","sticky":false,"template":"","format":"standard","meta":{"footnotes":"","_links_to":"","_links_to_target":""},"categories":[1],"tags":[],"class_list":["post-42151","post","type-post","status-publish","format-standard","has-post-thumbnail","hentry","category-haberler"],"_links":{"self":[{"href":"https:\/\/www.abchukuk.com\/index.php\/wp-json\/wp\/v2\/posts\/42151","targetHints":{"allow":["GET"]}}],"collection":[{"href":"https:\/\/www.abchukuk.com\/index.php\/wp-json\/wp\/v2\/posts"}],"about":[{"href":"https:\/\/www.abchukuk.com\/index.php\/wp-json\/wp\/v2\/types\/post"}],"author":[{"embeddable":true,"href":"https:\/\/www.abchukuk.com\/index.php\/wp-json\/wp\/v2\/users\/1"}],"replies":[{"embeddable":true,"href":"https:\/\/www.abchukuk.com\/index.php\/wp-json\/wp\/v2\/comments?post=42151"}],"version-history":[{"count":0,"href":"https:\/\/www.abchukuk.com\/index.php\/wp-json\/wp\/v2\/posts\/42151\/revisions"}],"wp:featuredmedia":[{"embeddable":true,"href":"https:\/\/www.abchukuk.com\/index.php\/wp-json\/wp\/v2\/media\/42152"}],"wp:attachment":[{"href":"https:\/\/www.abchukuk.com\/index.php\/wp-json\/wp\/v2\/media?parent=42151"}],"wp:term":[{"taxonomy":"category","embeddable":true,"href":"https:\/\/www.abchukuk.com\/index.php\/wp-json\/wp\/v2\/categories?post=42151"},{"taxonomy":"post_tag","embeddable":true,"href":"https:\/\/www.abchukuk.com\/index.php\/wp-json\/wp\/v2\/tags?post=42151"}],"curies":[{"name":"wp","href":"https:\/\/api.w.org\/{rel}","templated":true}]}}