{"id":42149,"date":"2026-09-01T20:17:52","date_gmt":"2026-09-01T20:17:52","guid":{"rendered":"https:\/\/www.abchukuk.com\/index.php\/2026\/09\/01\/kirsehirde-yeni-adli-yil-basladi-bassavci-oguz-sukru-onerden-gecikmeyen-adalet-mesaji\/"},"modified":"2026-09-01T20:17:52","modified_gmt":"2026-09-01T20:17:52","slug":"kirsehirde-yeni-adli-yil-basladi-bassavci-oguz-sukru-onerden-gecikmeyen-adalet-mesaji","status":"publish","type":"post","link":"https:\/\/www.abchukuk.com\/index.php\/2026\/09\/01\/kirsehirde-yeni-adli-yil-basladi-bassavci-oguz-sukru-onerden-gecikmeyen-adalet-mesaji\/","title":{"rendered":"K\u0131r\u015fehir\u2019de yeni adli y\u0131l ba\u015flad\u0131: Ba\u015fsavc\u0131 O\u011fuz \u015e\u00fckr\u00fc \u00d6ner\u2019den \u201cgecikmeyen adalet\u201d mesaj\u0131"},"content":{"rendered":"<p><strong>SON.TV\/KIR\u015eEH\u0130R<\/strong><\/p>\n<p><strong>2026-2027 Adli Y\u0131l\u0131\u2019<\/strong>n\u0131n ba\u015flamas\u0131 dolay\u0131s\u0131yla <strong>K\u0131r\u015fehir Adliyesi\u2019<\/strong>nde t\u00f6ren d\u00fczenlendi. Kent protokol\u00fc ile yarg\u0131 camias\u0131n\u0131n bir araya geldi\u011fi programda, yeni adli y\u0131lda adalet hizmetlerinin tarafs\u0131z, ba\u011f\u0131ms\u0131z, etkin ve s\u00fcratli \u015fekilde y\u00fcr\u00fct\u00fclmesine ili\u015fkin mesajlar verildi.<\/p>\n<p><img fetchpriority=\"high\" decoding=\"async\" class=\"alignnone size-medium wp-image-197053\" src=\"https:\/\/www.son.tv\/wp-content\/uploads\/2026\/09\/b760aca4-506c-4770-9e5b-29acbd9387dc-300x200.jpeg\" alt=\"\" width=\"300\" height=\"200\" \/><\/p>\n<p><strong>KIR\u015eEH\u0130R PROTOKOL\u00dc ADL\u0130YEDE BULU\u015eTU<\/strong><\/p>\n<p><strong>Adli y\u0131l a\u00e7\u0131l\u0131\u015f t\u00f6renine K\u0131r\u015fehir Valisi Murat Sefa Demiry\u00fcrek, K\u0131r\u015fehir Cumhuriyet Ba\u015fsavc\u0131s\u0131 O\u011fuz \u015e\u00fckr\u00fc \u00d6ner, K\u0131r\u015fehir Adli Yarg\u0131 \u0130lk Derece Mahkemesi Adalet Komisyonu Ba\u015fkan\u0131 Mustafa Kemal G\u00f6kmen, K\u0131r\u015fehir Barosu Ba\u015fkan\u0131 Av. \u0130sa Da\u011f\u0131stan, K\u0131r\u015fehir \u0130l Emniyet M\u00fcd\u00fcr\u00fc Dr. Mesut G\u00f6r\u00fcc\u00fc, K\u0131r\u015fehir Milletvekili Metin \u0130lhan, K\u0131r\u015fehir Ahi Evran \u00dcniversitesi Rekt\u00f6r\u00fc Prof. Dr. Mustafa Kas\u0131m Karahocagil, siyasi parti temsilcileri, h\u00e2kimler, Cumhuriyet savc\u0131lar\u0131, avukatlar ve adalet te\u015fkilat\u0131 \u00e7al\u0131\u015fanlar\u0131 kat\u0131ld\u0131.<\/strong><\/p>\n<p><img decoding=\"async\" class=\"alignnone size-medium wp-image-197045\" src=\"https:\/\/www.son.tv\/wp-content\/uploads\/2026\/09\/3ca8065f-a992-42df-8981-b0bc06ff7bf0-300x200.jpeg\" alt=\"\" width=\"300\" height=\"200\" \/><\/p>\n<p><strong>T\u00d6REN \u00c7ELENK SUNUMUYLA BA\u015eLADI<\/strong><\/p>\n<p>2026-2027 Adli Y\u0131l\u0131 a\u00e7\u0131l\u0131\u015f program\u0131 \u00e7elenklerin sunulmas\u0131yla ba\u015flad\u0131. Ard\u0131ndan sayg\u0131 duru\u015funda bulunuldu ve \u0130stiklal Mar\u015f\u0131 okundu.<\/p>\n<p><strong>Programda K\u0131r\u015fehir Barosu Ba\u015fkan\u0131 \u0130sa Da\u011f\u0131stan, Adalet Komisyonu Ba\u015fkan\u0131 Mustafa Kemal G\u00f6kmen ile Cumhuriyet Ba\u015fsavc\u0131s\u0131 O\u011fuz \u015e\u00fckr\u00fc \u00d6ner konu\u015fma yapt\u0131.<\/strong><\/p>\n<p><img decoding=\"async\" class=\"alignnone size-medium wp-image-197046\" src=\"https:\/\/www.son.tv\/wp-content\/uploads\/2026\/09\/35771385-43d7-41a5-af5a-90053b3f3100-300x200.jpeg\" alt=\"\" width=\"300\" height=\"200\" \/><\/p>\n<p><strong>BA\u015eSAVCI \u00d6NER: \u201cADALET DEVLET\u0130N TEMEL\u0130D\u0130R\u201d<\/strong><\/p>\n<p><strong>K\u0131r\u015fehir Cumhuriyet Ba\u015fsavc\u0131s\u0131 O\u011fuz \u015e\u00fckr\u00fc \u00d6ner<\/strong>, yeni adli y\u0131l dolay\u0131s\u0131yla yapt\u0131\u011f\u0131 konu\u015fmada adaletin devlet ve toplum a\u00e7\u0131s\u0131ndan ta\u015f\u0131d\u0131\u011f\u0131 \u00f6neme vurgu yapt\u0131.<\/p>\n<p><strong>Ba\u015fsavc\u0131 \u00d6ner, \u201cAdalet devletin temeli, toplum vicdan\u0131n\u0131n da teminat\u0131d\u0131r\u201d<\/strong> ifadelerini kulland\u0131.<\/p>\n<p>Yeni adli y\u0131lda toplum vicdan\u0131n\u0131n tatmin edilmesi i\u00e7in yarg\u0131 te\u015fkilat\u0131n\u0131n \u00e7al\u0131\u015fmalar\u0131n\u0131 s\u00fcrd\u00fcrece\u011fini belirten \u00d6ner, adaletin tarafs\u0131z, ba\u011f\u0131ms\u0131z, etkin ve s\u00fcratli \u015fekilde tesis edilmesi gerekti\u011fini ifade etti.<\/p>\n<p><img loading=\"lazy\" decoding=\"async\" loading=\"lazy\" class=\"alignnone size-medium wp-image-197047\" src=\"https:\/\/www.son.tv\/wp-content\/uploads\/2026\/09\/23ac034c-3bc4-4115-abdd-04f29f632551-300x200.jpeg\" alt=\"\" width=\"300\" height=\"200\" \/><\/p>\n<p>\u201c<strong>DAHA HIZLI VE DAHA ETK\u0130N OLACA\u011eIZ\u201d<\/strong><\/p>\n<p><strong>Ba\u015fsavc\u0131 \u00d6ner, 2026-2027 Adli Y\u0131l\u0131\u2019<\/strong>nda yarg\u0131 hizmetlerinin h\u0131zland\u0131r\u0131lmas\u0131na y\u00f6nelik \u00e7al\u0131\u015fmalar\u0131n da devam edece\u011fini belirtti.<\/p>\n<p>Yeni adli y\u0131lda \u00f6nceki y\u0131llara g\u00f6re baz\u0131 alanlarda daha h\u0131zl\u0131 ve etkin olacaklar\u0131n\u0131 ifade eden \u00d6ner, yarg\u0131 hizmetlerinde s\u00fcrelerin k\u0131salt\u0131lmas\u0131n\u0131n \u00f6ncelikli konular aras\u0131nda bulundu\u011funu s\u00f6yledi.<\/p>\n<p><img loading=\"lazy\" decoding=\"async\" loading=\"lazy\" class=\"alignnone size-medium wp-image-197048\" src=\"https:\/\/www.son.tv\/wp-content\/uploads\/2026\/09\/b3b3b7ad-b743-4b5e-a388-9b56211a44a3-300x200.jpeg\" alt=\"\" width=\"300\" height=\"200\" \/><\/p>\n<p><strong>\u201cYARGIDA HEDEF S\u00dcRE TEMEL HEDEF\u0130M\u0130Z\u201d<\/strong><\/p>\n<p><strong>Ba\u015fsavc\u0131 \u00d6ner<\/strong>\u2019in konu\u015fmas\u0131nda en dikkat \u00e7eken ba\u015fl\u0131klardan biri \u201c<strong>yarg\u0131da hedef s\u00fcre\u201d<\/strong> uygulamas\u0131 oldu.<\/p>\n<p><strong>\u00d6ner, \u201cGeciken adaletin adalet olmad\u0131\u011f\u0131\u201d<\/strong> anlay\u0131\u015f\u0131na vurgu yaparak, yarg\u0131da hedef s\u00fcre uygulamas\u0131n\u0131n temel hedeflerinden biri oldu\u011funu belirtti.<\/p>\n<p><strong>Ba\u015fsavc\u0131 \u00d6ner<\/strong>, yarg\u0131 hizmetlerinin gecikmeksizin yerine getirilmesi i\u00e7in gayret g\u00f6stereceklerini ifade etti.<\/p>\n<p><img loading=\"lazy\" decoding=\"async\" loading=\"lazy\" class=\"alignnone size-medium wp-image-197049\" src=\"https:\/\/www.son.tv\/wp-content\/uploads\/2026\/09\/696bb2d8-0824-449f-9577-ae1265a01373-300x200.jpeg\" alt=\"\" width=\"300\" height=\"200\" \/><\/p>\n<p><strong>KOM\u0130SYON BA\u015eKANI MUSTAFA KEMAL G\u00d6KMEN DE KONU\u015eTU<\/strong><\/p>\n<p><strong>K\u0131r\u015fehir Adli Yarg\u0131 \u0130lk Derece Mahkemesi Adalet Komisyonu Ba\u015fkan\u0131 Mustafa Kemal G\u00f6kmen<\/strong> de 2026-2027 Adli Y\u0131l\u0131 a\u00e7\u0131l\u0131\u015f program\u0131nda konu\u015fma yapan isimler aras\u0131nda yer ald\u0131.<\/p>\n<p>T\u00f6rende yeni adli y\u0131l\u0131n yarg\u0131 mensuplar\u0131, avukatlar, adalet te\u015fkilat\u0131 \u00e7al\u0131\u015fanlar\u0131 ve vatanda\u015flar a\u00e7\u0131s\u0131ndan hay\u0131rl\u0131 olmas\u0131 temennisinde bulunuldu.<\/p>\n<p><img loading=\"lazy\" decoding=\"async\" loading=\"lazy\" class=\"alignnone size-medium wp-image-197050\" src=\"https:\/\/www.son.tv\/wp-content\/uploads\/2026\/09\/93cb83f7-b2c1-48a9-9aba-ab022f17d250-300x200.jpeg\" alt=\"\" width=\"300\" height=\"200\" \/><\/p>\n<p><strong>VAL\u0130 DEM\u0130RY\u00dcREK T\u00d6RENE KATILDI<\/strong><\/p>\n<p><strong>K\u0131r\u015fehir Valisi Murat Sefa Demiry\u00fcrek<\/strong> de yeni adli y\u0131l a\u00e7\u0131l\u0131\u015f\u0131nda yarg\u0131 mensuplar\u0131yla bir araya geldi.<\/p>\n<p><strong>Demiry\u00fcrek<\/strong>, t\u00f6rene kat\u0131larak h\u00e2kim, Cumhuriyet savc\u0131s\u0131, avukat ve adalet te\u015fkilat\u0131 \u00e7al\u0131\u015fanlar\u0131n\u0131n yeni adli y\u0131l\u0131n\u0131 kutlad\u0131.<\/p>\n<p><strong>ADALET\u0130N HIZLI VE ETK\u0130N TES\u0130S\u0130 VURGUSU<\/strong><\/p>\n<p>T\u00f6rendeki konu\u015fmalarda adaletin toplumsal bar\u0131\u015f ve huzurun teminat\u0131 oldu\u011fu belirtilirken, h\u00e2kimlerin, Cumhuriyet savc\u0131lar\u0131n\u0131n, avukatlar\u0131n ve adalet te\u015fkilat\u0131 \u00e7al\u0131\u015fanlar\u0131n\u0131n y\u00fcr\u00fctt\u00fc\u011f\u00fc hizmetlerin \u00f6nemine dikkat \u00e7ekildi.<\/p>\n<p><strong>2026-2027 Adli Y\u0131l\u0131\u2019<\/strong>nda \u00f6zellikle yarg\u0131 hizmetlerinin daha h\u0131zl\u0131 ve etkin y\u00fcr\u00fct\u00fclmesi, yarg\u0131da hedef s\u00fcre uygulamas\u0131 ve vatanda\u015flar\u0131n adalete gecikmeksizin eri\u015fmesi \u00f6ne \u00e7\u0131kan ba\u015fl\u0131klar oldu.<\/p>\n<p><strong>PROGRAM KOKTEYLLE DEVAM ETT\u0130<\/strong><\/p>\n<p>Adli y\u0131l a\u00e7\u0131l\u0131\u015f t\u00f6reninin ard\u0131ndan program <strong>K\u0131r\u015fehir<\/strong> <strong>Adliyesi\u2019<\/strong>nde d\u00fczenlenen a\u00e7\u0131l\u0131\u015f kokteyliyle devam etti.<\/p>\n<p>B\u00f6ylece <strong>K\u0131r\u015fehir<\/strong>\u2019de 2026-2027 Adli Y\u0131l\u0131 d\u00fczenlenen programla ba\u015flam\u0131\u015f oldu.<\/p>\n<p><img loading=\"lazy\" decoding=\"async\" loading=\"lazy\" class=\"alignnone size-medium wp-image-197054\" src=\"https:\/\/www.son.tv\/wp-content\/uploads\/2026\/09\/906300b6-1aa9-4db2-a2fb-26676c1f5398-1-300x200.jpeg\" alt=\"\" width=\"300\" height=\"200\" \/><\/p>\n<p><strong>ET\u0130KETLER: #K\u0131r\u015fehir #O\u011fuz\u015e\u00fckr\u00fc\u00d6ner #MuratSefaDemiry\u00fcrek #MustafaKemalG\u00f6kmen #K\u0131r\u015fehirAdliyesi #YeniAdliY\u0131l #AdliY\u0131l #Yarg\u0131daHedefS\u00fcre #Adalet #Yarg\u0131<\/strong><\/p>\n<p>\u00a0<\/p>\n<p>K\u0131r\u015fehir\u2019de 2026-2027 Adli Y\u0131l\u0131 d\u00fczenlenen t\u00f6renle ba\u015flad\u0131. K\u0131r\u015fehir Cumhuriyet Ba\u015fsavc\u0131s\u0131 O\u011fuz \u015e\u00fckr\u00fc \u00d6ner, yeni d\u00f6nemde yarg\u0131 hizmetlerinin daha h\u0131zl\u0131 ve etkin y\u00fcr\u00fct\u00fclmesine dikkat \u00e7ekerek, \u201cYarg\u0131da hedef s\u00fcre\u201d uygulamas\u0131n\u0131n temel hedeflerden biri oldu\u011funu s\u00f6yledi. T\u00f6rene K\u0131r\u015fehir Valisi Murat Sefa Demiry\u00fcrek ve Adalet Komisyonu Ba\u015fkan\u0131 Mustafa Kemal G\u00f6kmen de kat\u0131ld\u0131.\u00a0<a href=\"https:\/\/www.son.tv\/kirsehirde-yeni-adli-yil-basladi-bassavci-oguz-sukru-onerden-gecikmeyen-adalet-mesaji\/\" target=\"_blank\" class=\"feedzy-rss-link-icon\">Read More<\/a><\/p>","protected":false},"excerpt":{"rendered":"<p>SON.TV\/KIR\u015eEH\u0130R 2026-2027 Adli Y\u0131l\u0131\u2019n\u0131n ba\u015flamas\u0131 dolay\u0131s\u0131yla K\u0131r\u015fehir Adliyesi\u2019nde t\u00f6ren d\u00fczenlendi. Kent protokol\u00fc ile yarg\u0131 camias\u0131n\u0131n bir araya geldi\u011fi programda, yeni adli y\u0131lda adalet hizmetlerinin tarafs\u0131z, ba\u011f\u0131ms\u0131z, etkin ve s\u00fcratli \u015fekilde y\u00fcr\u00fct\u00fclmesine ili\u015fkin mesajlar verildi. KIR\u015eEH\u0130R PROTOKOL\u00dc ADL\u0130YEDE BULU\u015eTU Adli y\u0131l a\u00e7\u0131l\u0131\u015f t\u00f6renine K\u0131r\u015fehir Valisi Murat Sefa Demiry\u00fcrek, K\u0131r\u015fehir Cumhuriyet Ba\u015fsavc\u0131s\u0131 O\u011fuz \u015e\u00fckr\u00fc \u00d6ner, K\u0131r\u015fehir Adli [&hellip;]<\/p>\n","protected":false},"author":1,"featured_media":42150,"comment_status":"open","ping_status":"open","sticky":false,"template":"","format":"standard","meta":{"footnotes":"","_links_to":"","_links_to_target":""},"categories":[1],"tags":[],"class_list":["post-42149","post","type-post","status-publish","format-standard","has-post-thumbnail","hentry","category-haberler"],"_links":{"self":[{"href":"https:\/\/www.abchukuk.com\/index.php\/wp-json\/wp\/v2\/posts\/42149","targetHints":{"allow":["GET"]}}],"collection":[{"href":"https:\/\/www.abchukuk.com\/index.php\/wp-json\/wp\/v2\/posts"}],"about":[{"href":"https:\/\/www.abchukuk.com\/index.php\/wp-json\/wp\/v2\/types\/post"}],"author":[{"embeddable":true,"href":"https:\/\/www.abchukuk.com\/index.php\/wp-json\/wp\/v2\/users\/1"}],"replies":[{"embeddable":true,"href":"https:\/\/www.abchukuk.com\/index.php\/wp-json\/wp\/v2\/comments?post=42149"}],"version-history":[{"count":0,"href":"https:\/\/www.abchukuk.com\/index.php\/wp-json\/wp\/v2\/posts\/42149\/revisions"}],"wp:featuredmedia":[{"embeddable":true,"href":"https:\/\/www.abchukuk.com\/index.php\/wp-json\/wp\/v2\/media\/42150"}],"wp:attachment":[{"href":"https:\/\/www.abchukuk.com\/index.php\/wp-json\/wp\/v2\/media?parent=42149"}],"wp:term":[{"taxonomy":"category","embeddable":true,"href":"https:\/\/www.abchukuk.com\/index.php\/wp-json\/wp\/v2\/categories?post=42149"},{"taxonomy":"post_tag","embeddable":true,"href":"https:\/\/www.abchukuk.com\/index.php\/wp-json\/wp\/v2\/tags?post=42149"}],"curies":[{"name":"wp","href":"https:\/\/api.w.org\/{rel}","templated":true}]}}