{"id":42147,"date":"2026-09-01T20:33:00","date_gmt":"2026-09-01T20:33:00","guid":{"rendered":"https:\/\/www.abchukuk.com\/index.php\/2026\/09\/01\/uygulama-noktalarini-sanal-medyada-paylasan-36-kisi-gozaltina-alindi\/"},"modified":"2026-09-01T20:33:00","modified_gmt":"2026-09-01T20:33:00","slug":"uygulama-noktalarini-sanal-medyada-paylasan-36-kisi-gozaltina-alindi","status":"publish","type":"post","link":"https:\/\/www.abchukuk.com\/index.php\/2026\/09\/01\/uygulama-noktalarini-sanal-medyada-paylasan-36-kisi-gozaltina-alindi\/","title":{"rendered":"Uygulama noktalar\u0131n\u0131 sanal medyada payla\u015fan 36 ki\u015fi g\u00f6zalt\u0131na al\u0131nd\u0131"},"content":{"rendered":"<p>Ankara\u2019n\u0131n \u00c7ubuk il\u00e7esinde, polis ve jandarman\u0131n uygulama noktalar\u0131 hakk\u0131nda sanal medyada bilgi payla\u015farak aranan ki\u015filerin ve denetimden ka\u00e7mak isteyen s\u00fcr\u00fcc\u00fclerin ka\u00e7mas\u0131na yard\u0131mc\u0131 olduklar\u0131 de\u011ferlendirilen 36 \u015f\u00fcpheli g\u00f6zalt\u0131na al\u0131nd\u0131.Ankara\u2019n\u0131n \u00c7ubuk il\u00e7esinde, polis ve jandarman\u0131n uygulama noktalar\u0131 hakk\u0131nda sanal medyada bilgi payla\u015farak aranan ki\u015filerin ve denetimden ka\u00e7mak isteyen s\u00fcr\u00fcc\u00fclerin ka\u00e7mas\u0131na yard\u0131mc\u0131 olduklar\u0131 de\u011ferlendirilen 36 \u015f\u00fcpheli g\u00f6zalt\u0131na al\u0131nd\u0131.\u00a0<a href=\"https:\/\/www.cumhuriyet.com.tr\/turkiye\/uygulama-noktalarini-sanal-medyada-paylasan-36-kisi-gozaltina-alindi-2534185\" target=\"_blank\" class=\"feedzy-rss-link-icon\">Read More<\/a><\/p>","protected":false},"excerpt":{"rendered":"<p>Ankara\u2019n\u0131n \u00c7ubuk il\u00e7esinde, polis ve jandarman\u0131n uygulama noktalar\u0131 hakk\u0131nda sanal medyada bilgi payla\u015farak aranan ki\u015filerin ve denetimden ka\u00e7mak isteyen s\u00fcr\u00fcc\u00fclerin ka\u00e7mas\u0131na yard\u0131mc\u0131 olduklar\u0131 de\u011ferlendirilen 36 \u015f\u00fcpheli g\u00f6zalt\u0131na al\u0131nd\u0131.Ankara\u2019n\u0131n \u00c7ubuk il\u00e7esinde, polis ve jandarman\u0131n uygulama noktalar\u0131 hakk\u0131nda sanal medyada bilgi payla\u015farak aranan ki\u015filerin ve denetimden ka\u00e7mak isteyen s\u00fcr\u00fcc\u00fclerin ka\u00e7mas\u0131na yard\u0131mc\u0131 olduklar\u0131 de\u011ferlendirilen 36 \u015f\u00fcpheli g\u00f6zalt\u0131na al\u0131nd\u0131.\u00a0Read [&hellip;]<\/p>\n","protected":false},"author":1,"featured_media":42148,"comment_status":"open","ping_status":"open","sticky":false,"template":"","format":"standard","meta":{"footnotes":"","_links_to":"","_links_to_target":""},"categories":[1],"tags":[],"class_list":["post-42147","post","type-post","status-publish","format-standard","has-post-thumbnail","hentry","category-haberler"],"_links":{"self":[{"href":"https:\/\/www.abchukuk.com\/index.php\/wp-json\/wp\/v2\/posts\/42147","targetHints":{"allow":["GET"]}}],"collection":[{"href":"https:\/\/www.abchukuk.com\/index.php\/wp-json\/wp\/v2\/posts"}],"about":[{"href":"https:\/\/www.abchukuk.com\/index.php\/wp-json\/wp\/v2\/types\/post"}],"author":[{"embeddable":true,"href":"https:\/\/www.abchukuk.com\/index.php\/wp-json\/wp\/v2\/users\/1"}],"replies":[{"embeddable":true,"href":"https:\/\/www.abchukuk.com\/index.php\/wp-json\/wp\/v2\/comments?post=42147"}],"version-history":[{"count":0,"href":"https:\/\/www.abchukuk.com\/index.php\/wp-json\/wp\/v2\/posts\/42147\/revisions"}],"wp:featuredmedia":[{"embeddable":true,"href":"https:\/\/www.abchukuk.com\/index.php\/wp-json\/wp\/v2\/media\/42148"}],"wp:attachment":[{"href":"https:\/\/www.abchukuk.com\/index.php\/wp-json\/wp\/v2\/media?parent=42147"}],"wp:term":[{"taxonomy":"category","embeddable":true,"href":"https:\/\/www.abchukuk.com\/index.php\/wp-json\/wp\/v2\/categories?post=42147"},{"taxonomy":"post_tag","embeddable":true,"href":"https:\/\/www.abchukuk.com\/index.php\/wp-json\/wp\/v2\/tags?post=42147"}],"curies":[{"name":"wp","href":"https:\/\/api.w.org\/{rel}","templated":true}]}}