{"id":42145,"date":"2026-09-01T20:48:00","date_gmt":"2026-09-01T20:48:00","guid":{"rendered":"https:\/\/www.abchukuk.com\/index.php\/2026\/09\/01\/kemal-ozturk-hakkinda-yapilan-paylasima-sorusturma-1-kisi-gozaltinda\/"},"modified":"2026-09-01T20:48:00","modified_gmt":"2026-09-01T20:48:00","slug":"kemal-ozturk-hakkinda-yapilan-paylasima-sorusturma-1-kisi-gozaltinda","status":"publish","type":"post","link":"https:\/\/www.abchukuk.com\/index.php\/2026\/09\/01\/kemal-ozturk-hakkinda-yapilan-paylasima-sorusturma-1-kisi-gozaltinda\/","title":{"rendered":"Kemal \u00d6zt\u00fcrk hakk\u0131nda yap\u0131lan payla\u015f\u0131ma soru\u015fturma: 1 ki\u015fi g\u00f6zalt\u0131nda"},"content":{"rendered":"<p>NTV yorumcusu Kemal \u00d6zt\u00fcrk hakk\u0131nda, Suriye\u2019deki Arap Alevilerini kastederek sarf etti\u011fi s\u00f6zler nedeniyle Samanda\u011f Cumhuriyet Ba\u015fsavc\u0131l\u0131\u011f\u0131\u2019nca soru\u015fturma y\u00fcr\u00fct\u00fcl\u00fcrken, \u00d6zt\u00fcrk\u2019\u00fcn s\u00f6zlerine tepki g\u00f6steren ve sosyal medya hesab\u0131ndan tehdit ve hedef g\u00f6sterme i\u00e7erdi\u011fi \u00f6ne s\u00fcr\u00fclen payla\u015f\u0131mlar yapan bir ki\u015fi Antalya\u2019da g\u00f6zalt\u0131na al\u0131nd\u0131.NTV yorumcusu Kemal \u00d6zt\u00fcrk hakk\u0131nda, Suriye\u2019deki Arap Alevilerini kastederek sarf etti\u011fi s\u00f6zler nedeniyle Samanda\u011f Cumhuriyet Ba\u015fsavc\u0131l\u0131\u011f\u0131\u2019nca soru\u015fturma y\u00fcr\u00fct\u00fcl\u00fcrken, \u00d6zt\u00fcrk\u2019\u00fcn s\u00f6zlerine tepki g\u00f6steren ve sosyal medya hesab\u0131ndan tehdit ve hedef g\u00f6sterme i\u00e7erdi\u011fi \u00f6ne s\u00fcr\u00fclen payla\u015f\u0131mlar yapan bir ki\u015fi Antalya\u2019da g\u00f6zalt\u0131na al\u0131nd\u0131.\u00a0<a href=\"https:\/\/www.cumhuriyet.com.tr\/turkiye\/kemal-ozturk-hakkinda-yapilan-paylasima-sorusturma-1-kisi-gozaltinda-2534193\" target=\"_blank\" class=\"feedzy-rss-link-icon\">Read More<\/a><\/p>","protected":false},"excerpt":{"rendered":"<p>NTV yorumcusu Kemal \u00d6zt\u00fcrk hakk\u0131nda, Suriye\u2019deki Arap Alevilerini kastederek sarf etti\u011fi s\u00f6zler nedeniyle Samanda\u011f Cumhuriyet Ba\u015fsavc\u0131l\u0131\u011f\u0131\u2019nca soru\u015fturma y\u00fcr\u00fct\u00fcl\u00fcrken, \u00d6zt\u00fcrk\u2019\u00fcn s\u00f6zlerine tepki g\u00f6steren ve sosyal medya hesab\u0131ndan tehdit ve hedef g\u00f6sterme i\u00e7erdi\u011fi \u00f6ne s\u00fcr\u00fclen payla\u015f\u0131mlar yapan bir ki\u015fi Antalya\u2019da g\u00f6zalt\u0131na al\u0131nd\u0131.NTV yorumcusu Kemal \u00d6zt\u00fcrk hakk\u0131nda, Suriye\u2019deki Arap Alevilerini kastederek sarf etti\u011fi s\u00f6zler nedeniyle Samanda\u011f Cumhuriyet Ba\u015fsavc\u0131l\u0131\u011f\u0131\u2019nca [&hellip;]<\/p>\n","protected":false},"author":1,"featured_media":42146,"comment_status":"open","ping_status":"open","sticky":false,"template":"","format":"standard","meta":{"footnotes":"","_links_to":"","_links_to_target":""},"categories":[1],"tags":[],"class_list":["post-42145","post","type-post","status-publish","format-standard","has-post-thumbnail","hentry","category-haberler"],"_links":{"self":[{"href":"https:\/\/www.abchukuk.com\/index.php\/wp-json\/wp\/v2\/posts\/42145","targetHints":{"allow":["GET"]}}],"collection":[{"href":"https:\/\/www.abchukuk.com\/index.php\/wp-json\/wp\/v2\/posts"}],"about":[{"href":"https:\/\/www.abchukuk.com\/index.php\/wp-json\/wp\/v2\/types\/post"}],"author":[{"embeddable":true,"href":"https:\/\/www.abchukuk.com\/index.php\/wp-json\/wp\/v2\/users\/1"}],"replies":[{"embeddable":true,"href":"https:\/\/www.abchukuk.com\/index.php\/wp-json\/wp\/v2\/comments?post=42145"}],"version-history":[{"count":0,"href":"https:\/\/www.abchukuk.com\/index.php\/wp-json\/wp\/v2\/posts\/42145\/revisions"}],"wp:featuredmedia":[{"embeddable":true,"href":"https:\/\/www.abchukuk.com\/index.php\/wp-json\/wp\/v2\/media\/42146"}],"wp:attachment":[{"href":"https:\/\/www.abchukuk.com\/index.php\/wp-json\/wp\/v2\/media?parent=42145"}],"wp:term":[{"taxonomy":"category","embeddable":true,"href":"https:\/\/www.abchukuk.com\/index.php\/wp-json\/wp\/v2\/categories?post=42145"},{"taxonomy":"post_tag","embeddable":true,"href":"https:\/\/www.abchukuk.com\/index.php\/wp-json\/wp\/v2\/tags?post=42145"}],"curies":[{"name":"wp","href":"https:\/\/api.w.org\/{rel}","templated":true}]}}