{"id":42143,"date":"2026-09-01T18:09:20","date_gmt":"2026-09-01T18:09:20","guid":{"rendered":"https:\/\/www.abchukuk.com\/index.php\/2026\/09\/01\/hsk-genel-sekreter-yardimcisi-ferhat-erol-icin-devir-teslim-toreni-duzenlendi\/"},"modified":"2026-09-01T18:09:20","modified_gmt":"2026-09-01T18:09:20","slug":"hsk-genel-sekreter-yardimcisi-ferhat-erol-icin-devir-teslim-toreni-duzenlendi","status":"publish","type":"post","link":"https:\/\/www.abchukuk.com\/index.php\/2026\/09\/01\/hsk-genel-sekreter-yardimcisi-ferhat-erol-icin-devir-teslim-toreni-duzenlendi\/","title":{"rendered":"HSK Genel Sekreter Yard\u0131mc\u0131s\u0131 Ferhat Erol i\u00e7in devir teslim t\u00f6reni d\u00fczenlendi"},"content":{"rendered":"<p class=\"p1\"><span class=\"s2\">HSK Genel Sekreter Yard\u0131mc\u0131l\u0131\u011f\u0131 g\u00f6revine getirilen <\/span><span class=\"s1\">Ferhat Erol<\/span><span class=\"s2\"> i\u00e7in HSK\u2019da t\u00f6ren d\u00fczenlendi. <\/span><span class=\"s2\">T\u00f6rene HSK Genel Sekreteri <\/span><span class=\"s1\">Ahmet U\u011fuz<\/span><span class=\"s2\">, Genel Sekreter Yard\u0131mc\u0131lar\u0131 <\/span><span class=\"s1\">Levent Gedikba\u015f<\/span><span class=\"s2\">, <\/span><span class=\"s1\">Ferhat Erol<\/span><span class=\"s2\">ve <\/span><span class=\"s1\">Emre \u00c7elik<\/span><span class=\"s2\"> kat\u0131ld\u0131.<\/span><\/p>\n<p><img fetchpriority=\"high\" decoding=\"async\" class=\"alignnone size-medium wp-image-196996\" src=\"https:\/\/www.son.tv\/wp-content\/uploads\/2026\/09\/IMG_1699-300x200.jpeg\" alt=\"\" width=\"300\" height=\"200\" \/><\/p>\n<p class=\"p1\"><span class=\"s1\">EROL YEN\u0130 G\u00d6REV\u0130NE BA\u015eLADI<br \/>\n<\/span>G\u00f6rev de\u011fi\u015fikli\u011fi kapsam\u0131nda HSK Genel Sekreter Yard\u0131mc\u0131l\u0131\u011f\u0131 g\u00f6revine getirilen Ferhat Erol, d\u00fczenlenen t\u00f6renin ard\u0131ndan yeni g\u00f6revine ba\u015flad\u0131.<\/p>\n<p class=\"p1\"><span class=\"s2\">\u00c7\u0130\u00c7EK TAKD\u0130M ED\u0130LD\u0130<br \/>\n<\/span>T\u00f6rende kurum y\u00f6neticileri Erol\u2019a yeni g\u00f6revinde ba\u015far\u0131 dileklerini iletirken, HSK Genel Sekreter Yard\u0131mc\u0131s\u0131 Levent Gedikba\u015f taraf\u0131ndan kendisine \u00e7i\u00e7ek takdim edildi.<\/p>\n<p>H\u00e2kimler ve Savc\u0131lar Kurulu\u2019nda (HSK) Genel Sekreter Yard\u0131mc\u0131l\u0131\u011f\u0131 g\u00f6revine getirilen Ferhat Erol i\u00e7in devir teslim t\u00f6reni d\u00fczenlendi.\u00a0<a href=\"https:\/\/www.son.tv\/hsk-genel-sekreter-yardimcisi-ferhat-erol-icin-devir-teslim-toreni-duzenlendi\/\" target=\"_blank\" class=\"feedzy-rss-link-icon\">Read More<\/a><\/p>","protected":false},"excerpt":{"rendered":"<p>HSK Genel Sekreter Yard\u0131mc\u0131l\u0131\u011f\u0131 g\u00f6revine getirilen Ferhat Erol i\u00e7in HSK\u2019da t\u00f6ren d\u00fczenlendi. T\u00f6rene HSK Genel Sekreteri Ahmet U\u011fuz, Genel Sekreter Yard\u0131mc\u0131lar\u0131 Levent Gedikba\u015f, Ferhat Erolve Emre \u00c7elik kat\u0131ld\u0131. EROL YEN\u0130 G\u00d6REV\u0130NE BA\u015eLADI G\u00f6rev de\u011fi\u015fikli\u011fi kapsam\u0131nda HSK Genel Sekreter Yard\u0131mc\u0131l\u0131\u011f\u0131 g\u00f6revine getirilen Ferhat Erol, d\u00fczenlenen t\u00f6renin ard\u0131ndan yeni g\u00f6revine ba\u015flad\u0131. \u00c7\u0130\u00c7EK TAKD\u0130M ED\u0130LD\u0130 T\u00f6rende kurum y\u00f6neticileri [&hellip;]<\/p>\n","protected":false},"author":1,"featured_media":42144,"comment_status":"open","ping_status":"open","sticky":false,"template":"","format":"standard","meta":{"footnotes":"","_links_to":"","_links_to_target":""},"categories":[1],"tags":[],"class_list":["post-42143","post","type-post","status-publish","format-standard","has-post-thumbnail","hentry","category-haberler"],"_links":{"self":[{"href":"https:\/\/www.abchukuk.com\/index.php\/wp-json\/wp\/v2\/posts\/42143","targetHints":{"allow":["GET"]}}],"collection":[{"href":"https:\/\/www.abchukuk.com\/index.php\/wp-json\/wp\/v2\/posts"}],"about":[{"href":"https:\/\/www.abchukuk.com\/index.php\/wp-json\/wp\/v2\/types\/post"}],"author":[{"embeddable":true,"href":"https:\/\/www.abchukuk.com\/index.php\/wp-json\/wp\/v2\/users\/1"}],"replies":[{"embeddable":true,"href":"https:\/\/www.abchukuk.com\/index.php\/wp-json\/wp\/v2\/comments?post=42143"}],"version-history":[{"count":0,"href":"https:\/\/www.abchukuk.com\/index.php\/wp-json\/wp\/v2\/posts\/42143\/revisions"}],"wp:featuredmedia":[{"embeddable":true,"href":"https:\/\/www.abchukuk.com\/index.php\/wp-json\/wp\/v2\/media\/42144"}],"wp:attachment":[{"href":"https:\/\/www.abchukuk.com\/index.php\/wp-json\/wp\/v2\/media?parent=42143"}],"wp:term":[{"taxonomy":"category","embeddable":true,"href":"https:\/\/www.abchukuk.com\/index.php\/wp-json\/wp\/v2\/categories?post=42143"},{"taxonomy":"post_tag","embeddable":true,"href":"https:\/\/www.abchukuk.com\/index.php\/wp-json\/wp\/v2\/tags?post=42143"}],"curies":[{"name":"wp","href":"https:\/\/api.w.org\/{rel}","templated":true}]}}