{"id":42141,"date":"2026-09-01T18:16:00","date_gmt":"2026-09-01T18:16:00","guid":{"rendered":"https:\/\/www.abchukuk.com\/index.php\/2026\/09\/01\/eski-bakan-sahin-adli-kontrol-tedbiri-ile-serbest-birakildi\/"},"modified":"2026-09-01T18:16:00","modified_gmt":"2026-09-01T18:16:00","slug":"eski-bakan-sahin-adli-kontrol-tedbiri-ile-serbest-birakildi","status":"publish","type":"post","link":"https:\/\/www.abchukuk.com\/index.php\/2026\/09\/01\/eski-bakan-sahin-adli-kontrol-tedbiri-ile-serbest-birakildi\/","title":{"rendered":"Eski Bakan \u015eahin, adli kontrol tedbiri ile serbest b\u0131rak\u0131ld\u0131"},"content":{"rendered":"<p>Alihan Kuri\u015f Su\u00e7 \u00d6rg\u00fct\u00fc soru\u015fturmas\u0131 kapsam\u0131nda adli kontrol talebiyle hakimli\u011fe sevk edilen eski \u0130\u00e7i\u015fleri Bakan\u0131 \u0130dris Naim \u015eahin, yurt d\u0131\u015f\u0131 \u00e7\u0131k\u0131\u015f yasa\u011f\u0131 uygulanarak serbest b\u0131rak\u0131ld\u0131.Alihan Kuri\u015f Su\u00e7 \u00d6rg\u00fct\u00fc soru\u015fturmas\u0131 kapsam\u0131nda adli kontrol talebiyle hakimli\u011fe sevk edilen eski \u0130\u00e7i\u015fleri Bakan\u0131 \u0130dris Naim \u015eahin, yurt d\u0131\u015f\u0131 \u00e7\u0131k\u0131\u015f yasa\u011f\u0131 uygulanarak serbest b\u0131rak\u0131ld\u0131.\u00a0<a href=\"https:\/\/www.dunya.com\/gundem\/eski-bakan-sahin-adli-kontrol-tedbiri-ile-serbest-birakildi-haberi-838412\" target=\"_blank\" class=\"feedzy-rss-link-icon\">Read More<\/a><\/p>","protected":false},"excerpt":{"rendered":"<p>Alihan Kuri\u015f Su\u00e7 \u00d6rg\u00fct\u00fc soru\u015fturmas\u0131 kapsam\u0131nda adli kontrol talebiyle hakimli\u011fe sevk edilen eski \u0130\u00e7i\u015fleri Bakan\u0131 \u0130dris Naim \u015eahin, yurt d\u0131\u015f\u0131 \u00e7\u0131k\u0131\u015f yasa\u011f\u0131 uygulanarak serbest b\u0131rak\u0131ld\u0131.Alihan Kuri\u015f Su\u00e7 \u00d6rg\u00fct\u00fc soru\u015fturmas\u0131 kapsam\u0131nda adli kontrol talebiyle hakimli\u011fe sevk edilen eski \u0130\u00e7i\u015fleri Bakan\u0131 \u0130dris Naim \u015eahin, yurt d\u0131\u015f\u0131 \u00e7\u0131k\u0131\u015f yasa\u011f\u0131 uygulanarak serbest b\u0131rak\u0131ld\u0131.\u00a0Read More<\/p>\n","protected":false},"author":1,"featured_media":42142,"comment_status":"open","ping_status":"open","sticky":false,"template":"","format":"standard","meta":{"footnotes":"","_links_to":"","_links_to_target":""},"categories":[1],"tags":[],"class_list":["post-42141","post","type-post","status-publish","format-standard","has-post-thumbnail","hentry","category-haberler"],"_links":{"self":[{"href":"https:\/\/www.abchukuk.com\/index.php\/wp-json\/wp\/v2\/posts\/42141","targetHints":{"allow":["GET"]}}],"collection":[{"href":"https:\/\/www.abchukuk.com\/index.php\/wp-json\/wp\/v2\/posts"}],"about":[{"href":"https:\/\/www.abchukuk.com\/index.php\/wp-json\/wp\/v2\/types\/post"}],"author":[{"embeddable":true,"href":"https:\/\/www.abchukuk.com\/index.php\/wp-json\/wp\/v2\/users\/1"}],"replies":[{"embeddable":true,"href":"https:\/\/www.abchukuk.com\/index.php\/wp-json\/wp\/v2\/comments?post=42141"}],"version-history":[{"count":0,"href":"https:\/\/www.abchukuk.com\/index.php\/wp-json\/wp\/v2\/posts\/42141\/revisions"}],"wp:featuredmedia":[{"embeddable":true,"href":"https:\/\/www.abchukuk.com\/index.php\/wp-json\/wp\/v2\/media\/42142"}],"wp:attachment":[{"href":"https:\/\/www.abchukuk.com\/index.php\/wp-json\/wp\/v2\/media?parent=42141"}],"wp:term":[{"taxonomy":"category","embeddable":true,"href":"https:\/\/www.abchukuk.com\/index.php\/wp-json\/wp\/v2\/categories?post=42141"},{"taxonomy":"post_tag","embeddable":true,"href":"https:\/\/www.abchukuk.com\/index.php\/wp-json\/wp\/v2\/tags?post=42141"}],"curies":[{"name":"wp","href":"https:\/\/api.w.org\/{rel}","templated":true}]}}