{"id":42139,"date":"2026-09-01T15:59:48","date_gmt":"2026-09-01T15:59:48","guid":{"rendered":"https:\/\/www.abchukuk.com\/index.php\/2026\/09\/01\/hakkaride-yeni-adli-yil-basladi-hsk-uyesi-ozdemir-ve-bassavci-turandan-adalet-ve-yargi-mesajlari\/"},"modified":"2026-09-01T15:59:48","modified_gmt":"2026-09-01T15:59:48","slug":"hakkaride-yeni-adli-yil-basladi-hsk-uyesi-ozdemir-ve-bassavci-turandan-adalet-ve-yargi-mesajlari","status":"publish","type":"post","link":"https:\/\/www.abchukuk.com\/index.php\/2026\/09\/01\/hakkaride-yeni-adli-yil-basladi-hsk-uyesi-ozdemir-ve-bassavci-turandan-adalet-ve-yargi-mesajlari\/","title":{"rendered":"Hakkari\u2019de yeni adli y\u0131l ba\u015flad\u0131: HSK \u00dcyesi \u00d6zdemir ve Ba\u015fsavc\u0131 Turan\u2019dan adalet ve yarg\u0131 mesajlar\u0131"},"content":{"rendered":"<p>\u00a0<\/p>\n<p><strong>SON.TV\/HAKKAR\u0130<\/strong><\/p>\n<p><strong>Hakkari\u2019de 2026-2027 Adli Y\u0131l\u0131<\/strong>\u2019n\u0131n ba\u015flamas\u0131 dolay\u0131s\u0131yla <strong>Hakkari Cumhuriyet Ba\u015fsavc\u0131l\u0131\u011f\u0131<\/strong> taraf\u0131ndan Valilik bah\u00e7esinde t\u00f6ren d\u00fczenlendi. Kentte yeni adli y\u0131l\u0131n t\u00f6renle a\u00e7\u0131lmas\u0131yla yarg\u0131 camias\u0131 a\u00e7\u0131s\u0131ndan bir ilk de ya\u015fand\u0131.<span class=\"Apple-converted-space\">\u00a0<\/span><\/p>\n<p><img loading=\"lazy\" decoding=\"async\" loading=\"lazy\" class=\"size-medium wp-image-196967 alignleft\" src=\"https:\/\/www.son.tv\/wp-content\/uploads\/2026\/09\/cf5117e7-0b9d-4c3d-aef8-d8b31a359de9-1-300x200.jpeg\" alt=\"\" width=\"300\" height=\"200\" \/><\/p>\n<p>Program resepsiyonla ba\u015flad\u0131. Ard\u0131ndan <strong>Hakkari<\/strong> <strong>Cumhuriyet <\/strong><\/p>\n<p>\u00a0<\/p>\n<p><strong>Ba\u015fsavc\u0131s\u0131 Ufuk Turan<\/strong> taraf\u0131ndan <strong>Atat\u00fcrk An\u0131t\u0131\u2019<\/strong>na \u00e7elenk sunuldu. Sayg\u0131 duru\u015fu ve <strong>\u0130stiklal Mar\u015f\u0131<\/strong>\u2019n\u0131n okunmas\u0131n\u0131n ard\u0131ndan t\u00f6ren konu\u015fmalarla devam etti.<span class=\"Apple-converted-space\">\u00a0<\/span><\/p>\n<p><img loading=\"lazy\" decoding=\"async\" loading=\"lazy\" class=\"alignnone size-medium wp-image-196941 alignleft\" src=\"https:\/\/www.son.tv\/wp-content\/uploads\/2026\/09\/43ca0ed8-02e6-4f3c-aa22-5cf4f9e347c9-300x200.jpeg\" alt=\"\" width=\"300\" height=\"200\" \/><\/p>\n<p>\u00a0<\/p>\n<p>\u00a0<\/p>\n<p>\u00a0<\/p>\n<p>\u00a0<\/p>\n<p>\u00a0<\/p>\n<p>\u00a0<\/p>\n<p><strong>HSK \u00dcYES\u0130 SA\u0130T \u00d6ZDEM\u0130R T\u00d6RENE KATILDI<\/strong><\/p>\n<p><strong>2026-2027 Adli Y\u0131l\u0131<\/strong> a\u00e7\u0131l\u0131\u015f program\u0131na <strong>H\u00e2kimler ve Savc\u0131lar Kurulu \u00dcyesi Sait \u00d6zdemir<\/strong> de kat\u0131ld\u0131.<\/p>\n<p><strong>\u00d6zdemir<\/strong>, <strong>Hakkari<\/strong>\u2019de yarg\u0131 mensuplar\u0131yla bir araya gelirken yeni adli y\u0131l dolay\u0131s\u0131yla yapt\u0131\u011f\u0131 konu\u015fmada ba\u011f\u0131ms\u0131z ve tarafs\u0131z yarg\u0131n\u0131n adalet sistemindeki \u00f6nemine dikkat \u00e7ekti.<span class=\"Apple-converted-space\">\u00a0<\/span><\/p>\n<p><img loading=\"lazy\" decoding=\"async\" loading=\"lazy\" class=\"alignnone size-medium wp-image-196942\" src=\"https:\/\/www.son.tv\/wp-content\/uploads\/2026\/09\/771d3786-f2b1-48ab-aec9-998ad53d8a03-300x200.jpeg\" alt=\"\" width=\"300\" height=\"200\" \/> <img loading=\"lazy\" decoding=\"async\" loading=\"lazy\" class=\"alignnone size-medium wp-image-196943\" src=\"https:\/\/www.son.tv\/wp-content\/uploads\/2026\/09\/9df65974-a41c-4ab0-9972-7d1638386bf1-300x200.jpeg\" alt=\"\" width=\"300\" height=\"200\" \/> <img loading=\"lazy\" decoding=\"async\" loading=\"lazy\" class=\"alignnone size-medium wp-image-196944\" src=\"https:\/\/www.son.tv\/wp-content\/uploads\/2026\/09\/f90f90e5-387e-4d28-8260-33dbbfc445a3-300x200.jpeg\" alt=\"\" width=\"300\" height=\"200\" \/><\/p>\n<p><strong>\u201cADALET\u0130N TEM\u0130NATI BA\u011eIMSIZ VE TARAFSIZ YARGIDIR\u201d<\/strong><\/p>\n<p><strong>HSK \u00dcyesi Sait \u00d6zdemir<\/strong>, adaletin tecellisinin en \u00f6nemli teminat\u0131n\u0131n ba\u011f\u0131ms\u0131z ve tarafs\u0131z yarg\u0131 oldu\u011funu belirtti.<\/p>\n<p><strong>\u00d6zdemir<\/strong>, yarg\u0131 kararlar\u0131n\u0131n vicdan, hak ve hukukun temel ilkeleri do\u011frultusunda verilmesi gerekti\u011fini ifade etti.<\/p>\n<p>Yarg\u0131 g\u00f6revinin h\u00e2kimler, Cumhuriyet savc\u0131lar\u0131 ve avukatlarla bir b\u00fct\u00fcn oldu\u011funu vurgulayan \u00d6zdemir, savunma makam\u0131n\u0131n ba\u011f\u0131ms\u0131z ve tarafs\u0131z yarg\u0131n\u0131n i\u015fleyi\u015findeki \u00f6nemine de dikkat \u00e7ekti.<span class=\"Apple-converted-space\">\u00a0<\/span><\/p>\n<p><img loading=\"lazy\" decoding=\"async\" loading=\"lazy\" class=\"alignnone size-medium wp-image-196945\" src=\"https:\/\/www.son.tv\/wp-content\/uploads\/2026\/09\/d6e4a073-cadb-4615-ae09-e2425eaaf217-300x200.jpeg\" alt=\"\" width=\"300\" height=\"200\" \/> <img loading=\"lazy\" decoding=\"async\" loading=\"lazy\" class=\"alignnone size-medium wp-image-196946\" src=\"https:\/\/www.son.tv\/wp-content\/uploads\/2026\/09\/982a1951-9236-4ca5-91a1-6599b4acbdd2-300x200.jpeg\" alt=\"\" width=\"300\" height=\"200\" \/> <img loading=\"lazy\" decoding=\"async\" loading=\"lazy\" class=\"alignnone size-medium wp-image-196947\" src=\"https:\/\/www.son.tv\/wp-content\/uploads\/2026\/09\/1bcd1ad6-33c4-4624-b735-eae48d92ea2c-300x200.jpeg\" alt=\"\" width=\"300\" height=\"200\" \/> <img loading=\"lazy\" decoding=\"async\" loading=\"lazy\" class=\"alignnone size-medium wp-image-196948\" src=\"https:\/\/www.son.tv\/wp-content\/uploads\/2026\/09\/c6d36b98-c82f-4321-9d33-8b1ae96fe4bd-300x200.jpeg\" alt=\"\" width=\"300\" height=\"200\" \/><\/p>\n<p><strong>AVUKATLARIN VE YARGI MENSUPLARININ YEN\u0130 ADL\u0130 YILINI KUTLADI<\/strong><\/p>\n<p><strong>Sait \u00d6zdemir,<\/strong> avukatlar\u0131n ve yarg\u0131 mensuplar\u0131n\u0131n <strong>2026-2027 Adli Y\u0131l\u0131\u2019<\/strong>n\u0131 kutlad\u0131.<\/p>\n<p><strong>\u00d6zdemir<\/strong> ayr\u0131ca g\u00f6revleri ba\u015f\u0131nda \u015fehit olan yarg\u0131 mensuplar\u0131n\u0131 rahmetle and\u0131.<span class=\"Apple-converted-space\">\u00a0<\/span><\/p>\n<p><img loading=\"lazy\" decoding=\"async\" loading=\"lazy\" class=\"alignnone size-medium wp-image-196950\" src=\"https:\/\/www.son.tv\/wp-content\/uploads\/2026\/09\/aa301863-4a88-4c67-be5a-c495920af90d-300x200.jpeg\" alt=\"\" width=\"300\" height=\"200\" \/><\/p>\n<p><strong>BA\u015eSAVCI UFUK TURAN\u2019DAN VATANDA\u015e ODAKLI ADALET VURGUSU<\/strong><\/p>\n<p><strong>Hakkari Cumhuriyet Ba\u015fsavc\u0131s\u0131 Ufuk Turan<\/strong> da yeni adli y\u0131l dolay\u0131s\u0131yla yapt\u0131\u011f\u0131 konu\u015fmada adalet hizmetlerinin etkinli\u011fi ve vatanda\u015flar\u0131n adalete eri\u015fimi \u00fczerinde durdu.<\/p>\n<p><strong>Ba\u015fsavc\u0131 Turan, HSK \u00dcyesi Sait \u00d6zdemir\u2019<\/strong>in <strong>Hakkari\u2019<\/strong>de bulunmas\u0131n\u0131n yarg\u0131 personeli a\u00e7\u0131s\u0131ndan moral ve motivasyon kayna\u011f\u0131 oldu\u011funu belirtti.<\/p>\n<p><strong>Turan, Adalet Bakan\u0131 Ak\u0131n G\u00fcrlek<\/strong>\u2019in \u00f6nc\u00fcl\u00fc\u011f\u00fcnde adalet hizmetlerinin daha etkin, h\u0131zl\u0131, eri\u015filebilir ve vatanda\u015f odakl\u0131 hale getirilmesine y\u00f6nelik \u00e7al\u0131\u015fmalar\u0131n devam etti\u011fini s\u00f6yledi.<span class=\"Apple-converted-space\">\u00a0<\/span><\/p>\n<p><strong><img loading=\"lazy\" decoding=\"async\" loading=\"lazy\" class=\"alignnone size-medium wp-image-196949\" src=\"https:\/\/www.son.tv\/wp-content\/uploads\/2026\/09\/81a5a94b-7cc8-4782-9ea7-f88be835c422-300x200.jpeg\" alt=\"\" width=\"300\" height=\"200\" \/>SORU\u015eTURMALARIN ETK\u0130N VE T\u0130T\u0130Z Y\u00dcR\u00dcT\u00dcLMES\u0130 MESAJI<\/strong><\/p>\n<p><strong>Ba\u015fsavc\u0131 Ufuk Turan, Hakkari Cumhuriyet Ba\u015fsavc\u0131l\u0131\u011f\u0131<\/strong>n\u0131n soru\u015fturma i\u015flemlerini etkin ve titiz bi\u00e7imde y\u00fcr\u00fctt\u00fc\u011f\u00fcn\u00fc belirtti.<\/p>\n<p>Adliyenin i\u015fleyi\u015fine ili\u015fkin idari sorumluluklar\u0131n da hassasiyetle yerine getirildi\u011fini ifade eden Turan, kurumlarla uyum i\u00e7erisinde \u00e7al\u0131\u015fmaya devam edeceklerini kaydetti.<span class=\"Apple-converted-space\">\u00a0<\/span><\/p>\n<p><img loading=\"lazy\" decoding=\"async\" loading=\"lazy\" class=\"alignnone size-medium wp-image-196951\" src=\"https:\/\/www.son.tv\/wp-content\/uploads\/2026\/09\/7d876f62-22c8-49aa-a98e-29c1a66d9cf1-300x200.jpeg\" alt=\"\" width=\"300\" height=\"200\" \/> <img loading=\"lazy\" decoding=\"async\" loading=\"lazy\" class=\"alignnone size-medium wp-image-196952\" src=\"https:\/\/www.son.tv\/wp-content\/uploads\/2026\/09\/56eb56a3-0de3-40a2-8c54-d55bfa8e76a1-300x200.jpeg\" alt=\"\" width=\"300\" height=\"200\" \/><\/p>\n<p><strong>YEN\u0130 ADL\u0130YE B\u0130NASI \u0130\u00c7\u0130N \u00c7ALI\u015eMALAR S\u00dcR\u00dcYOR<\/strong><\/p>\n<p><strong>Ba\u015fsavc\u0131 Turan,<\/strong> <strong>Hakkari\u2019<\/strong>de ihtiya\u00e7 haline gelen yeni adliye binas\u0131na ili\u015fkin y\u00fcr\u00fct\u00fclen \u00e7al\u0131\u015fmalara da de\u011findi.<\/p>\n<p><strong>Turan<\/strong>, yeni adliye binas\u0131n\u0131n in\u015faat\u0131n\u0131n h\u0131zland\u0131r\u0131lmas\u0131 ve yeni lojman binas\u0131n\u0131n temin edilmesi amac\u0131yla \u00e7al\u0131\u015fmalar\u0131n s\u00fcrd\u00fc\u011f\u00fcn\u00fc a\u00e7\u0131klad\u0131.<\/p>\n<p>Vatanda\u015flar\u0131n adalet hizmetlerine h\u0131zl\u0131, etkin ve g\u00fcvenilir \u015fekilde ula\u015fmas\u0131 i\u00e7in ilgili kurumlarla koordinasyon i\u00e7inde \u00e7al\u0131\u015fmay\u0131 s\u00fcrd\u00fcreceklerini belirten <strong>Turan<\/strong>, g\u00f6rev ba\u015f\u0131nda \u015fehit olan yarg\u0131 mensuplar\u0131n\u0131 da rahmet ve \u015f\u00fckranla and\u0131.<span class=\"Apple-converted-space\">\u00a0<\/span><\/p>\n<p><strong>K\u00dcSK\u00dc: DO\u011eRU KARARA ZAMANINDA ULA\u015eMAK GEREK\u0130YOR<\/strong><\/p>\n<p><strong>Hakkari Adli Yarg\u0131 Adalet Komisyonu Ba\u015fkan\u0131 Hamza K\u00fcsk\u00fc<\/strong> de yeni adli y\u0131la ba\u015flaman\u0131n heyecan\u0131 ve sorumlulu\u011funu ya\u015fad\u0131klar\u0131n\u0131 s\u00f6yledi.<\/p>\n<p><strong>K\u00fcsk\u00fc<\/strong>, yarg\u0131 mensuplar\u0131n\u0131n <strong>Anayasa<\/strong>\u2019ya, hukuka ve kanunlara ba\u011fl\u0131 kalarak ayr\u0131m g\u00f6zetmeksizin adaletin tecellisine hizmet etmesi gerekti\u011fini belirtti.<\/p>\n<p><strong>K\u00fcsk\u00fc, \u201cAmac\u0131m\u0131z adaletin tecellisinden yaln\u0131zca do\u011fru karar vermek de\u011fil, do\u011fru karara zaman\u0131nda ula\u015fmakt\u0131r\u201d<\/strong> dedi.<span class=\"Apple-converted-space\">\u00a0<\/span><\/p>\n<p><strong>GEC\u0130KMES\u0130Z YARGI VURGUSU<\/strong><\/p>\n<p><strong>Adalet Komisyonu Ba\u015fkan\u0131 K\u00fcsk\u00fc, H\u00e2kimler ve Savc\u0131lar Kurulu<\/strong>nun \u00fczerinde durdu\u011fu gecikmesiz yarg\u0131 anlay\u0131\u015f\u0131n\u0131n yeni adli y\u0131l\u0131n \u00f6nemli hedeflerinden biri olmas\u0131 gerekti\u011fini kaydetti.<span class=\"Apple-converted-space\">\u00a0<\/span><\/p>\n<p><img loading=\"lazy\" decoding=\"async\" loading=\"lazy\" class=\"alignnone size-medium wp-image-196955\" src=\"https:\/\/www.son.tv\/wp-content\/uploads\/2026\/09\/982a1951-9236-4ca5-91a1-6599b4acbdd2-1-300x200.jpeg\" alt=\"\" width=\"300\" height=\"200\" \/><\/p>\n<p><strong>SEYD\u0130BEY\u2019DEN HUKUKUN \u00dcST\u00dcNL\u00dc\u011e\u00dc MESAJI<\/strong><\/p>\n<p><strong>Hakkari 1. \u0130dare Mahkemesi Ba\u015fkan\u0131 Erkan Seydibey<\/strong> de yeni adli y\u0131l\u0131n yarg\u0131 camias\u0131na hay\u0131rl\u0131 olmas\u0131n\u0131 diledi.<\/p>\n<p><strong>Seydibey<\/strong>, hukukun \u00fcst\u00fcnl\u00fc\u011f\u00fcn\u00fcn tesis edildi\u011fi ve adaletin hakkaniyetle sa\u011fland\u0131\u011f\u0131 bir adli y\u0131l temennisinde bulundu.<span class=\"Apple-converted-space\">\u00a0<\/span><\/p>\n<p><strong>BARO BA\u015eKANI CANAN: G\u00dc\u00c7L\u00dc VE \u00d6ZG\u00dcR SAVUNMA HUKUK DEVLET\u0130N\u0130N UNSURUDUR<\/strong><\/p>\n<p><strong>Hakkari Barosu Ba\u015fkan\u0131 Erg\u00fcn Canan<\/strong> ise yeni adli y\u0131l\u0131n <strong>T\u00fcrkiye, Hakkari<\/strong> ve yarg\u0131 camias\u0131na hay\u0131rl\u0131 olmas\u0131n\u0131 diledi.<\/p>\n<p><strong>Canan<\/strong>, adli y\u0131l a\u00e7\u0131l\u0131\u015flar\u0131n\u0131n yaln\u0131zca yeni bir \u00e7al\u0131\u015fma d\u00f6neminin ba\u015flang\u0131c\u0131 olmad\u0131\u011f\u0131n\u0131, adalet, hukukun \u00fcst\u00fcnl\u00fc\u011f\u00fc ve vatanda\u015flar\u0131n yarg\u0131ya duydu\u011fu g\u00fcven a\u00e7\u0131s\u0131ndan \u00f6nem ta\u015f\u0131d\u0131\u011f\u0131n\u0131 ifade etti.<\/p>\n<p>Ba\u011f\u0131ms\u0131z ve tarafs\u0131z yarg\u0131 ile g\u00fc\u00e7l\u00fc ve \u00f6zg\u00fcr savunman\u0131n hukuk devletinden ayr\u0131 d\u00fc\u015f\u00fcn\u00fclemeyece\u011fini kaydeden Canan, avukatlar\u0131n mesleki ve ekonomik sorunlar\u0131na da de\u011findi.<span class=\"Apple-converted-space\">\u00a0<\/span><\/p>\n<p><img loading=\"lazy\" decoding=\"async\" loading=\"lazy\" class=\"alignnone size-medium wp-image-196956\" src=\"https:\/\/www.son.tv\/wp-content\/uploads\/2026\/09\/f3118c50-5d87-4c6d-b91d-5b840f3dfc36-300x169.jpeg\" alt=\"\" width=\"300\" height=\"169\" \/><\/p>\n<p><strong>CMK \u00dcCRETLER\u0130NE D\u0130KKAT \u00c7EKT\u0130<\/strong><\/p>\n<p><strong>Baro Ba\u015fkan\u0131 Canan,<\/strong> CMK \u00fccretlerinin yap\u0131lan i\u015fin niteli\u011fi ve verilen eme\u011fe uygun seviyeye getirilmesi, \u00f6demelerin zaman\u0131nda yap\u0131lmas\u0131 ve avukatlar\u0131n ekonomik y\u00fcklerinin azalt\u0131lmas\u0131 gerekti\u011fini belirtti.<\/p>\n<p><strong>Canan<\/strong>, yeni adli y\u0131l\u0131n 1 <strong>Eyl\u00fcl D\u00fcnya Bar\u0131\u015f G\u00fcn\u00fc<\/strong>\u2019ne denk gelmesine de de\u011finerek adalet, hukukun \u00fcst\u00fcnl\u00fc\u011f\u00fc ve sorunlar\u0131n demokratik zeminde \u00e7\u00f6z\u00fclmesinin \u00f6nemini vurgulad\u0131.<span class=\"Apple-converted-space\">\u00a0<\/span><\/p>\n<p><strong>YARGI VE KENT PROTOKOL\u00dc B\u0130R ARAYA GELD\u0130<\/strong><\/p>\n<p><strong>T\u00f6rene Hakkari Vali Vekili C\u00fcneyt Or\u00e7un Zor, HSK \u00dcyesi Sait \u00d6zdemir, Hakkari Cumhuriyet Ba\u015fsavc\u0131s\u0131 Ufuk Turan, Adli Yarg\u0131 Adalet Komisyonu Ba\u015fkan\u0131 Hamza K\u00fcsk\u00fc, Hakkari 1. \u0130dare Mahkemesi Ba\u015fkan\u0131 Erkan Seydibey, Hakkari 2. \u0130dare Mahkemesi Ba\u015fkan\u0131 O\u011fuzhan Bayram ve Bas\u0131n Savc\u0131s\u0131 Hakan Tatl\u0131 kat\u0131ld\u0131.<\/strong><\/p>\n<p><strong>Programda ayr\u0131ca Vali Yard\u0131mc\u0131lar\u0131 Burak G\u00fcrb\u00fcz, Bilal \u00c7elik ve Murat G\u00fcne\u015f, \u0130l Jandarma Komutan\u0131 Tu\u011fgeneral Cafer \u00d6z, \u0130l Emniyet M\u00fcd\u00fcr\u00fc Attila Ayata, Hakkari Barosu Ba\u015fkan\u0131 Erg\u00fcn Canan, AK Parti Hakkari \u0130l Ba\u015fkan\u0131 Zeydin Kaya ile h\u00e2kimler, Cumhuriyet savc\u0131lar\u0131 ve avukatlar yer ald\u0131.<span class=\"Apple-converted-space\">\u00a0<\/span><\/strong><\/p>\n<p><img loading=\"lazy\" decoding=\"async\" loading=\"lazy\" class=\"alignnone size-medium wp-image-196957\" src=\"https:\/\/www.son.tv\/wp-content\/uploads\/2026\/09\/2c99555e-609c-4c77-9e51-c1b48c85647c-300x200.jpeg\" alt=\"\" width=\"300\" height=\"200\" \/> <img loading=\"lazy\" decoding=\"async\" loading=\"lazy\" class=\"alignnone size-medium wp-image-196958\" src=\"https:\/\/www.son.tv\/wp-content\/uploads\/2026\/09\/45570f9d-c53f-4d52-a6ed-e6af5ed32df6-300x200.jpeg\" alt=\"\" width=\"300\" height=\"200\" \/> <img loading=\"lazy\" decoding=\"async\" loading=\"lazy\" class=\"alignnone size-medium wp-image-196959\" src=\"https:\/\/www.son.tv\/wp-content\/uploads\/2026\/09\/71cdac1f-c71d-4a20-9d01-5065feec84de-1-300x200.jpeg\" alt=\"\" width=\"300\" height=\"200\" \/> <img loading=\"lazy\" decoding=\"async\" loading=\"lazy\" class=\"alignnone size-medium wp-image-196960\" src=\"https:\/\/www.son.tv\/wp-content\/uploads\/2026\/09\/7d876f62-22c8-49aa-a98e-29c1a66d9cf1-2-300x200.jpeg\" alt=\"\" width=\"300\" height=\"200\" \/> <img loading=\"lazy\" decoding=\"async\" loading=\"lazy\" class=\"alignnone size-medium wp-image-196961\" src=\"https:\/\/www.son.tv\/wp-content\/uploads\/2026\/09\/56eb56a3-0de3-40a2-8c54-d55bfa8e76a1-1-300x200.jpeg\" alt=\"\" width=\"300\" height=\"200\" \/><\/p>\n<p><strong>ET\u0130KETLER: #Hakkari #YeniAdliY\u0131l #AdliY\u0131l #Sait\u00d6zdemir #UfukTuran #HSK #HakkariAdliyesi #HamzaK\u00fcsk\u00fc #ErkanSeydibey #Erg\u00fcnCanan #Adalet #Yarg\u0131 #Hukukun\u00dcst\u00fcnl\u00fc\u011f\u00fc #GecikmesizYarg\u0131<\/strong><\/p>\n<p>Hakkari\u2019de 2026-2027 Adli Y\u0131l\u0131, Valilik bah\u00e7esinde d\u00fczenlenen t\u00f6renle ba\u015flad\u0131. HSK \u00dcyesi Sait \u00d6zdemir\u2019in de kat\u0131ld\u0131\u011f\u0131 programda ba\u011f\u0131ms\u0131z ve tarafs\u0131z yarg\u0131, gecikmesiz adalet, hukukun \u00fcst\u00fcnl\u00fc\u011f\u00fc ve vatanda\u015f odakl\u0131 adalet hizmetleri mesajlar\u0131 \u00f6ne \u00e7\u0131kt\u0131. Hakkari Cumhuriyet Ba\u015fsavc\u0131s\u0131 Ufuk Turan ise kentte ihtiya\u00e7 haline gelen yeni adliye binas\u0131n\u0131n yap\u0131m s\u00fcrecinin h\u0131zland\u0131r\u0131lmas\u0131 i\u00e7in \u00e7al\u0131\u015fmalar\u0131n s\u00fcrd\u00fc\u011f\u00fcn\u00fc a\u00e7\u0131klad\u0131.\u00a0<a href=\"https:\/\/www.son.tv\/hakkaride-yeni-adli-yil-basladi-hsk-uyesi-ozdemir-ve-bassavci-turandan-adalet-ve-yargi-mesajlari\/\" target=\"_blank\" class=\"feedzy-rss-link-icon\">Read More<\/a><\/p>","protected":false},"excerpt":{"rendered":"<p>\u00a0 SON.TV\/HAKKAR\u0130 Hakkari\u2019de 2026-2027 Adli Y\u0131l\u0131\u2019n\u0131n ba\u015flamas\u0131 dolay\u0131s\u0131yla Hakkari Cumhuriyet Ba\u015fsavc\u0131l\u0131\u011f\u0131 taraf\u0131ndan Valilik bah\u00e7esinde t\u00f6ren d\u00fczenlendi. Kentte yeni adli y\u0131l\u0131n t\u00f6renle a\u00e7\u0131lmas\u0131yla yarg\u0131 camias\u0131 a\u00e7\u0131s\u0131ndan bir ilk de ya\u015fand\u0131.\u00a0 Program resepsiyonla ba\u015flad\u0131. Ard\u0131ndan Hakkari Cumhuriyet \u00a0 Ba\u015fsavc\u0131s\u0131 Ufuk Turan taraf\u0131ndan Atat\u00fcrk An\u0131t\u0131\u2019na \u00e7elenk sunuldu. Sayg\u0131 duru\u015fu ve \u0130stiklal Mar\u015f\u0131\u2019n\u0131n okunmas\u0131n\u0131n ard\u0131ndan t\u00f6ren konu\u015fmalarla devam etti.\u00a0 [&hellip;]<\/p>\n","protected":false},"author":1,"featured_media":42140,"comment_status":"open","ping_status":"open","sticky":false,"template":"","format":"standard","meta":{"footnotes":"","_links_to":"","_links_to_target":""},"categories":[1],"tags":[],"class_list":["post-42139","post","type-post","status-publish","format-standard","has-post-thumbnail","hentry","category-haberler"],"_links":{"self":[{"href":"https:\/\/www.abchukuk.com\/index.php\/wp-json\/wp\/v2\/posts\/42139","targetHints":{"allow":["GET"]}}],"collection":[{"href":"https:\/\/www.abchukuk.com\/index.php\/wp-json\/wp\/v2\/posts"}],"about":[{"href":"https:\/\/www.abchukuk.com\/index.php\/wp-json\/wp\/v2\/types\/post"}],"author":[{"embeddable":true,"href":"https:\/\/www.abchukuk.com\/index.php\/wp-json\/wp\/v2\/users\/1"}],"replies":[{"embeddable":true,"href":"https:\/\/www.abchukuk.com\/index.php\/wp-json\/wp\/v2\/comments?post=42139"}],"version-history":[{"count":0,"href":"https:\/\/www.abchukuk.com\/index.php\/wp-json\/wp\/v2\/posts\/42139\/revisions"}],"wp:featuredmedia":[{"embeddable":true,"href":"https:\/\/www.abchukuk.com\/index.php\/wp-json\/wp\/v2\/media\/42140"}],"wp:attachment":[{"href":"https:\/\/www.abchukuk.com\/index.php\/wp-json\/wp\/v2\/media?parent=42139"}],"wp:term":[{"taxonomy":"category","embeddable":true,"href":"https:\/\/www.abchukuk.com\/index.php\/wp-json\/wp\/v2\/categories?post=42139"},{"taxonomy":"post_tag","embeddable":true,"href":"https:\/\/www.abchukuk.com\/index.php\/wp-json\/wp\/v2\/tags?post=42139"}],"curies":[{"name":"wp","href":"https:\/\/api.w.org\/{rel}","templated":true}]}}