{"id":42137,"date":"2026-09-01T16:21:00","date_gmt":"2026-09-01T16:21:00","guid":{"rendered":"https:\/\/www.abchukuk.com\/index.php\/2026\/09\/01\/cevdet-yilmazdan-terorsuz-turkiye-mesaji-sonraki-asama-yarginin-ve-hukukun-konusu-olacak\/"},"modified":"2026-09-01T16:21:00","modified_gmt":"2026-09-01T16:21:00","slug":"cevdet-yilmazdan-terorsuz-turkiye-mesaji-sonraki-asama-yarginin-ve-hukukun-konusu-olacak","status":"publish","type":"post","link":"https:\/\/www.abchukuk.com\/index.php\/2026\/09\/01\/cevdet-yilmazdan-terorsuz-turkiye-mesaji-sonraki-asama-yarginin-ve-hukukun-konusu-olacak\/","title":{"rendered":"Cevdet Y\u0131lmaz&#8217;dan ter\u00f6rs\u00fcz T\u00fcrkiye mesaj\u0131: Sonraki a\u015fama yarg\u0131n\u0131n ve hukukun konusu olacak"},"content":{"rendered":"<p>Cumhurba\u015fkan\u0131 Yard\u0131mc\u0131s\u0131 Cevdet Y\u0131lmaz, Ter\u00f6rs\u00fcz T\u00fcrkiye s\u00fcrecinde silah b\u0131rakma ve \u00f6rg\u00fctsel fesih s\u00fcre\u00e7lerinin sahada tespit edilerek MGK karar\u0131yla teyit edilmesinin ard\u0131ndan yeni bir a\u015famaya ge\u00e7ilece\u011fini s\u00f6yledi. Y\u0131lmaz, \u201cOndan sonraki s\u00fcre\u00e7 daha \u00e7ok yarg\u0131n\u0131n, hukukun konusu olan bir s\u00fcre\u00e7 olacak\u201d dedi. Adalet Bakanl\u0131\u011f\u0131 koordinasyonundaki alt kurulun hukuki s\u00fcrece ili\u015fkin haz\u0131rl\u0131klara ba\u015flad\u0131\u011f\u0131n\u0131 a\u00e7\u0131klayan Y\u0131lmaz, ter\u00f6r\u00fcn T\u00fcrkiye\u2019ye ekonomik maliyetinin ise en az 2,3 trilyon dolar oldu\u011funu bildirdi.Cumhurba\u015fkan\u0131 Yard\u0131mc\u0131s\u0131 Cevdet Y\u0131lmaz, Ter\u00f6rs\u00fcz T\u00fcrkiye s\u00fcrecinde silah b\u0131rakma ve \u00f6rg\u00fctsel fesih s\u00fcre\u00e7lerinin sahada tespit edilerek MGK karar\u0131yla teyit edilmesinin ard\u0131ndan yeni bir a\u015famaya ge\u00e7ilece\u011fini s\u00f6yledi. Y\u0131lmaz, \u201cOndan sonraki s\u00fcre\u00e7 daha \u00e7ok yarg\u0131n\u0131n, hukukun konusu olan bir s\u00fcre\u00e7 olacak\u201d dedi. Adalet Bakanl\u0131\u011f\u0131 koordinasyonundaki alt kurulun hukuki s\u00fcrece ili\u015fkin haz\u0131rl\u0131klara ba\u015flad\u0131\u011f\u0131n\u0131 a\u00e7\u0131klayan Y\u0131lmaz, ter\u00f6r\u00fcn T\u00fcrkiye\u2019ye ekonomik maliyetinin ise en az 2,3 trilyon dolar oldu\u011funu bildirdi.\u00a0<a href=\"https:\/\/www.dunya.com\/gundem\/cevdet-yilmazdan-terorsuz-turkiye-mesaji-sonraki-asama-yarginin-ve-hukukun-konusu-olacak-haberi-838396\" target=\"_blank\" class=\"feedzy-rss-link-icon\">Read More<\/a><\/p>","protected":false},"excerpt":{"rendered":"<p>Cumhurba\u015fkan\u0131 Yard\u0131mc\u0131s\u0131 Cevdet Y\u0131lmaz, Ter\u00f6rs\u00fcz T\u00fcrkiye s\u00fcrecinde silah b\u0131rakma ve \u00f6rg\u00fctsel fesih s\u00fcre\u00e7lerinin sahada tespit edilerek MGK karar\u0131yla teyit edilmesinin ard\u0131ndan yeni bir a\u015famaya ge\u00e7ilece\u011fini s\u00f6yledi. Y\u0131lmaz, \u201cOndan sonraki s\u00fcre\u00e7 daha \u00e7ok yarg\u0131n\u0131n, hukukun konusu olan bir s\u00fcre\u00e7 olacak\u201d dedi. Adalet Bakanl\u0131\u011f\u0131 koordinasyonundaki alt kurulun hukuki s\u00fcrece ili\u015fkin haz\u0131rl\u0131klara ba\u015flad\u0131\u011f\u0131n\u0131 a\u00e7\u0131klayan Y\u0131lmaz, ter\u00f6r\u00fcn T\u00fcrkiye\u2019ye ekonomik [&hellip;]<\/p>\n","protected":false},"author":1,"featured_media":42138,"comment_status":"open","ping_status":"open","sticky":false,"template":"","format":"standard","meta":{"footnotes":"","_links_to":"","_links_to_target":""},"categories":[1],"tags":[],"class_list":["post-42137","post","type-post","status-publish","format-standard","has-post-thumbnail","hentry","category-haberler"],"_links":{"self":[{"href":"https:\/\/www.abchukuk.com\/index.php\/wp-json\/wp\/v2\/posts\/42137","targetHints":{"allow":["GET"]}}],"collection":[{"href":"https:\/\/www.abchukuk.com\/index.php\/wp-json\/wp\/v2\/posts"}],"about":[{"href":"https:\/\/www.abchukuk.com\/index.php\/wp-json\/wp\/v2\/types\/post"}],"author":[{"embeddable":true,"href":"https:\/\/www.abchukuk.com\/index.php\/wp-json\/wp\/v2\/users\/1"}],"replies":[{"embeddable":true,"href":"https:\/\/www.abchukuk.com\/index.php\/wp-json\/wp\/v2\/comments?post=42137"}],"version-history":[{"count":0,"href":"https:\/\/www.abchukuk.com\/index.php\/wp-json\/wp\/v2\/posts\/42137\/revisions"}],"wp:featuredmedia":[{"embeddable":true,"href":"https:\/\/www.abchukuk.com\/index.php\/wp-json\/wp\/v2\/media\/42138"}],"wp:attachment":[{"href":"https:\/\/www.abchukuk.com\/index.php\/wp-json\/wp\/v2\/media?parent=42137"}],"wp:term":[{"taxonomy":"category","embeddable":true,"href":"https:\/\/www.abchukuk.com\/index.php\/wp-json\/wp\/v2\/categories?post=42137"},{"taxonomy":"post_tag","embeddable":true,"href":"https:\/\/www.abchukuk.com\/index.php\/wp-json\/wp\/v2\/tags?post=42137"}],"curies":[{"name":"wp","href":"https:\/\/api.w.org\/{rel}","templated":true}]}}