{"id":42134,"date":"2026-09-01T16:45:30","date_gmt":"2026-09-01T16:45:30","guid":{"rendered":"https:\/\/www.abchukuk.com\/index.php\/2026\/09\/01\/bitliste-yeni-adli-yil-basladi-bassavci-kandemirden-birlik-ve-guven-vurgusu\/"},"modified":"2026-09-01T16:45:30","modified_gmt":"2026-09-01T16:45:30","slug":"bitliste-yeni-adli-yil-basladi-bassavci-kandemirden-birlik-ve-guven-vurgusu","status":"publish","type":"post","link":"https:\/\/www.abchukuk.com\/index.php\/2026\/09\/01\/bitliste-yeni-adli-yil-basladi-bassavci-kandemirden-birlik-ve-guven-vurgusu\/","title":{"rendered":"Bitlis\u2019te yeni adli y\u0131l ba\u015flad\u0131: Ba\u015fsavc\u0131 Kandemir\u2019den birlik ve g\u00fcven vurgusu"},"content":{"rendered":"<p><strong>SON.TV\/B\u0130TL\u0130S<\/strong><\/p>\n<p><strong>Bitlis Adliyesi\u2019nde 2026-2027 Adli Y\u0131l A\u00e7\u0131l\u0131\u015f Program\u0131 ger\u00e7ekle\u015ftirildi. Program, sayg\u0131 duru\u015funda bulunulmas\u0131 ve \u0130stiklal Mar\u015f\u0131\u2019n\u0131n okunmas\u0131yla ba\u015flad\u0131.<\/strong><\/p>\n<p><strong>T\u00f6rende Bitlis Cumhuriyet Ba\u015fsavc\u0131s\u0131 Faz\u0131l Kandemir, Adli Yarg\u0131 Adalet Komisyonu Ba\u015fkan\u0131 Elif Sar\u0131 Y\u00fcce ve Bitlis Baro Ba\u015fkan\u0131 G\u00fclhan Bayram Sekmen konu\u015fma yapt\u0131. Programa h\u00e2kimler, Cumhuriyet savc\u0131lar\u0131 ve adliye personeli kat\u0131ld\u0131.<\/strong><\/p>\n<p><img loading=\"lazy\" decoding=\"async\" loading=\"lazy\" class=\"alignnone size-medium wp-image-196970\" src=\"https:\/\/www.son.tv\/wp-content\/uploads\/2026\/09\/b40e1d04-63c9-49df-87f6-be983ae2cd41-300x200.jpeg\" alt=\"\" width=\"300\" height=\"200\" \/><\/p>\n<p>\u201c<strong>B\u0130Z B\u0130R A\u0130LEY\u0130Z\u201d<\/strong><\/p>\n<p><strong>Bitlis Cumhuriyet Ba\u015fsavc\u0131s\u0131 Faz\u0131l Kandemir,<\/strong> konu\u015fmas\u0131nda yeni adli y\u0131l\u0131n Bitlis Adliyesi i\u00e7in g\u00fc\u00e7l\u00fc bir ba\u015flang\u0131\u00e7 olmas\u0131n\u0131 dileyerek, adliye te\u015fkilat\u0131ndaki birlik ve beraberli\u011fe dikkat \u00e7ekti.<\/p>\n<p><strong>Kandemir, \u201cYeni adli y\u0131l\u0131n, birlikte daha g\u00fc\u00e7l\u00fc, daha huzurlu ve daha g\u00fcvenilir bir adliye in\u015fa etmemiz i\u00e7in bir ba\u015flang\u0131\u00e7 olmas\u0131n\u0131 diliyorum. Adli y\u0131la hep birlikte, ayn\u0131 sorumluluk duygusuyla ve ayn\u0131 hedefe y\u00fcr\u00fcyen g\u00fc\u00e7l\u00fc bir ekip olarak ba\u015fl\u0131yoruz. \u00c7\u00fcnk\u00fc biz bir aileyiz\u201d<\/strong> dedi.<\/p>\n<p><img loading=\"lazy\" decoding=\"async\" loading=\"lazy\" class=\"alignnone size-medium wp-image-196971\" src=\"https:\/\/www.son.tv\/wp-content\/uploads\/2026\/09\/d1ea5bdc-2b8c-4604-92b6-660ec21f8e2c-291x300.jpeg\" alt=\"\" width=\"291\" height=\"300\" \/><\/p>\n<p>\u201c<strong>B\u0130R\u0130M\u0130Z\u0130N BA\u015eARISI HEP\u0130M\u0130Z\u0130N BA\u015eARISIDIR\u201d<\/strong><\/p>\n<p>Adliyede g\u00f6rev yapan herkesin adalet hizmetinin \u00f6nemli bir par\u00e7as\u0131 oldu\u011funu belirten Kandemir, h\u00e2kimden Cumhuriyet savc\u0131s\u0131na, personelden g\u00fcvenlik g\u00f6revlilerine kadar t\u00fcm \u00e7al\u0131\u015fanlar\u0131n ayn\u0131 ama\u00e7 do\u011frultusunda g\u00f6rev yapt\u0131\u011f\u0131n\u0131 ifade etti.<\/p>\n<p><strong>Kandemir, \u201cBu ailenin her bir \u00fcyesinin yapt\u0131\u011f\u0131 i\u015f \u00e7ok de\u011ferlidir. Birimizin ba\u015far\u0131s\u0131 hepimizin ba\u015far\u0131s\u0131d\u0131r. Bitlis Adliyesinin her bir ferdi, \u00fcstlendi\u011fi g\u00f6rev ne olursa olsun, adaletin ger\u00e7ekle\u015fmesinde ayn\u0131 zincirin \u00f6nemli bir halkas\u0131d\u0131r\u201d<\/strong> ifadelerini kulland\u0131.<\/p>\n<p><strong>Kandemir<\/strong>, hi\u00e7bir \u00e7al\u0131\u015fan\u0131n kendisini kurumun d\u0131\u015f\u0131nda hissetmemesi gerekti\u011fini belirterek, \u201c<strong>\u00c7\u00fcnk\u00fc biz yaln\u0131zca ayn\u0131 kurumda \u00e7al\u0131\u015fan insanlar de\u011filiz. Biz, ayn\u0131 amaca hizmet eden b\u00fcy\u00fck bir aileyiz\u201d<\/strong> diye konu\u015ftu.<\/p>\n<p><img loading=\"lazy\" decoding=\"async\" loading=\"lazy\" class=\"alignnone size-medium wp-image-196972\" src=\"https:\/\/www.son.tv\/wp-content\/uploads\/2026\/09\/fa3fdcf2-22e6-47ae-8d55-619329dd56e8-300x190.jpeg\" alt=\"\" width=\"300\" height=\"190\" \/><\/p>\n<p><strong>\u201cADALET YALNIZCA DOSYALARDAN VE KARARLARDAN \u0130BARET DE\u011e\u0130LD\u0130R\u201d<\/strong><\/p>\n<p><strong>Ba\u015fsavc\u0131 Kandemir,<\/strong> adalet kavram\u0131n\u0131n yaln\u0131zca dosya, karar ve duru\u015fmalardan olu\u015fmad\u0131\u011f\u0131n\u0131 belirterek vatanda\u015f\u0131n adliyeye girdi\u011fi andan itibaren hissetti\u011fi g\u00fcvenin de adalet hizmetinin \u00f6nemli bir par\u00e7as\u0131 oldu\u011funu s\u00f6yledi.<\/p>\n<p><strong>Kandemir, \u201cAdalet; ayn\u0131 zamanda vatanda\u015f\u0131m\u0131z\u0131n adliyeye ad\u0131m att\u0131\u011f\u0131 ilk andan itibaren hissetti\u011fi g\u00fcven, g\u00f6revini yerine getiren her \u00e7al\u0131\u015fma arkada\u015f\u0131m\u0131z\u0131n duydu\u011fu huzur ve hepimizin ayn\u0131 hedef do\u011frultusunda g\u00f6sterdi\u011fi ortak \u00f6zveridir\u201d<\/strong> dedi.<\/p>\n<p><strong><img loading=\"lazy\" decoding=\"async\" loading=\"lazy\" class=\"alignnone size-medium wp-image-196973\" src=\"https:\/\/www.son.tv\/wp-content\/uploads\/2026\/09\/29cc8670-81b0-4ee4-a597-a77ce8e49e66-300x200.jpeg\" alt=\"\" width=\"300\" height=\"200\" \/>YEN\u0130 ADL\u0130 YILIN HEDEFLER\u0130N\u0130 A\u00c7IKLADI<\/strong><\/p>\n<p><strong>Ba\u015fsavc\u0131 Kandemir, Bitlis Adliyesi<\/strong>\u2019nin yeni adli y\u0131ldaki hedeflerini de a\u00e7\u0131klad\u0131.<\/p>\n<p><strong>Kandemir, \u201cDaha g\u00fc\u00e7l\u00fc ileti\u015fim, daha h\u0131zl\u0131 ve etkin adalet, daha y\u00fcksek kurumsal aidiyet ve adliyemizden ayr\u0131lan her vatanda\u015f\u0131m\u0131zda daha g\u00fc\u00e7l\u00fc bir g\u00fcven duygusu olu\u015fturmak olacakt\u0131r\u201d<\/strong> ifadelerini kulland\u0131.<\/p>\n<p>\u201c<strong>B\u00dcY\u00dcK KURUMLAR HER G\u00dcN YER\u0130NE GET\u0130R\u0130LEN G\u00d6REVLERLE \u0130N\u015eA ED\u0130L\u0130R\u201d<\/strong><\/p>\n<p>Kurumsal ba\u015far\u0131n\u0131n g\u00fcnl\u00fck g\u00f6revlerin sorumluluk bilinciyle yerine getirilmesiyle olu\u015faca\u011f\u0131n\u0131 vurgulayan Kandemir, \u015funlar\u0131 s\u00f6yledi:<\/p>\n<p>\u201c<strong>\u00c7\u00fcnk\u00fc inan\u0131yorum ki bir hayale inanmak, o hayalin ger\u00e7ekle\u015fmesi i\u00e7in ta\u015f ta\u015f\u0131may\u0131 g\u00f6ze almakt\u0131r. B\u00fcy\u00fck kurumlar, b\u00fcy\u00fck s\u00f6zlerle de\u011fil; her g\u00fcn b\u00fcy\u00fck bir sorumluluk bilinciyle yerine getirilen g\u00f6revlerle in\u015fa edilir.\u201d<\/strong><\/p>\n<p><strong>Ba\u015fsavc\u0131 Kandemir,<\/strong> bir dosyan\u0131n zaman\u0131nda tamamlanmas\u0131n\u0131n, vatanda\u015f\u0131n derdinin sab\u0131rla dinlenmesinin, \u00e7al\u0131\u015fma arkada\u015flar\u0131n\u0131n y\u00fck\u00fcn\u00fcn payla\u015f\u0131lmas\u0131n\u0131n ve yap\u0131lan i\u015fin her g\u00fcn daha iyi \u015fekilde yerine getirilmesinin g\u00fc\u00e7l\u00fc bir adliye olu\u015fturman\u0131n temel unsurlar\u0131 oldu\u011funu ifade etti.<\/p>\n<p><img loading=\"lazy\" decoding=\"async\" loading=\"lazy\" class=\"alignnone size-medium wp-image-196974\" src=\"https:\/\/www.son.tv\/wp-content\/uploads\/2026\/09\/ae6da548-f6e5-42ba-9e6e-9341eb5ae40e-300x200.jpeg\" alt=\"\" width=\"300\" height=\"200\" \/><\/p>\n<p>\u201c<strong>YALNIZCA YEN\u0130 B\u0130R ADL\u0130 YILI BA\u015eLATMIYORUZ\u201d<\/strong><\/p>\n<p><strong>Kandemir<\/strong>, yeni adli y\u0131lla birlikte <strong>Bitlis Adliyesi<\/strong>\u2019nde bir \u00e7al\u0131\u015fma anlay\u0131\u015f\u0131n\u0131 daha da geli\u015ftirmeyi hedeflediklerini belirterek \u015fu ifadeleri kulland\u0131:<\/p>\n<p>\u201c<strong>Ve biz bug\u00fcn yaln\u0131zca yeni bir adli y\u0131l\u0131 ba\u015flatm\u0131yoruz. Ayn\u0131 zamanda bir anlay\u0131\u015f\u0131 b\u00fcy\u00fct\u00fcyoruz. Herkesin kendisini de\u011ferli hissetti\u011fi, ba\u015far\u0131n\u0131n payla\u015f\u0131ld\u0131\u011f\u0131, sorumlulu\u011fun omuz omuza ta\u015f\u0131nd\u0131\u011f\u0131, \u00e7al\u0131\u015fma huzurunun ve dayan\u0131\u015fman\u0131n g\u00fc\u00e7lendi\u011fi, vatanda\u015f\u0131m\u0131z\u0131n g\u00fcvenle kap\u0131s\u0131ndan girdi\u011fi ve adalet duygusuyla ayr\u0131ld\u0131\u011f\u0131 bir adliye anlay\u0131\u015f\u0131n\u0131\u2026\u201d<\/strong><\/p>\n<p>\u201c<strong>BU KURUMDA H\u0130\u00c7 K\u0130MSE YALNIZ DE\u011e\u0130LD\u0130R\u201d<\/strong><\/p>\n<p>Adliye \u00e7al\u0131\u015fanlar\u0131na seslenen <strong>Kandemir<\/strong>, dayan\u0131\u015fma mesaj\u0131 verdi.<\/p>\n<p><strong>Ba\u015fsavc\u0131 Kandemir, \u201cBu kurumda hi\u00e7 kimse yaln\u0131z de\u011fildir. Bir arkada\u015f\u0131m\u0131z\u0131n ya\u015fad\u0131\u011f\u0131 sorun, hepimizin sorunudur. Bir arkada\u015f\u0131m\u0131z\u0131n ba\u015far\u0131s\u0131, hepimizin ba\u015far\u0131s\u0131d\u0131r. Bir arkada\u015f\u0131m\u0131z\u0131n eme\u011fi, bu ailenin ortak eme\u011fidir\u201d<\/strong> dedi.<\/p>\n<p>Yeni adli y\u0131lda daha fazla \u00e7al\u0131\u015facaklar\u0131n\u0131 ve birbirlerine daha fazla destek olacaklar\u0131n\u0131 ifade eden <strong>Kandemir, \u201cYeni adli y\u0131lda hep birlikte daha \u00e7ok \u00e7al\u0131\u015faca\u011f\u0131z, daha \u00e7ok \u00fcretece\u011fiz ve birbirimize daha \u00e7ok destek olaca\u011f\u0131z\u201d<\/strong> ifadelerini kulland\u0131.<\/p>\n<p><strong><img loading=\"lazy\" decoding=\"async\" loading=\"lazy\" class=\"alignnone size-medium wp-image-196975\" src=\"https:\/\/www.son.tv\/wp-content\/uploads\/2026\/09\/7c0c46a3-3a55-4215-bfec-d2e244d6bbaf-300x200.jpeg\" alt=\"\" width=\"300\" height=\"200\" \/>SAVUNMA MAKAMINA \u00d6ZEL VURGU<\/strong><\/p>\n<p><strong>Bitlis Cumhuriyet Ba\u015fsavc\u0131s\u0131 Faz\u0131l Kandemir<\/strong>, t\u00f6rende bulunan <strong>Bitlis Baro Ba\u015fkan\u0131 G\u00fclhan Bayram Sekmen<\/strong> ile avukatlara da te\u015fekk\u00fcr etti.<\/p>\n<p>Savunma makam\u0131n\u0131n yarg\u0131n\u0131n \u00fc\u00e7 temel unsurundan biri oldu\u011funu belirten <strong>Kandemir<\/strong>, h\u00e2kim, Cumhuriyet savc\u0131s\u0131 ve avukatlar\u0131n farkl\u0131 g\u00f6rev ve sorumluluklar \u00fcstlenmelerine ra\u011fmen ayn\u0131 adalet idealine hizmet etti\u011fini s\u00f6yledi.<\/p>\n<p><strong>Kandemir<\/strong>, yarg\u0131ya duyulan g\u00fcvenin g\u00fc\u00e7lenmesinde bu \u00fc\u00e7 unsur aras\u0131ndaki kar\u015f\u0131l\u0131kl\u0131 sayg\u0131, anlay\u0131\u015f ve mesleki dayan\u0131\u015fman\u0131n \u00f6nemine dikkat \u00e7ekerek, yeni adli y\u0131lda adalet hizmetinin daha da g\u00fc\u00e7lenmesini temenni etti.<\/p>\n<p><strong>KOM\u0130SYON BA\u015eKANI SARI Y\u00dcCE\u2019DEN ADL\u0130 YIL MESAJI<\/strong><\/p>\n<p><strong>Bitlis Adli Yarg\u0131 Adalet Komisyonu Ba\u015fkan\u0131 Elif Sar\u0131 Y\u00fcce<\/strong> de t\u00f6rendeki konu\u015fmas\u0131nda g\u00f6revleri ba\u015f\u0131nda \u015fehit olan adalet mensuplar\u0131n\u0131 rahmet ve minnetle and\u0131.<\/p>\n<p><strong>Sar\u0131 Y\u00fcce,<\/strong> yeni adli y\u0131l\u0131n hay\u0131rl\u0131 olmas\u0131n\u0131 dileyerek adaletin daha h\u0131zl\u0131, etkin ve hakkaniyete uygun \u015fekilde tecelli etmesi i\u00e7in t\u00fcm yarg\u0131 mensuplar\u0131n\u0131n \u00fczerine d\u00fc\u015feni yapaca\u011f\u0131na inand\u0131\u011f\u0131n\u0131 ifade etti.<\/p>\n<p><strong>BARO BA\u015eKANI SEKMEN: \u201cYARGIYA G\u00dcVEN EN \u00dcST SEV\u0130YEYE \u00c7IKMALI\u201d<\/strong><\/p>\n<p><strong>Bitlis Baro Ba\u015fkan\u0131 G\u00fclhan Bayram Sekmen<\/strong> de g\u00fcvenilir ve h\u0131zl\u0131 \u015fekilde tecelli eden adaletin toplumsal bar\u0131\u015f, huzur ve karde\u015fli\u011fin en g\u00fc\u00e7l\u00fc teminatlar\u0131ndan biri oldu\u011funu belirtti.<\/p>\n<p><strong>Sekmen<\/strong>, yarg\u0131n\u0131n her t\u00fcrl\u00fc grupla\u015fmadan, siyasi ve ideolojik kampla\u015fmadan uzak kalarak tarafs\u0131zl\u0131\u011f\u0131n\u0131 korumas\u0131n\u0131n hukuk devleti a\u00e7\u0131s\u0131ndan ta\u015f\u0131d\u0131\u011f\u0131 \u00f6neme dikkat \u00e7ekti.<\/p>\n<p><strong>Sekmen<\/strong> ayr\u0131ca vatanda\u015flar\u0131n adliyelere duydu\u011fu g\u00fcvenin en \u00fcst seviyeye \u00e7\u0131kar\u0131lmas\u0131n\u0131n ortak hedef olmas\u0131 gerekti\u011fini s\u00f6yledi.<\/p>\n<p>Kandemir konu\u015fmas\u0131n\u0131n sonunda yeni adli y\u0131l\u0131n <strong>T\u00fcrkiye<\/strong>\u2019ye, millete, yarg\u0131 camias\u0131na, <strong>Bitlis<\/strong>\u2019e ve <strong>Bitlis<\/strong> <strong>Adliyesi<\/strong> \u00e7al\u0131\u015fanlar\u0131na huzur, sa\u011fl\u0131k, ba\u015far\u0131 ve hay\u0131rlar getirmesi temennisinde bulundu.<\/p>\n<p><strong>ET\u0130KETLER: #Bitlis #BitlisAdliyesi #Faz\u0131lKandemir #AdliY\u0131l #YeniAdliY\u0131l #Yarg\u0131 #Adalet #BitlisCumhuriyetBa\u015fsavc\u0131l\u0131\u011f\u0131 #ElifSar\u0131Y\u00fcce #G\u00fclhanBayramSekmen<\/strong><\/p>\n<p>Bitlis Adliyesi\u2019nde 2026-2027 Adli Y\u0131l\u0131 d\u00fczenlenen t\u00f6renle ba\u015flad\u0131. Bitlis Cumhuriyet Ba\u015fsavc\u0131s\u0131 Faz\u0131l Kandemir, yeni d\u00f6nemde daha g\u00fc\u00e7l\u00fc ileti\u015fim, daha h\u0131zl\u0131 ve etkin adalet, y\u00fcksek kurumsal aidiyet ve vatanda\u015f\u0131n yarg\u0131ya g\u00fcveninin g\u00fc\u00e7lendirilmesini hedeflediklerini s\u00f6yledi.\u00a0<a href=\"https:\/\/www.son.tv\/bitliste-yeni-adli-yil-basladi-bassavci-kandemirden-birlik-ve-guven-vurgusu\/\" target=\"_blank\" class=\"feedzy-rss-link-icon\">Read More<\/a><\/p>","protected":false},"excerpt":{"rendered":"<p>SON.TV\/B\u0130TL\u0130S Bitlis Adliyesi\u2019nde 2026-2027 Adli Y\u0131l A\u00e7\u0131l\u0131\u015f Program\u0131 ger\u00e7ekle\u015ftirildi. Program, sayg\u0131 duru\u015funda bulunulmas\u0131 ve \u0130stiklal Mar\u015f\u0131\u2019n\u0131n okunmas\u0131yla ba\u015flad\u0131. T\u00f6rende Bitlis Cumhuriyet Ba\u015fsavc\u0131s\u0131 Faz\u0131l Kandemir, Adli Yarg\u0131 Adalet Komisyonu Ba\u015fkan\u0131 Elif Sar\u0131 Y\u00fcce ve Bitlis Baro Ba\u015fkan\u0131 G\u00fclhan Bayram Sekmen konu\u015fma yapt\u0131. Programa h\u00e2kimler, Cumhuriyet savc\u0131lar\u0131 ve adliye personeli kat\u0131ld\u0131. \u201cB\u0130Z B\u0130R A\u0130LEY\u0130Z\u201d Bitlis Cumhuriyet Ba\u015fsavc\u0131s\u0131 [&hellip;]<\/p>\n","protected":false},"author":1,"featured_media":42135,"comment_status":"open","ping_status":"open","sticky":false,"template":"","format":"standard","meta":{"footnotes":"","_links_to":"","_links_to_target":""},"categories":[1],"tags":[],"class_list":["post-42134","post","type-post","status-publish","format-standard","has-post-thumbnail","hentry","category-haberler"],"_links":{"self":[{"href":"https:\/\/www.abchukuk.com\/index.php\/wp-json\/wp\/v2\/posts\/42134","targetHints":{"allow":["GET"]}}],"collection":[{"href":"https:\/\/www.abchukuk.com\/index.php\/wp-json\/wp\/v2\/posts"}],"about":[{"href":"https:\/\/www.abchukuk.com\/index.php\/wp-json\/wp\/v2\/types\/post"}],"author":[{"embeddable":true,"href":"https:\/\/www.abchukuk.com\/index.php\/wp-json\/wp\/v2\/users\/1"}],"replies":[{"embeddable":true,"href":"https:\/\/www.abchukuk.com\/index.php\/wp-json\/wp\/v2\/comments?post=42134"}],"version-history":[{"count":0,"href":"https:\/\/www.abchukuk.com\/index.php\/wp-json\/wp\/v2\/posts\/42134\/revisions"}],"wp:featuredmedia":[{"embeddable":true,"href":"https:\/\/www.abchukuk.com\/index.php\/wp-json\/wp\/v2\/media\/42135"}],"wp:attachment":[{"href":"https:\/\/www.abchukuk.com\/index.php\/wp-json\/wp\/v2\/media?parent=42134"}],"wp:term":[{"taxonomy":"category","embeddable":true,"href":"https:\/\/www.abchukuk.com\/index.php\/wp-json\/wp\/v2\/categories?post=42134"},{"taxonomy":"post_tag","embeddable":true,"href":"https:\/\/www.abchukuk.com\/index.php\/wp-json\/wp\/v2\/tags?post=42134"}],"curies":[{"name":"wp","href":"https:\/\/api.w.org\/{rel}","templated":true}]}}