{"id":42130,"date":"2026-09-01T17:04:00","date_gmt":"2026-09-01T17:04:00","guid":{"rendered":"https:\/\/www.abchukuk.com\/index.php\/2026\/09\/01\/eski-bakan-idris-naim-sahine-yurt-disi-cikis-yasagi-avukatlar-itiraz-edecek\/"},"modified":"2026-09-01T17:04:00","modified_gmt":"2026-09-01T17:04:00","slug":"eski-bakan-idris-naim-sahine-yurt-disi-cikis-yasagi-avukatlar-itiraz-edecek","status":"publish","type":"post","link":"https:\/\/www.abchukuk.com\/index.php\/2026\/09\/01\/eski-bakan-idris-naim-sahine-yurt-disi-cikis-yasagi-avukatlar-itiraz-edecek\/","title":{"rendered":"Eski Bakan \u0130dris Naim \u015eahin&#8217;e Yurt D\u0131\u015f\u0131 \u00c7\u0131k\u0131\u015f Yasa\u011f\u0131! Avukatlar \u0130tiraz Edecek"},"content":{"rendered":"<p><a href=\"https:\/\/www.gercekgundem.com\/guncel\/eski-bakan-idris-naim-sahine-yurt-disi-cikis-yasagi-avukatlar-itiraz-edecek-577840\"><br \/>\n                                                            <img decoding=\"async\" src=\"https:\/\/i.gercekgundem.com\/2\/150\/84\/storage\/files\/images\/2026\/09\/01\/idris-naim-sahin-icin-adli-kontrol-talebi-njft.jpg\" width=\"150\" height=\"84\" border=\"0\" align=\"right\" \/><br \/>\n                                                    <\/a><\/p>\n<h4>Alihan Kuri\u015f Su\u00e7 \u00d6rg\u00fct\u00fc soru\u015fturmas\u0131 kapsam\u0131nda adliyeye sevk edilen \u0130dris Naim \u015eahin\u2019in savc\u0131l\u0131k sorgusuna dair kritik ayr\u0131nt\u0131lar netle\u015fti. \u015eahin\u2019in \u015f\u00fcpheli s\u0131fat\u0131yla tam 3,5 saat boyunca ifade verdi\u011fi ve 12 sayfal\u0131k tutanak imzaland\u0131\u011f\u0131 \u00f6\u011frenildi. Ba\u015fsavc\u0131l\u0131k, \u015eahin\u2019in &#8216;\u00f6rg\u00fcte bilerek ve isteyerek yard\u0131m etme&#8217; ile &#8216;su\u00e7luyu kay\u0131rma&#8217; su\u00e7lar\u0131ndan yurt d\u0131\u015f\u0131na \u00e7\u0131k\u0131\u015f yasa\u011f\u0131yla cezaland\u0131r\u0131lmas\u0131n\u0131 istedi. \u015eahin hakk\u0131nda &#8216;yurt d\u0131\u015f\u0131na \u00e7\u0131k\u0131\u015f yasa\u011f\u0131&#8217; \u015feklinde adli kontrol tedbiri karar\u0131 verildi.<\/h4>\n<p>Alihan Kuri\u015f Su\u00e7 \u00d6rg\u00fct\u00fc soru\u015fturmas\u0131 kapsam\u0131nda adliyeye sevk edilen \u0130dris Naim \u015eahin\u2019in savc\u0131l\u0131k sorgusuna dair kritik ayr\u0131nt\u0131lar netle\u015fti. \u015eahin\u2019in \u015f\u00fcpheli s\u0131fat\u0131yla tam 3,5 saat boyunca ifade verdi\u011fi ve 12 sayfal\u0131k tutanak imzaland\u0131\u011f\u0131 \u00f6\u011frenildi. Ba\u015fsavc\u0131l\u0131k, \u015eahin\u2019in &#8216;\u00f6rg\u00fcte bilerek ve isteyerek yard\u0131m etme&#8217; ile &#8216;su\u00e7luyu kay\u0131rma&#8217; su\u00e7lar\u0131ndan yurt d\u0131\u015f\u0131na \u00e7\u0131k\u0131\u015f yasa\u011f\u0131yla cezaland\u0131r\u0131lmas\u0131n\u0131 istedi. \u015eahin hakk\u0131nda &#8216;yurt d\u0131\u015f\u0131na \u00e7\u0131k\u0131\u015f yasa\u011f\u0131&#8217; \u015feklinde adli kontrol tedbiri karar\u0131 verildi.\u00a0<a href=\"https:\/\/www.gercekgundem.com\/guncel\/eski-bakan-idris-naim-sahine-yurt-disi-cikis-yasagi-avukatlar-itiraz-edecek-577840\" target=\"_blank\" class=\"feedzy-rss-link-icon\">Read More<\/a><\/p>","protected":false},"excerpt":{"rendered":"<p>Alihan Kuri\u015f Su\u00e7 \u00d6rg\u00fct\u00fc soru\u015fturmas\u0131 kapsam\u0131nda adliyeye sevk edilen \u0130dris Naim \u015eahin\u2019in savc\u0131l\u0131k sorgusuna dair kritik ayr\u0131nt\u0131lar netle\u015fti. \u015eahin\u2019in \u015f\u00fcpheli s\u0131fat\u0131yla tam 3,5 saat boyunca ifade verdi\u011fi ve 12 sayfal\u0131k tutanak imzaland\u0131\u011f\u0131 \u00f6\u011frenildi. Ba\u015fsavc\u0131l\u0131k, \u015eahin\u2019in &#8216;\u00f6rg\u00fcte bilerek ve isteyerek yard\u0131m etme&#8217; ile &#8216;su\u00e7luyu kay\u0131rma&#8217; su\u00e7lar\u0131ndan yurt d\u0131\u015f\u0131na \u00e7\u0131k\u0131\u015f yasa\u011f\u0131yla cezaland\u0131r\u0131lmas\u0131n\u0131 istedi. \u015eahin hakk\u0131nda &#8216;yurt d\u0131\u015f\u0131na [&hellip;]<\/p>\n","protected":false},"author":1,"featured_media":42131,"comment_status":"open","ping_status":"open","sticky":false,"template":"","format":"standard","meta":{"footnotes":"","_links_to":"","_links_to_target":""},"categories":[1],"tags":[],"class_list":["post-42130","post","type-post","status-publish","format-standard","has-post-thumbnail","hentry","category-haberler"],"_links":{"self":[{"href":"https:\/\/www.abchukuk.com\/index.php\/wp-json\/wp\/v2\/posts\/42130","targetHints":{"allow":["GET"]}}],"collection":[{"href":"https:\/\/www.abchukuk.com\/index.php\/wp-json\/wp\/v2\/posts"}],"about":[{"href":"https:\/\/www.abchukuk.com\/index.php\/wp-json\/wp\/v2\/types\/post"}],"author":[{"embeddable":true,"href":"https:\/\/www.abchukuk.com\/index.php\/wp-json\/wp\/v2\/users\/1"}],"replies":[{"embeddable":true,"href":"https:\/\/www.abchukuk.com\/index.php\/wp-json\/wp\/v2\/comments?post=42130"}],"version-history":[{"count":0,"href":"https:\/\/www.abchukuk.com\/index.php\/wp-json\/wp\/v2\/posts\/42130\/revisions"}],"wp:featuredmedia":[{"embeddable":true,"href":"https:\/\/www.abchukuk.com\/index.php\/wp-json\/wp\/v2\/media\/42131"}],"wp:attachment":[{"href":"https:\/\/www.abchukuk.com\/index.php\/wp-json\/wp\/v2\/media?parent=42130"}],"wp:term":[{"taxonomy":"category","embeddable":true,"href":"https:\/\/www.abchukuk.com\/index.php\/wp-json\/wp\/v2\/categories?post=42130"},{"taxonomy":"post_tag","embeddable":true,"href":"https:\/\/www.abchukuk.com\/index.php\/wp-json\/wp\/v2\/tags?post=42130"}],"curies":[{"name":"wp","href":"https:\/\/api.w.org\/{rel}","templated":true}]}}