{"id":42128,"date":"2026-09-01T17:04:38","date_gmt":"2026-09-01T17:04:38","guid":{"rendered":"https:\/\/www.abchukuk.com\/index.php\/2026\/09\/01\/mugla-cumhuriyet-bassavcisi-necati-kayakozu-adaletin-gercek-gucu-toplumda-olusturdugu-guvendir\/"},"modified":"2026-09-01T17:04:38","modified_gmt":"2026-09-01T17:04:38","slug":"mugla-cumhuriyet-bassavcisi-necati-kayakozu-adaletin-gercek-gucu-toplumda-olusturdugu-guvendir","status":"publish","type":"post","link":"https:\/\/www.abchukuk.com\/index.php\/2026\/09\/01\/mugla-cumhuriyet-bassavcisi-necati-kayakozu-adaletin-gercek-gucu-toplumda-olusturdugu-guvendir\/","title":{"rendered":"Mu\u011fla Cumhuriyet Ba\u015fsavc\u0131s\u0131 Necati Kayak\u00f6z\u00fc: \u201cAdaletin ger\u00e7ek g\u00fcc\u00fc toplumda olu\u015fturdu\u011fu g\u00fcvendir\u201d"},"content":{"rendered":"<p><strong>SON.TV\/MU\u011eLA<\/strong><\/p>\n<p><strong>Mu\u011fla Cumhuriyet Ba\u015fsavc\u0131s\u0131 Necati Kayak\u00f6z\u00fc<\/strong>, yeni adli y\u0131l\u0131n a\u00e7\u0131l\u0131\u015f\u0131 dolay\u0131s\u0131yla d\u00fczenlenen programda yarg\u0131 mensuplar\u0131, adalet te\u015fkilat\u0131 \u00e7al\u0131\u015fanlar\u0131 ve davetlilere hitap etti. <strong>Konu\u015fmas\u0131na Mu\u011fla Valisi, Adli Yarg\u0131 Adalet Komisyonu Ba\u015fkan\u0131, komisyon \u00fcyeleri, Baro Ba\u015fkan\u0131, h\u00e2kimler, Cumhuriyet savc\u0131lar\u0131, adalet te\u015fkilat\u0131 mensuplar\u0131 ve davetlileri selamlayarak ba\u015flayan Kayak\u00f6z\u00fc, yeni adli y\u0131l\u0131n T\u00fcrkiye\u2019ye, Mu\u011fla\u2019ya ve adalet te\u015fkilat\u0131n\u0131n t\u00fcm mensuplar\u0131na hay\u0131rl\u0131 olmas\u0131 temennisinde bulundu.<\/strong><\/p>\n<p><img fetchpriority=\"high\" decoding=\"async\" class=\"alignnone size-medium wp-image-196978\" src=\"https:\/\/www.son.tv\/wp-content\/uploads\/2026\/09\/5ea3d14c-d1b1-4c16-b484-1a47a3fe4af8-300x200.jpeg\" alt=\"\" width=\"300\" height=\"200\" \/><\/p>\n<p><strong>YARGININ BA\u011eIMSIZLI\u011eI VATANDA\u015eIN G\u00dcVENCES\u0130<\/strong><\/p>\n<p><strong>Kayak\u00f6z\u00fc<\/strong>, yarg\u0131n\u0131n ba\u011f\u0131ms\u0131zl\u0131\u011f\u0131 ve tarafs\u0131zl\u0131\u011f\u0131n\u0131n adalet sisteminin temel unsurlar\u0131ndan biri oldu\u011funu belirterek, \u201c<strong>Yarg\u0131n\u0131n ba\u011f\u0131ms\u0131zl\u0131\u011f\u0131 ve tarafs\u0131zl\u0131\u011f\u0131 yaln\u0131zca yarg\u0131 mensuplar\u0131n\u0131n de\u011fil, adalet arayan her vatanda\u015f\u0131n g\u00fcvencesidir\u201d<\/strong> ifadelerini kulland\u0131.<\/p>\n<p>Adaletin g\u00fcven veren y\u00fcz\u00fcn\u00fcn yaln\u0131zca mahkeme kararlar\u0131nda ortaya \u00e7\u0131kmad\u0131\u011f\u0131n\u0131 vurgulayan <strong>Kayak\u00f6z\u00fc<\/strong>, vatanda\u015f\u0131n adliyede kar\u015f\u0131la\u015ft\u0131\u011f\u0131 tutumun, i\u015flemlerin \u00f6zenli ve h\u0131zl\u0131 y\u00fcr\u00fct\u00fclmesinin ve verilen kararlar\u0131n anla\u015f\u0131l\u0131r olmas\u0131n\u0131n da yarg\u0131ya duyulan g\u00fcven a\u00e7\u0131s\u0131ndan \u00f6nem ta\u015f\u0131d\u0131\u011f\u0131n\u0131 kaydetti.<\/p>\n<p><img decoding=\"async\" class=\"alignnone size-medium wp-image-196979\" src=\"https:\/\/www.son.tv\/wp-content\/uploads\/2026\/09\/4b147fe1-8b44-498a-a437-e96b24c2399e-200x300.jpeg\" alt=\"\" width=\"200\" height=\"300\" \/><\/p>\n<p><strong>ADALET\u0130N T\u00dcM PAYDA\u015eLARINA ORTAK SORUMLULUK<\/strong><\/p>\n<p>H\u00e2kimlerden Cumhuriyet savc\u0131lar\u0131na, avukatlardan adliye personeline, kolluk g\u00f6revlilerinden bilirki\u015filere ve uzla\u015ft\u0131rmac\u0131lara kadar adalet sisteminin t\u00fcm unsurlar\u0131n\u0131n ortak bir sorumluluk ta\u015f\u0131d\u0131\u011f\u0131na dikkat \u00e7eken <strong>Kayak\u00f6z\u00fc<\/strong>, adalet hizmetinin geni\u015f bir kurumsal i\u015f birli\u011fi i\u00e7inde y\u00fcr\u00fct\u00fcld\u00fc\u011f\u00fcn\u00fc ifade etti.<\/p>\n<p><img decoding=\"async\" class=\"alignnone size-medium wp-image-196980\" src=\"https:\/\/www.son.tv\/wp-content\/uploads\/2026\/09\/c20a70be-7655-4bf9-a9b7-f006df615b60-200x300.jpeg\" alt=\"\" width=\"200\" height=\"300\" \/><\/p>\n<p><strong>Kayak\u00f6z\u00fc, \u201cBu nedenle h\u00e2kiminden Cumhuriyet savc\u0131s\u0131na, avukat\u0131ndan adliye personeline, kolluk g\u00f6revlisinden bilirki\u015fisine, uzla\u015ft\u0131rmac\u0131s\u0131na kadar hepimiz ayn\u0131 sorumlulu\u011fun payda\u015flar\u0131y\u0131z\u201d<\/strong> dedi.<\/p>\n<p>\u201c<strong>ADALET YALNIZCA SU\u00c7LUNUN CEZALANDIRILMASI DE\u011e\u0130LD\u0130R\u201d<\/strong><\/p>\n<p>Konu\u015fmas\u0131nda ceza adalet sisteminin temel amac\u0131na da de\u011finen <strong>Kayak\u00f6z\u00fc, \u201cAdalet yaln\u0131zca su\u00e7lunun cezaland\u0131r\u0131lmas\u0131 de\u011fil, masumun korunmas\u0131 ve ma\u011fdurun hakk\u0131n\u0131n g\u00f6zetilmesidir\u201d<\/strong> ifadelerini kulland\u0131.<\/p>\n<p><img loading=\"lazy\" decoding=\"async\" loading=\"lazy\" class=\"alignnone size-medium wp-image-196981\" src=\"https:\/\/www.son.tv\/wp-content\/uploads\/2026\/09\/26270b25-bad5-415d-b9bc-12c01ed6ed16-200x300.jpeg\" alt=\"\" width=\"200\" height=\"300\" \/><\/p>\n<p>Yarg\u0131 hizmetlerinde ba\u015far\u0131n\u0131n yaln\u0131zca dosyalar\u0131n sonu\u00e7land\u0131r\u0131lmas\u0131yla de\u011ferlendirilemeyece\u011fini belirten <strong>Kayak\u00f6z\u00fc<\/strong>, vatanda\u015f\u0131n adalet sisteminden ayr\u0131l\u0131rken hissetti\u011fi g\u00fcven duygusunun da \u00f6nem ta\u015f\u0131d\u0131\u011f\u0131n\u0131 s\u00f6yledi.<\/p>\n<p><strong>Kayak\u00f6z\u00fc, \u201cBiz yarg\u0131 mensuplar\u0131 i\u00e7in as\u0131l ba\u015far\u0131 yaln\u0131zca dosyalar\u0131n sonu\u00e7land\u0131r\u0131lmas\u0131 de\u011fil, vatanda\u015f\u0131n adliyeden \u2018Hakk\u0131m g\u00f6zetildi\u2019 duygusuyla ayr\u0131lmas\u0131d\u0131r. Adaletin ger\u00e7ek g\u00fcc\u00fc toplumda olu\u015fturdu\u011fu g\u00fcvendir\u201d<\/strong> diye konu\u015ftu.<\/p>\n<p><img loading=\"lazy\" decoding=\"async\" loading=\"lazy\" class=\"alignnone size-medium wp-image-196982\" src=\"https:\/\/www.son.tv\/wp-content\/uploads\/2026\/09\/1deea059-f731-46a6-827d-ea76647e43b1-300x200.jpeg\" alt=\"\" width=\"300\" height=\"200\" \/><\/p>\n<p><strong>MU\u011eLA\u2019NIN YAZ N\u00dcFUSUNA D\u0130KKAT \u00c7EKT\u0130<\/strong><\/p>\n<p><strong>Mu\u011fla<\/strong>\u2019n\u0131n geni\u015f co\u011frafyas\u0131, il\u00e7eleri ve \u00f6zellikle yaz aylar\u0131nda artan n\u00fcfusuyla kendine \u00f6zg\u00fc bir \u00e7al\u0131\u015fma ortam\u0131na sahip oldu\u011funa dikkat \u00e7eken <strong>Kayak\u00f6z\u00fc<\/strong>, adalet hizmetlerinin ilin tamam\u0131nda eri\u015filebilir olmas\u0131n\u0131n \u00f6nemini vurgulad\u0131.<\/p>\n<p><strong>Kayak\u00f6z\u00fc, \u201cBizlere d\u00fc\u015fen g\u00f6rev, Mu\u011flam\u0131z\u0131n hangi il\u00e7esinde ya\u015farsa ya\u015fas\u0131n her bir vatanda\u015f\u0131m\u0131z\u0131n adalete g\u00fcvenle ula\u015fabilmesini sa\u011flamakt\u0131r\u201d<\/strong> ifadelerini kulland\u0131.<\/p>\n<p><strong>Kayak\u00f6z\u00fc<\/strong>\u2019n\u00fcn <strong>Mu\u011fla<\/strong>\u2019n\u0131n geni\u015f co\u011frafyas\u0131 ve \u00f6zellikle yaz aylar\u0131nda artan n\u00fcfusuna yapt\u0131\u011f\u0131 vurgu, kentte adalet hizmetlerine eri\u015fimin \u00f6nemini \u00f6ne \u00e7\u0131kard\u0131.<\/p>\n<p><strong>G\u00d6REV BA\u015eINDA HAYATINI KAYBEDEN YARGI MENSUPLARINI ANDI<\/strong><\/p>\n<p><strong>Kayak\u00f6z\u00fc<\/strong>, konu\u015fmas\u0131n\u0131n sonunda adalet hizmetlerinin y\u00fcr\u00fct\u00fclmesine katk\u0131 sunan h\u00e2kimlere, Cumhuriyet savc\u0131lar\u0131na, avukatlara, adliye personeline ve kolluk g\u00f6revlilerine te\u015fekk\u00fcr etti.<\/p>\n<p>G\u00f6revleri ba\u015f\u0131nda hayat\u0131n\u0131 kaybeden yarg\u0131 mensuplar\u0131n\u0131 rahmet ve sayg\u0131yla and\u0131\u011f\u0131n\u0131 ifade eden Kayak\u00f6z\u00fc, emekliye ayr\u0131lan meslekta\u015flar\u0131na da sa\u011fl\u0131k ve huzur dile\u011finde bulundu.<\/p>\n<p><img loading=\"lazy\" decoding=\"async\" loading=\"lazy\" class=\"alignnone size-medium wp-image-196983\" src=\"https:\/\/www.son.tv\/wp-content\/uploads\/2026\/09\/8d08ad8f-cee4-42eb-94da-8bbf21120bd0-300x200.jpeg\" alt=\"\" width=\"300\" height=\"200\" \/><\/p>\n<p><strong>CUMHUR\u0130YET, ANAYASA VE HUKUKUN \u00dcST\u00dcNL\u00dc\u011e\u00dc VURGUSU<\/strong><\/p>\n<p><strong>Cumhuriyetin kurucusu Gazi Mustafa Kemal Atat\u00fcrk<\/strong>\u2019\u00fcn g\u00f6sterdi\u011fi \u00e7a\u011fda\u015f uygarl\u0131k hedefini hat\u0131rlatan <strong>Kayak\u00f6z\u00fc<\/strong>, <strong>Cumhuriyet\u2019<\/strong>e, <strong>Anayasa<\/strong>\u2019ya ve hukukun \u00fcst\u00fcnl\u00fc\u011f\u00fcne ba\u011fl\u0131l\u0131kla g\u00f6rev yapmaya devam edeceklerini belirtti.<\/p>\n<p><strong>Kayak\u00f6z\u00fc, yeni adli y\u0131l\u0131n T\u00fcrkiye\u2019ye, millete ve Mu\u011fla\u2019ya hay\u0131rl\u0131 olmas\u0131n\u0131, adalet, huzur ve g\u00fcven getirmesini dileyerek konu\u015fmas\u0131n\u0131 tamamlad\u0131.<\/strong><\/p>\n<p><img loading=\"lazy\" decoding=\"async\" loading=\"lazy\" class=\"alignnone size-medium wp-image-196984\" src=\"https:\/\/www.son.tv\/wp-content\/uploads\/2026\/09\/7ad7ccfd-2439-4650-9644-d85eef2deb58-300x200.jpeg\" alt=\"\" width=\"300\" height=\"200\" \/><\/p>\n<p><strong>ET\u0130KETLER: #Mu\u011fla #NecatiKayak\u00f6z\u00fc #Mu\u011flaCumhuriyetBa\u015fsavc\u0131l\u0131\u011f\u0131 #YeniAdliY\u0131l #Adalet #Yarg\u0131 #Hukukun\u00dcst\u00fcnl\u00fc\u011f\u00fc #Yarg\u0131Ba\u011f\u0131ms\u0131zl\u0131\u011f\u0131 #Yarg\u0131Tarafs\u0131zl\u0131\u011f\u0131 #SonTV<\/strong><\/p>\n<p>Mu\u011fla Cumhuriyet Ba\u015fsavc\u0131s\u0131 Necati Kayak\u00f6z\u00fc, yeni adli y\u0131l dolay\u0131s\u0131yla yapt\u0131\u011f\u0131 konu\u015fmada yarg\u0131n\u0131n ba\u011f\u0131ms\u0131zl\u0131\u011f\u0131 ve tarafs\u0131zl\u0131\u011f\u0131n\u0131n yaln\u0131zca yarg\u0131 mensuplar\u0131 i\u00e7in de\u011fil, adalet arayan her vatanda\u015f i\u00e7in g\u00fcvence oldu\u011funu vurgulad\u0131. Kayak\u00f6z\u00fc, \u201cBiz yarg\u0131 mensuplar\u0131 i\u00e7in as\u0131l ba\u015far\u0131 yaln\u0131zca dosyalar\u0131n sonu\u00e7land\u0131r\u0131lmas\u0131 de\u011fil, vatanda\u015f\u0131n adliyeden \u2018Hakk\u0131m g\u00f6zetildi\u2019 duygusuyla ayr\u0131lmas\u0131d\u0131r\u201d dedi.\u00a0<a href=\"https:\/\/www.son.tv\/mugla-cumhuriyet-bassavcisi-necati-kayakozu-adaletin-gercek-gucu-toplumda-olusturdugu-guvendir\/\" target=\"_blank\" class=\"feedzy-rss-link-icon\">Read More<\/a><\/p>","protected":false},"excerpt":{"rendered":"<p>SON.TV\/MU\u011eLA Mu\u011fla Cumhuriyet Ba\u015fsavc\u0131s\u0131 Necati Kayak\u00f6z\u00fc, yeni adli y\u0131l\u0131n a\u00e7\u0131l\u0131\u015f\u0131 dolay\u0131s\u0131yla d\u00fczenlenen programda yarg\u0131 mensuplar\u0131, adalet te\u015fkilat\u0131 \u00e7al\u0131\u015fanlar\u0131 ve davetlilere hitap etti. Konu\u015fmas\u0131na Mu\u011fla Valisi, Adli Yarg\u0131 Adalet Komisyonu Ba\u015fkan\u0131, komisyon \u00fcyeleri, Baro Ba\u015fkan\u0131, h\u00e2kimler, Cumhuriyet savc\u0131lar\u0131, adalet te\u015fkilat\u0131 mensuplar\u0131 ve davetlileri selamlayarak ba\u015flayan Kayak\u00f6z\u00fc, yeni adli y\u0131l\u0131n T\u00fcrkiye\u2019ye, Mu\u011fla\u2019ya ve adalet te\u015fkilat\u0131n\u0131n t\u00fcm mensuplar\u0131na [&hellip;]<\/p>\n","protected":false},"author":1,"featured_media":42129,"comment_status":"open","ping_status":"open","sticky":false,"template":"","format":"standard","meta":{"footnotes":"","_links_to":"","_links_to_target":""},"categories":[1],"tags":[],"class_list":["post-42128","post","type-post","status-publish","format-standard","has-post-thumbnail","hentry","category-haberler"],"_links":{"self":[{"href":"https:\/\/www.abchukuk.com\/index.php\/wp-json\/wp\/v2\/posts\/42128","targetHints":{"allow":["GET"]}}],"collection":[{"href":"https:\/\/www.abchukuk.com\/index.php\/wp-json\/wp\/v2\/posts"}],"about":[{"href":"https:\/\/www.abchukuk.com\/index.php\/wp-json\/wp\/v2\/types\/post"}],"author":[{"embeddable":true,"href":"https:\/\/www.abchukuk.com\/index.php\/wp-json\/wp\/v2\/users\/1"}],"replies":[{"embeddable":true,"href":"https:\/\/www.abchukuk.com\/index.php\/wp-json\/wp\/v2\/comments?post=42128"}],"version-history":[{"count":0,"href":"https:\/\/www.abchukuk.com\/index.php\/wp-json\/wp\/v2\/posts\/42128\/revisions"}],"wp:featuredmedia":[{"embeddable":true,"href":"https:\/\/www.abchukuk.com\/index.php\/wp-json\/wp\/v2\/media\/42129"}],"wp:attachment":[{"href":"https:\/\/www.abchukuk.com\/index.php\/wp-json\/wp\/v2\/media?parent=42128"}],"wp:term":[{"taxonomy":"category","embeddable":true,"href":"https:\/\/www.abchukuk.com\/index.php\/wp-json\/wp\/v2\/categories?post=42128"},{"taxonomy":"post_tag","embeddable":true,"href":"https:\/\/www.abchukuk.com\/index.php\/wp-json\/wp\/v2\/tags?post=42128"}],"curies":[{"name":"wp","href":"https:\/\/api.w.org\/{rel}","templated":true}]}}