{"id":42126,"date":"2026-09-01T14:15:00","date_gmt":"2026-09-01T14:15:00","guid":{"rendered":"https:\/\/www.abchukuk.com\/index.php\/2026\/09\/01\/adalet-pesinde-aileler-platformu-yargitay-onunde-niye-biz-bu-ulkede-surekli-hak-aramak-zorundayiz\/"},"modified":"2026-09-01T14:15:00","modified_gmt":"2026-09-01T14:15:00","slug":"adalet-pesinde-aileler-platformu-yargitay-onunde-niye-biz-bu-ulkede-surekli-hak-aramak-zorundayiz","status":"publish","type":"post","link":"https:\/\/www.abchukuk.com\/index.php\/2026\/09\/01\/adalet-pesinde-aileler-platformu-yargitay-onunde-niye-biz-bu-ulkede-surekli-hak-aramak-zorundayiz\/","title":{"rendered":"Adalet Pe\u015finde Aileler Platformu, Yarg\u0131tay \u00f6n\u00fcnde: &#8216;Niye biz bu \u00fclkede s\u00fcrekli hak aramak zorunday\u0131z?&#8217;"},"content":{"rendered":"<p>Adli Y\u0131l A\u00e7\u0131l\u0131\u015f T\u00f6reni \u00f6ncesinde Yarg\u0131tay \u00f6n\u00fcnde toplanan Adalet Pe\u015finde Aileler Platformu, &#8220;\u0130\u00e7i\u015fleri Bakanl\u0131\u011f\u0131 neden 6 \u015eubat depreminde soru\u015fturmada ad\u0131 ge\u00e7en kamu g\u00f6revlileri i\u00e7in dokunulmazl\u0131\u011f\u0131 kald\u0131rm\u0131yor&#8221; sorusunu y\u00f6neltti. Malatya Trend Garden Rezidans binas\u0131nda k\u0131z\u0131n\u0131 kaybeden Sibel K\u00f6ksalan, &#8220;Yeter! Hak aramak istemiyorum hakk\u0131m\u0131 verin aramayay\u0131m art\u0131k&#8221; dedi.Adli Y\u0131l A\u00e7\u0131l\u0131\u015f T\u00f6reni \u00f6ncesinde Yarg\u0131tay \u00f6n\u00fcnde toplanan Adalet Pe\u015finde Aileler Platformu, &#8220;\u0130\u00e7i\u015fleri Bakanl\u0131\u011f\u0131 neden 6 \u015eubat depreminde soru\u015fturmada ad\u0131 ge\u00e7en kamu g\u00f6revlileri i\u00e7in dokunulmazl\u0131\u011f\u0131 kald\u0131rm\u0131yor&#8221; sorusunu y\u00f6neltti. Malatya Trend Garden Rezidans binas\u0131nda k\u0131z\u0131n\u0131 kaybeden Sibel K\u00f6ksalan, &#8220;Yeter! Hak aramak istemiyorum hakk\u0131m\u0131 verin aramayay\u0131m art\u0131k&#8221; dedi.\u00a0<a href=\"https:\/\/www.cumhuriyet.com.tr\/siyaset\/adalet-pesinde-aileler-platformu-yargitay-onunde-niye-biz-bu-ulkede-surekli-hak-aramak-zorundayiz-2534099\" target=\"_blank\" class=\"feedzy-rss-link-icon\">Read More<\/a><\/p>","protected":false},"excerpt":{"rendered":"<p>Adli Y\u0131l A\u00e7\u0131l\u0131\u015f T\u00f6reni \u00f6ncesinde Yarg\u0131tay \u00f6n\u00fcnde toplanan Adalet Pe\u015finde Aileler Platformu, &#8220;\u0130\u00e7i\u015fleri Bakanl\u0131\u011f\u0131 neden 6 \u015eubat depreminde soru\u015fturmada ad\u0131 ge\u00e7en kamu g\u00f6revlileri i\u00e7in dokunulmazl\u0131\u011f\u0131 kald\u0131rm\u0131yor&#8221; sorusunu y\u00f6neltti. Malatya Trend Garden Rezidans binas\u0131nda k\u0131z\u0131n\u0131 kaybeden Sibel K\u00f6ksalan, &#8220;Yeter! Hak aramak istemiyorum hakk\u0131m\u0131 verin aramayay\u0131m art\u0131k&#8221; dedi.Adli Y\u0131l A\u00e7\u0131l\u0131\u015f T\u00f6reni \u00f6ncesinde Yarg\u0131tay \u00f6n\u00fcnde toplanan Adalet Pe\u015finde [&hellip;]<\/p>\n","protected":false},"author":1,"featured_media":42127,"comment_status":"open","ping_status":"open","sticky":false,"template":"","format":"standard","meta":{"footnotes":"","_links_to":"","_links_to_target":""},"categories":[1],"tags":[],"class_list":["post-42126","post","type-post","status-publish","format-standard","has-post-thumbnail","hentry","category-haberler"],"_links":{"self":[{"href":"https:\/\/www.abchukuk.com\/index.php\/wp-json\/wp\/v2\/posts\/42126","targetHints":{"allow":["GET"]}}],"collection":[{"href":"https:\/\/www.abchukuk.com\/index.php\/wp-json\/wp\/v2\/posts"}],"about":[{"href":"https:\/\/www.abchukuk.com\/index.php\/wp-json\/wp\/v2\/types\/post"}],"author":[{"embeddable":true,"href":"https:\/\/www.abchukuk.com\/index.php\/wp-json\/wp\/v2\/users\/1"}],"replies":[{"embeddable":true,"href":"https:\/\/www.abchukuk.com\/index.php\/wp-json\/wp\/v2\/comments?post=42126"}],"version-history":[{"count":0,"href":"https:\/\/www.abchukuk.com\/index.php\/wp-json\/wp\/v2\/posts\/42126\/revisions"}],"wp:featuredmedia":[{"embeddable":true,"href":"https:\/\/www.abchukuk.com\/index.php\/wp-json\/wp\/v2\/media\/42127"}],"wp:attachment":[{"href":"https:\/\/www.abchukuk.com\/index.php\/wp-json\/wp\/v2\/media?parent=42126"}],"wp:term":[{"taxonomy":"category","embeddable":true,"href":"https:\/\/www.abchukuk.com\/index.php\/wp-json\/wp\/v2\/categories?post=42126"},{"taxonomy":"post_tag","embeddable":true,"href":"https:\/\/www.abchukuk.com\/index.php\/wp-json\/wp\/v2\/tags?post=42126"}],"curies":[{"name":"wp","href":"https:\/\/api.w.org\/{rel}","templated":true}]}}