{"id":42124,"date":"2026-09-01T14:29:00","date_gmt":"2026-09-01T14:29:00","guid":{"rendered":"https:\/\/www.abchukuk.com\/index.php\/2026\/09\/01\/suleymancilar-sorusturmasi-idris-naim-sahin-ankara-adliyesinde-ifade-veriyor\/"},"modified":"2026-09-01T14:29:00","modified_gmt":"2026-09-01T14:29:00","slug":"suleymancilar-sorusturmasi-idris-naim-sahin-ankara-adliyesinde-ifade-veriyor","status":"publish","type":"post","link":"https:\/\/www.abchukuk.com\/index.php\/2026\/09\/01\/suleymancilar-sorusturmasi-idris-naim-sahin-ankara-adliyesinde-ifade-veriyor\/","title":{"rendered":"S\u00fcleymanc\u0131lar soru\u015fturmas\u0131: \u0130dris Naim \u015eahin, Ankara Adliyesi&#8217;nde ifade veriyor"},"content":{"rendered":"<p>S\u00fcleymanc\u0131lara y\u00f6nelik soru\u015fturma kapsam\u0131nda savc\u0131l\u0131k taraf\u0131ndan ifadeye \u00e7a\u011fr\u0131lan eski \u0130\u00e7i\u015fleri Bakan\u0131 \u0130dris Naim ifade vermek i\u00e7in Ankara Adliyesi&#8217;ne geldi. \u0130dris Naim \u015eahin&#8217;e tahsisli ara\u00e7lardan birinin S\u00fcleymanc\u0131lar\u0131n lideri Alihan Kuri\u015f&#8217;in karde\u015fi Hilmi Tuna Kuri\u015f taraf\u0131ndan kullan\u0131ld\u0131\u011f\u0131 ortaya \u00e7\u0131km\u0131\u015ft\u0131.S\u00fcleymanc\u0131lara y\u00f6nelik soru\u015fturma kapsam\u0131nda savc\u0131l\u0131k taraf\u0131ndan ifadeye \u00e7a\u011fr\u0131lan eski \u0130\u00e7i\u015fleri Bakan\u0131 \u0130dris Naim ifade vermek i\u00e7in Ankara Adliyesi&#8217;ne geldi. \u0130dris Naim \u015eahin&#8217;e tahsisli ara\u00e7lardan birinin S\u00fcleymanc\u0131lar\u0131n lideri Alihan Kuri\u015f&#8217;in karde\u015fi Hilmi Tuna Kuri\u015f taraf\u0131ndan kullan\u0131ld\u0131\u011f\u0131 ortaya \u00e7\u0131km\u0131\u015ft\u0131.\u00a0<a href=\"https:\/\/www.cumhuriyet.com.tr\/siyaset\/suleymancilar-sorusturmasi-idris-naim-sahin-ankara-adliyesi-nde-ifade-veriyor-2534107\" target=\"_blank\" class=\"feedzy-rss-link-icon\">Read More<\/a><\/p>","protected":false},"excerpt":{"rendered":"<p>S\u00fcleymanc\u0131lara y\u00f6nelik soru\u015fturma kapsam\u0131nda savc\u0131l\u0131k taraf\u0131ndan ifadeye \u00e7a\u011fr\u0131lan eski \u0130\u00e7i\u015fleri Bakan\u0131 \u0130dris Naim ifade vermek i\u00e7in Ankara Adliyesi&#8217;ne geldi. \u0130dris Naim \u015eahin&#8217;e tahsisli ara\u00e7lardan birinin S\u00fcleymanc\u0131lar\u0131n lideri Alihan Kuri\u015f&#8217;in karde\u015fi Hilmi Tuna Kuri\u015f taraf\u0131ndan kullan\u0131ld\u0131\u011f\u0131 ortaya \u00e7\u0131km\u0131\u015ft\u0131.S\u00fcleymanc\u0131lara y\u00f6nelik soru\u015fturma kapsam\u0131nda savc\u0131l\u0131k taraf\u0131ndan ifadeye \u00e7a\u011fr\u0131lan eski \u0130\u00e7i\u015fleri Bakan\u0131 \u0130dris Naim ifade vermek i\u00e7in Ankara Adliyesi&#8217;ne geldi. [&hellip;]<\/p>\n","protected":false},"author":1,"featured_media":42125,"comment_status":"open","ping_status":"open","sticky":false,"template":"","format":"standard","meta":{"footnotes":"","_links_to":"","_links_to_target":""},"categories":[1],"tags":[],"class_list":["post-42124","post","type-post","status-publish","format-standard","has-post-thumbnail","hentry","category-haberler"],"_links":{"self":[{"href":"https:\/\/www.abchukuk.com\/index.php\/wp-json\/wp\/v2\/posts\/42124","targetHints":{"allow":["GET"]}}],"collection":[{"href":"https:\/\/www.abchukuk.com\/index.php\/wp-json\/wp\/v2\/posts"}],"about":[{"href":"https:\/\/www.abchukuk.com\/index.php\/wp-json\/wp\/v2\/types\/post"}],"author":[{"embeddable":true,"href":"https:\/\/www.abchukuk.com\/index.php\/wp-json\/wp\/v2\/users\/1"}],"replies":[{"embeddable":true,"href":"https:\/\/www.abchukuk.com\/index.php\/wp-json\/wp\/v2\/comments?post=42124"}],"version-history":[{"count":0,"href":"https:\/\/www.abchukuk.com\/index.php\/wp-json\/wp\/v2\/posts\/42124\/revisions"}],"wp:featuredmedia":[{"embeddable":true,"href":"https:\/\/www.abchukuk.com\/index.php\/wp-json\/wp\/v2\/media\/42125"}],"wp:attachment":[{"href":"https:\/\/www.abchukuk.com\/index.php\/wp-json\/wp\/v2\/media?parent=42124"}],"wp:term":[{"taxonomy":"category","embeddable":true,"href":"https:\/\/www.abchukuk.com\/index.php\/wp-json\/wp\/v2\/categories?post=42124"},{"taxonomy":"post_tag","embeddable":true,"href":"https:\/\/www.abchukuk.com\/index.php\/wp-json\/wp\/v2\/tags?post=42124"}],"curies":[{"name":"wp","href":"https:\/\/api.w.org\/{rel}","templated":true}]}}