{"id":42120,"date":"2026-09-01T14:58:34","date_gmt":"2026-09-01T14:58:34","guid":{"rendered":"https:\/\/www.abchukuk.com\/index.php\/2026\/09\/01\/cumhuriyet-bassavcisi-karabul-devlet-gucunu-adalete-duyulan-inanctan-alir\/"},"modified":"2026-09-01T14:58:34","modified_gmt":"2026-09-01T14:58:34","slug":"cumhuriyet-bassavcisi-karabul-devlet-gucunu-adalete-duyulan-inanctan-alir","status":"publish","type":"post","link":"https:\/\/www.abchukuk.com\/index.php\/2026\/09\/01\/cumhuriyet-bassavcisi-karabul-devlet-gucunu-adalete-duyulan-inanctan-alir\/","title":{"rendered":"Cumhuriyet Ba\u015fsavc\u0131s\u0131 Karabul: Devlet g\u00fcc\u00fcn\u00fc adalete duyulan inan\u00e7tan al\u0131r"},"content":{"rendered":"<p><strong>SON.TV\/SAKARYA<\/strong><\/p>\n<p><strong>Karasu Adliyesi\u2019nde 2026-2027<\/strong> adli y\u0131l\u0131n\u0131n ba\u015flang\u0131c\u0131 dolay\u0131s\u0131yla t\u00f6ren d\u00fczenlendi. Sayg\u0131 duru\u015funda bulunulmas\u0131 ve \u0130stiklal Mar\u015f\u0131\u2019n\u0131n okunmas\u0131yla ba\u015flayan programda yeni adli y\u0131l\u0131n ilk mesaj\u0131n\u0131 <strong>Karasu Cumhuriyet Ba\u015fsavc\u0131s\u0131 Erkan Karabul verdi.<\/strong><\/p>\n<p><strong>Karabul<\/strong>, yarg\u0131 mensuplar\u0131n\u0131n ortak sorumlulu\u011funun toplumdaki adalet duygusunu g\u00fc\u00e7lendirmek ve hukuk devletinin temel ilkelerini kararl\u0131l\u0131kla ya\u015fatmak oldu\u011funu s\u00f6yledi.<\/p>\n<p><img fetchpriority=\"high\" decoding=\"async\" class=\"alignnone size-medium wp-image-196925\" src=\"https:\/\/www.son.tv\/wp-content\/uploads\/2026\/09\/ae8bacc6-1c54-4aeb-a85d-344c7c876d23-1-225x300.jpeg\" alt=\"\" width=\"225\" height=\"300\" \/><\/p>\n<p>\u201c<strong>HEP\u0130M\u0130Z\u0130N ORTAK SORUMLULU\u011eU ADALET DUYGUSUNU G\u00dc\u00c7LEND\u0130RMEKT\u0130R\u201d<\/strong><\/p>\n<p>Yeni adli y\u0131l dolay\u0131s\u0131yla yapt\u0131\u011f\u0131 konu\u015fmada hukuk devleti ve adalet vurgusunda bulunan <strong>Cumhuriyet Ba\u015fsavc\u0131s\u0131 Erkan Karabul, \u201cHepimizin ortak sorumlulu\u011fu, toplumun adalet duygusunu g\u00fc\u00e7lendirmek ve hukuk devletinin temel ilkelerini kararl\u0131l\u0131kla ya\u015fatmakt\u0131r\u201d<\/strong> ifadelerini kulland\u0131.<\/p>\n<p><strong>Karabul<\/strong>, adaletin yaln\u0131zca devlet mekanizmas\u0131n\u0131n bir unsuru olmad\u0131\u011f\u0131n\u0131, toplumlar\u0131n tarih boyunca ihtiya\u00e7 duydu\u011fu temel de\u011ferlerden biri oldu\u011funu belirtti.<\/p>\n<p><img decoding=\"async\" class=\"alignnone size-medium wp-image-196924\" src=\"https:\/\/www.son.tv\/wp-content\/uploads\/2026\/09\/fad85b22-b15b-4213-ab10-e0b14dfac392-1-300x200.jpeg\" alt=\"\" width=\"300\" height=\"200\" \/><\/p>\n<p>\u201c<strong>ADALET DEVLET KAVRAMINDAN DAHA K\u00d6KL\u00dc B\u0130R \u0130HT\u0130YA\u00c7TIR\u201d<\/strong><\/p>\n<p><strong>Ba\u015fsavc\u0131 Karabul<\/strong> konu\u015fmas\u0131nda, \u201c<strong>Adalet m\u00fclk\u00fcn temelidir\u201d<\/strong> s\u00f6z\u00fcnden hareketle adalet ve devlet aras\u0131ndaki ili\u015fkiye dikkat \u00e7ekti.<\/p>\n<p><strong>Karabul<\/strong>, adalet kavram\u0131n\u0131n devlet kavram\u0131ndan daha k\u00f6kl\u00fc bir ihtiya\u00e7 oldu\u011funu belirterek, insanl\u0131k tarihi boyunca g\u00fc\u00e7l\u00fc-zay\u0131f ve hakl\u0131-haks\u0131z aras\u0131ndaki e\u015fitsizliklerin var oldu\u011funu ifade etti.<\/p>\n<p>\u0130nsanlar\u0131n adalete duydu\u011fu ihtiyac\u0131n devlet kurumunun ortaya \u00e7\u0131kmas\u0131nda belirleyici oldu\u011funu kaydeden Karabul, devletin vatanda\u015flar\u0131 aras\u0131nda hakkaniyet ve adaleti sa\u011flama sorumlulu\u011funu ta\u015f\u0131d\u0131\u011f\u0131n\u0131 s\u00f6yledi.<\/p>\n<p><img decoding=\"async\" class=\"alignnone size-medium wp-image-196926\" src=\"https:\/\/www.son.tv\/wp-content\/uploads\/2026\/09\/2c8d8a07-0a64-4d3c-95d9-f988ad50d9ff-1-300x200.jpeg\" alt=\"\" width=\"300\" height=\"200\" \/><\/p>\n<p>\u201c<strong>ADALET DEVLET\u0130N TEMEL\u0130D\u0130R\u201d<\/strong><\/p>\n<p><strong>Ba\u015fsavc\u0131 Erkan Karabul,<\/strong> devlet kurumunun toplum i\u00e7inde adalet ve hakkaniyeti tesis etmek amac\u0131 ta\u015f\u0131d\u0131\u011f\u0131n\u0131 belirterek, bu \u00e7er\u00e7evede adaletin devletin temeli oldu\u011funu vurgulad\u0131.<\/p>\n<p><strong>Karabul<\/strong>, devlet ile vatanda\u015f aras\u0131ndaki g\u00fcven ili\u015fkisinin de kanunlar\u0131n e\u015fit uygulanmas\u0131 ve adalet duygusunun korunmas\u0131yla g\u00fc\u00e7lenece\u011fini ifade etti.<\/p>\n<p><img loading=\"lazy\" decoding=\"async\" loading=\"lazy\" class=\"alignnone size-medium wp-image-196927\" src=\"https:\/\/www.son.tv\/wp-content\/uploads\/2026\/09\/bc1b7536-e178-47ee-887c-ab8e851d91f5-1-300x200.jpeg\" alt=\"\" width=\"300\" height=\"200\" \/><\/p>\n<p>\u201c<strong>DEVLET G\u00dcC\u00dcN\u00dc YALNIZCA OTOR\u0130TEDEN ALMAZ\u201d<\/strong><\/p>\n<p>Yeni adli y\u0131l konu\u015fmas\u0131nda dikkat \u00e7eken mesajlardan birini veren <strong>Karabul<\/strong>, devletin g\u00fcc\u00fcn\u00fcn yaln\u0131zca otoriteden kaynaklanmad\u0131\u011f\u0131n\u0131 s\u00f6yledi.<\/p>\n<p><strong>Karabul, \u201cDevlet g\u00fcc\u00fcn\u00fc yaln\u0131zca sahip oldu\u011fu otoriteden de\u011fil, kanun kar\u015f\u0131s\u0131nda herkesin e\u015fit oldu\u011funa duyulan inan\u00e7tan al\u0131r\u201d<\/strong> dedi.<\/p>\n<p><strong>Ba\u015fsavc\u0131 Karabul,<\/strong> adliye koridorlar\u0131nda vatanda\u015flar\u0131n yaln\u0131zca bir mahkeme karar\u0131 beklemedi\u011fini, ayn\u0131 zamanda hakk\u0131n ve hakkaniyetin ger\u00e7ekle\u015fmesini bekledi\u011fini dile getirdi.<\/p>\n<p><img loading=\"lazy\" decoding=\"async\" loading=\"lazy\" class=\"alignnone size-medium wp-image-196928\" src=\"https:\/\/www.son.tv\/wp-content\/uploads\/2026\/09\/3b37fec5-f8a8-4ea9-8c39-e6784729e9e1-1-300x200.jpeg\" alt=\"\" width=\"300\" height=\"200\" \/><\/p>\n<p><strong>\u201cADL\u0130YE KOR\u0130DORLARINDA ARANAN YALNIZCA B\u0130R KARAR DE\u011e\u0130LD\u0130R\u201d<\/strong><\/p>\n<p><strong>Karabul<\/strong>, adalet hizmetlerine ili\u015fkin de\u011ferlendirmesinde, <strong>\u201cAdliye koridorlar\u0131nda aranan yaln\u0131zca bir karar de\u011fil, hakk\u0131n ve hakkaniyetin tecellisidir\u201d<\/strong> ifadelerini kulland\u0131.<\/p>\n<p>Yeni adli y\u0131la ili\u015fkin temennilerini de payla\u015fan Karabul, hukukun \u00fcst\u00fcnl\u00fc\u011f\u00fcn\u00fcn daha da g\u00fc\u00e7lendi\u011fi, adaletin gecikmedi\u011fi ve hakkaniyetin verilen kararlarda kar\u015f\u0131l\u0131k buldu\u011fu bir hukuk d\u00fczeni istediklerini belirtti.<\/p>\n<p><img loading=\"lazy\" decoding=\"async\" loading=\"lazy\" class=\"alignnone size-medium wp-image-196929\" src=\"https:\/\/www.son.tv\/wp-content\/uploads\/2026\/09\/3e0a3da7-e412-4f7d-a481-240780d317a3-1-300x200.jpeg\" alt=\"\" width=\"300\" height=\"200\" \/><\/p>\n<p>\u201c<strong>VATANDA\u015e ADL\u0130YE KAPISINDAN G\u0130RERKEN DEVLETE G\u00dcVEN\u0130N\u0130 KORUMALI\u201d<\/strong><\/p>\n<p><strong>Karabul<\/strong>, yeni adli y\u0131ldaki beklentilerini \u015f\u00f6yle dile getirdi:<\/p>\n<p><strong>\u201cYeni adli y\u0131lda dile\u011fimiz; hukukun \u00fcst\u00fcnl\u00fc\u011f\u00fcn\u00fcn daha da g\u00fc\u00e7lendi\u011fi, adaletin gecikmedi\u011fi, hakkaniyetin her kararda hayat buldu\u011fu ve vatanda\u015flar\u0131m\u0131z\u0131n adliye kap\u0131s\u0131ndan i\u00e7eri girerken devlete olan g\u00fcvenini korudu\u011fu bir hukuk d\u00fczenidir.\u201d<\/strong><\/p>\n<p><img loading=\"lazy\" decoding=\"async\" loading=\"lazy\" class=\"alignnone size-medium wp-image-196930\" src=\"https:\/\/www.son.tv\/wp-content\/uploads\/2026\/09\/b523385d-77b0-494f-97d1-47f4e928e108-3-300x200.jpeg\" alt=\"\" width=\"300\" height=\"200\" \/><\/p>\n<p><strong>T\u00d6RENE YARGI VE \u0130L\u00c7E PROTOKOL\u00dc KATILDI<\/strong><\/p>\n<p><strong>Karasu Adliyesi\u2019nde ger\u00e7ekle\u015ftirilen 2026-2027 adli y\u0131l a\u00e7\u0131l\u0131\u015f t\u00f6renine \u0130l\u00e7e Emniyet M\u00fcd\u00fcr\u00fc Ba\u015fkomiser Mahmud K\u0131r\u0131m, \u0130l\u00e7e Jandarma Komutan\u0131 \u00dcste\u011fmen Onur Yald\u0131rak ve Sahil G\u00fcvenlik Komutan\u0131 Astsubay \u00dc\u00e7\u00fcnc\u00fc S\u0131n\u0131f Sedat G\u00fclnar\u2019\u0131n yan\u0131 s\u0131ra daire amirleri, h\u00e2kimler, Cumhuriyet savc\u0131lar\u0131 ve avukatlar kat\u0131ld\u0131.<\/strong><\/p>\n<p><strong>ERKAN KARABUL YEN\u0130 G\u00d6REV\u0130NE 2026 KARARNAMES\u0130YLE ATANDI<\/strong><\/p>\n<p>Karasu Cumhuriyet Ba\u015fsavc\u0131s\u0131 Erkan Karabul, H\u00e2kimler ve Savc\u0131lar Kurulu\u2019nun 12 Haziran 2026 tarihli Adli Yarg\u0131 Yaz Kararnamesi kapsam\u0131nda \u0130neg\u00f6l Cumhuriyet Savc\u0131l\u0131\u011f\u0131 g\u00f6revinden Karasu Cumhuriyet Ba\u015fsavc\u0131l\u0131\u011f\u0131 g\u00f6revine atanm\u0131\u015ft\u0131.<\/p>\n<p>Karabul, yeni g\u00f6rev yerindeki ilk adli y\u0131l a\u00e7\u0131l\u0131\u015f\u0131nda yapt\u0131\u011f\u0131 konu\u015fmada hukuk devleti, hakkaniyet, adalete g\u00fcven ve kanun \u00f6n\u00fcnde e\u015fitlik mesajlar\u0131 verdi.<\/p>\n<p><img loading=\"lazy\" decoding=\"async\" loading=\"lazy\" class=\"alignnone size-medium wp-image-196931\" src=\"https:\/\/www.son.tv\/wp-content\/uploads\/2026\/09\/7fa1e3cb-5847-45ac-8090-f527d58ea93a-1-300x200.jpeg\" alt=\"\" width=\"300\" height=\"200\" \/> <img loading=\"lazy\" decoding=\"async\" loading=\"lazy\" class=\"alignnone size-medium wp-image-196932\" src=\"https:\/\/www.son.tv\/wp-content\/uploads\/2026\/09\/0ee2f9ee-d7ff-4c2b-9dfc-60b71f74930b-1-300x200.jpeg\" alt=\"\" width=\"300\" height=\"200\" \/> <img loading=\"lazy\" decoding=\"async\" loading=\"lazy\" class=\"alignnone size-medium wp-image-196933\" src=\"https:\/\/www.son.tv\/wp-content\/uploads\/2026\/09\/bfa44717-a610-43bd-8218-ccb6cec0c3dc-1-300x200.jpeg\" alt=\"\" width=\"300\" height=\"200\" \/> <img loading=\"lazy\" decoding=\"async\" loading=\"lazy\" class=\"alignnone size-medium wp-image-196934\" src=\"https:\/\/www.son.tv\/wp-content\/uploads\/2026\/09\/e757084f-3e1e-40f4-bde2-6c095aa5d964-1-300x200.jpeg\" alt=\"\" width=\"300\" height=\"200\" \/><\/p>\n<p><strong>ET\u0130KETLER: #ErkanKarabul #KarasuAdliyesi #Karasu #Sakarya #AdliY\u0131l #YeniAdliY\u0131l #Yarg\u0131 #Adalet #Hukuk #HukukDevleti #CumhuriyetBa\u015fsavc\u0131s\u0131<\/strong><\/p>\n<p>Karasu Adliyesi\u2019nde 2026-2027 adli y\u0131l\u0131n\u0131n ba\u015flamas\u0131 dolay\u0131s\u0131yla d\u00fczenlenen t\u00f6rende konu\u015fan Karasu Cumhuriyet Ba\u015fsavc\u0131s\u0131 Erkan Karabul, adaletin devlet d\u00fczeninin temel unsuru oldu\u011funu belirterek, \u201cDevlet g\u00fcc\u00fcn\u00fc yaln\u0131zca sahip oldu\u011fu otoriteden de\u011fil, kanun kar\u015f\u0131s\u0131nda herkesin e\u015fit oldu\u011funa duyulan inan\u00e7tan al\u0131r\u201d dedi.\u00a0<a href=\"https:\/\/www.son.tv\/cumhuriyet-bassavcisi-karabul-devlet-gucunu-adalete-duyulan-inanctan-alir\/\" target=\"_blank\" class=\"feedzy-rss-link-icon\">Read More<\/a><\/p>","protected":false},"excerpt":{"rendered":"<p>SON.TV\/SAKARYA Karasu Adliyesi\u2019nde 2026-2027 adli y\u0131l\u0131n\u0131n ba\u015flang\u0131c\u0131 dolay\u0131s\u0131yla t\u00f6ren d\u00fczenlendi. Sayg\u0131 duru\u015funda bulunulmas\u0131 ve \u0130stiklal Mar\u015f\u0131\u2019n\u0131n okunmas\u0131yla ba\u015flayan programda yeni adli y\u0131l\u0131n ilk mesaj\u0131n\u0131 Karasu Cumhuriyet Ba\u015fsavc\u0131s\u0131 Erkan Karabul verdi. Karabul, yarg\u0131 mensuplar\u0131n\u0131n ortak sorumlulu\u011funun toplumdaki adalet duygusunu g\u00fc\u00e7lendirmek ve hukuk devletinin temel ilkelerini kararl\u0131l\u0131kla ya\u015fatmak oldu\u011funu s\u00f6yledi. \u201cHEP\u0130M\u0130Z\u0130N ORTAK SORUMLULU\u011eU ADALET DUYGUSUNU G\u00dc\u00c7LEND\u0130RMEKT\u0130R\u201d Yeni [&hellip;]<\/p>\n","protected":false},"author":1,"featured_media":42121,"comment_status":"open","ping_status":"open","sticky":false,"template":"","format":"standard","meta":{"footnotes":"","_links_to":"","_links_to_target":""},"categories":[1],"tags":[],"class_list":["post-42120","post","type-post","status-publish","format-standard","has-post-thumbnail","hentry","category-haberler"],"_links":{"self":[{"href":"https:\/\/www.abchukuk.com\/index.php\/wp-json\/wp\/v2\/posts\/42120","targetHints":{"allow":["GET"]}}],"collection":[{"href":"https:\/\/www.abchukuk.com\/index.php\/wp-json\/wp\/v2\/posts"}],"about":[{"href":"https:\/\/www.abchukuk.com\/index.php\/wp-json\/wp\/v2\/types\/post"}],"author":[{"embeddable":true,"href":"https:\/\/www.abchukuk.com\/index.php\/wp-json\/wp\/v2\/users\/1"}],"replies":[{"embeddable":true,"href":"https:\/\/www.abchukuk.com\/index.php\/wp-json\/wp\/v2\/comments?post=42120"}],"version-history":[{"count":0,"href":"https:\/\/www.abchukuk.com\/index.php\/wp-json\/wp\/v2\/posts\/42120\/revisions"}],"wp:featuredmedia":[{"embeddable":true,"href":"https:\/\/www.abchukuk.com\/index.php\/wp-json\/wp\/v2\/media\/42121"}],"wp:attachment":[{"href":"https:\/\/www.abchukuk.com\/index.php\/wp-json\/wp\/v2\/media?parent=42120"}],"wp:term":[{"taxonomy":"category","embeddable":true,"href":"https:\/\/www.abchukuk.com\/index.php\/wp-json\/wp\/v2\/categories?post=42120"},{"taxonomy":"post_tag","embeddable":true,"href":"https:\/\/www.abchukuk.com\/index.php\/wp-json\/wp\/v2\/tags?post=42120"}],"curies":[{"name":"wp","href":"https:\/\/api.w.org\/{rel}","templated":true}]}}