{"id":42119,"date":"2026-09-01T15:01:16","date_gmt":"2026-09-01T15:01:16","guid":{"rendered":"https:\/\/www.abchukuk.com\/index.php\/2026\/09\/01\/abdnin-konustugu-lindsay-clancy-davasinda-juri-cikmaza-girdik-dedi-yargic-geri-gonderdi\/"},"modified":"2026-09-01T15:01:16","modified_gmt":"2026-09-01T15:01:16","slug":"abdnin-konustugu-lindsay-clancy-davasinda-juri-cikmaza-girdik-dedi-yargic-geri-gonderdi","status":"publish","type":"post","link":"https:\/\/www.abchukuk.com\/index.php\/2026\/09\/01\/abdnin-konustugu-lindsay-clancy-davasinda-juri-cikmaza-girdik-dedi-yargic-geri-gonderdi\/","title":{"rendered":"ABD&#8217;nin konu\u015ftu\u011fu Lindsay Clancy davas\u0131nda j\u00fcri &#8216;\u00e7\u0131kmaza girdik&#8217; dedi, yarg\u0131\u00e7 geri g\u00f6nderdi"},"content":{"rendered":"<p>\u00dc\u00e7 \u00e7ocu\u011funu \u00f6ld\u00fcrmekle su\u00e7lanan Lindsay Clancy davas\u0131nda j\u00fcri \u00fcyeleri, 19 saatlik m\u00fczakerelerin ard\u0131ndan yarg\u0131ca \u201c\u00c7\u0131kmaza girdik\u201d yaz\u0131l\u0131 bir not g\u00f6nderdi. Yarg\u0131\u00e7, j\u00fcriyi g\u00f6r\u00fc\u015fmelere devam etmeleri i\u00e7in geri g\u00f6nderdi.\u00dc\u00e7 \u00e7ocu\u011funu \u00f6ld\u00fcrmekle su\u00e7lanan Lindsay Clancy davas\u0131nda j\u00fcri \u00fcyeleri, 19 saatlik m\u00fczakerelerin ard\u0131ndan yarg\u0131ca \u201c\u00c7\u0131kmaza girdik\u201d yaz\u0131l\u0131 bir not g\u00f6nderdi. Yarg\u0131\u00e7, j\u00fcriyi g\u00f6r\u00fc\u015fmelere devam etmeleri i\u00e7in geri g\u00f6nderdi.\u00a0<a href=\"https:\/\/anlatilaninotesi.com.tr\/20260901\/son-dakika-haberleri-abdnin-konustugu-lindsay-clancy-davasinda-juri-cikmaza-girdik-dedi-yargic-geri-gonderdi-1108411767.html\" target=\"_blank\" class=\"feedzy-rss-link-icon\">Read More<\/a><\/p>","protected":false},"excerpt":{"rendered":"<p>\u00dc\u00e7 \u00e7ocu\u011funu \u00f6ld\u00fcrmekle su\u00e7lanan Lindsay Clancy davas\u0131nda j\u00fcri \u00fcyeleri, 19 saatlik m\u00fczakerelerin ard\u0131ndan yarg\u0131ca \u201c\u00c7\u0131kmaza girdik\u201d yaz\u0131l\u0131 bir not g\u00f6nderdi. Yarg\u0131\u00e7, j\u00fcriyi g\u00f6r\u00fc\u015fmelere devam etmeleri i\u00e7in geri g\u00f6nderdi.\u00dc\u00e7 \u00e7ocu\u011funu \u00f6ld\u00fcrmekle su\u00e7lanan Lindsay Clancy davas\u0131nda j\u00fcri \u00fcyeleri, 19 saatlik m\u00fczakerelerin ard\u0131ndan yarg\u0131ca \u201c\u00c7\u0131kmaza girdik\u201d yaz\u0131l\u0131 bir not g\u00f6nderdi. Yarg\u0131\u00e7, j\u00fcriyi g\u00f6r\u00fc\u015fmelere devam etmeleri i\u00e7in geri g\u00f6nderdi.\u00a0Read [&hellip;]<\/p>\n","protected":false},"author":1,"featured_media":0,"comment_status":"open","ping_status":"open","sticky":false,"template":"","format":"standard","meta":{"footnotes":"","_links_to":"","_links_to_target":""},"categories":[1],"tags":[],"class_list":["post-42119","post","type-post","status-publish","format-standard","hentry","category-haberler"],"_links":{"self":[{"href":"https:\/\/www.abchukuk.com\/index.php\/wp-json\/wp\/v2\/posts\/42119","targetHints":{"allow":["GET"]}}],"collection":[{"href":"https:\/\/www.abchukuk.com\/index.php\/wp-json\/wp\/v2\/posts"}],"about":[{"href":"https:\/\/www.abchukuk.com\/index.php\/wp-json\/wp\/v2\/types\/post"}],"author":[{"embeddable":true,"href":"https:\/\/www.abchukuk.com\/index.php\/wp-json\/wp\/v2\/users\/1"}],"replies":[{"embeddable":true,"href":"https:\/\/www.abchukuk.com\/index.php\/wp-json\/wp\/v2\/comments?post=42119"}],"version-history":[{"count":0,"href":"https:\/\/www.abchukuk.com\/index.php\/wp-json\/wp\/v2\/posts\/42119\/revisions"}],"wp:attachment":[{"href":"https:\/\/www.abchukuk.com\/index.php\/wp-json\/wp\/v2\/media?parent=42119"}],"wp:term":[{"taxonomy":"category","embeddable":true,"href":"https:\/\/www.abchukuk.com\/index.php\/wp-json\/wp\/v2\/categories?post=42119"},{"taxonomy":"post_tag","embeddable":true,"href":"https:\/\/www.abchukuk.com\/index.php\/wp-json\/wp\/v2\/tags?post=42119"}],"curies":[{"name":"wp","href":"https:\/\/api.w.org\/{rel}","templated":true}]}}