{"id":42118,"date":"2026-09-01T15:29:53","date_gmt":"2026-09-01T15:29:53","guid":{"rendered":"https:\/\/www.abchukuk.com\/index.php\/2026\/09\/01\/ingilterede-teror-suclamasiyla-gozaltilar-yuzde-1434-artti\/"},"modified":"2026-09-01T15:29:53","modified_gmt":"2026-09-01T15:29:53","slug":"ingilterede-teror-suclamasiyla-gozaltilar-yuzde-1434-artti","status":"publish","type":"post","link":"https:\/\/www.abchukuk.com\/index.php\/2026\/09\/01\/ingilterede-teror-suclamasiyla-gozaltilar-yuzde-1434-artti\/","title":{"rendered":"\u0130ngiltere&#8217;de &#8216;ter\u00f6r&#8217; su\u00e7lamas\u0131yla g\u00f6zalt\u0131lar y\u00fczde 1434 artt\u0131"},"content":{"rendered":"<p>\u0130ngiltere&#8217;de bir y\u0131lda &#8216;ter\u00f6r&#8217; su\u00e7lamas\u0131yla g\u00f6zalt\u0131na al\u0131nanlar\u0131n say\u0131s\u0131 y\u00fczde 1434 artarak 3 bin 21&#8217;e ula\u015ft\u0131. Son 25 y\u0131ldaki toplam g\u00f6zalt\u0131lar\u0131n yakla\u015f\u0131k yar\u0131s\u0131 yaln\u0131zca son bir y\u0131lda kay\u0131tlara ge\u00e7ti.\u0130ngiltere&#8217;de bir y\u0131lda &#8216;ter\u00f6r&#8217; su\u00e7lamas\u0131yla g\u00f6zalt\u0131na al\u0131nanlar\u0131n say\u0131s\u0131 y\u00fczde 1434 artarak 3 bin 21&#8217;e ula\u015ft\u0131. Son 25 y\u0131ldaki toplam g\u00f6zalt\u0131lar\u0131n yakla\u015f\u0131k yar\u0131s\u0131 yaln\u0131zca son bir y\u0131lda kay\u0131tlara ge\u00e7ti.\u00a0<a href=\"https:\/\/anlatilaninotesi.com.tr\/20260901\/ingilterede-teror-suclamasiyla-gozaltilar-yuzde-1434-artti-1108412733.html\" target=\"_blank\" class=\"feedzy-rss-link-icon\">Read More<\/a><\/p>","protected":false},"excerpt":{"rendered":"<p>\u0130ngiltere&#8217;de bir y\u0131lda &#8216;ter\u00f6r&#8217; su\u00e7lamas\u0131yla g\u00f6zalt\u0131na al\u0131nanlar\u0131n say\u0131s\u0131 y\u00fczde 1434 artarak 3 bin 21&#8217;e ula\u015ft\u0131. Son 25 y\u0131ldaki toplam g\u00f6zalt\u0131lar\u0131n yakla\u015f\u0131k yar\u0131s\u0131 yaln\u0131zca son bir y\u0131lda kay\u0131tlara ge\u00e7ti.\u0130ngiltere&#8217;de bir y\u0131lda &#8216;ter\u00f6r&#8217; su\u00e7lamas\u0131yla g\u00f6zalt\u0131na al\u0131nanlar\u0131n say\u0131s\u0131 y\u00fczde 1434 artarak 3 bin 21&#8217;e ula\u015ft\u0131. Son 25 y\u0131ldaki toplam g\u00f6zalt\u0131lar\u0131n yakla\u015f\u0131k yar\u0131s\u0131 yaln\u0131zca son bir y\u0131lda kay\u0131tlara ge\u00e7ti.\u00a0Read [&hellip;]<\/p>\n","protected":false},"author":1,"featured_media":0,"comment_status":"open","ping_status":"open","sticky":false,"template":"","format":"standard","meta":{"footnotes":"","_links_to":"","_links_to_target":""},"categories":[1],"tags":[],"class_list":["post-42118","post","type-post","status-publish","format-standard","hentry","category-haberler"],"_links":{"self":[{"href":"https:\/\/www.abchukuk.com\/index.php\/wp-json\/wp\/v2\/posts\/42118","targetHints":{"allow":["GET"]}}],"collection":[{"href":"https:\/\/www.abchukuk.com\/index.php\/wp-json\/wp\/v2\/posts"}],"about":[{"href":"https:\/\/www.abchukuk.com\/index.php\/wp-json\/wp\/v2\/types\/post"}],"author":[{"embeddable":true,"href":"https:\/\/www.abchukuk.com\/index.php\/wp-json\/wp\/v2\/users\/1"}],"replies":[{"embeddable":true,"href":"https:\/\/www.abchukuk.com\/index.php\/wp-json\/wp\/v2\/comments?post=42118"}],"version-history":[{"count":0,"href":"https:\/\/www.abchukuk.com\/index.php\/wp-json\/wp\/v2\/posts\/42118\/revisions"}],"wp:attachment":[{"href":"https:\/\/www.abchukuk.com\/index.php\/wp-json\/wp\/v2\/media?parent=42118"}],"wp:term":[{"taxonomy":"category","embeddable":true,"href":"https:\/\/www.abchukuk.com\/index.php\/wp-json\/wp\/v2\/categories?post=42118"},{"taxonomy":"post_tag","embeddable":true,"href":"https:\/\/www.abchukuk.com\/index.php\/wp-json\/wp\/v2\/tags?post=42118"}],"curies":[{"name":"wp","href":"https:\/\/api.w.org\/{rel}","templated":true}]}}