{"id":42117,"date":"2026-09-01T15:32:11","date_gmt":"2026-09-01T15:32:11","guid":{"rendered":"https:\/\/www.abchukuk.com\/index.php\/2026\/09\/01\/youtuber-arif-kocabiyik-tutuklandi-mahkemede-tirin-altina-neden-girdigini-anlatti\/"},"modified":"2026-09-01T15:32:11","modified_gmt":"2026-09-01T15:32:11","slug":"youtuber-arif-kocabiyik-tutuklandi-mahkemede-tirin-altina-neden-girdigini-anlatti","status":"publish","type":"post","link":"https:\/\/www.abchukuk.com\/index.php\/2026\/09\/01\/youtuber-arif-kocabiyik-tutuklandi-mahkemede-tirin-altina-neden-girdigini-anlatti\/","title":{"rendered":"YouTuber Arif Kocab\u0131y\u0131k tutukland\u0131: Mahkemede TIR\u2019\u0131n alt\u0131na neden girdi\u011fini anlatt\u0131!"},"content":{"rendered":"<p>\u00a0<\/p>\n<p><strong>SON.TV\/ANTALYA<\/strong><\/p>\n<p>Hakk\u0131nda adli kontrol kapsam\u0131nda yurt d\u0131\u015f\u0131na \u00e7\u0131k\u0131\u015f yasa\u011f\u0131 bulunan <strong>Arif Kocab\u0131y\u0131k<\/strong>\u2019\u0131n <strong>Kap\u0131kule S\u0131n\u0131r Kap\u0131s\u0131<\/strong>\u2019nda yakalanmas\u0131n\u0131n ard\u0131ndan y\u00fcr\u00fct\u00fclen adli s\u00fcre\u00e7te yeni geli\u015fme ya\u015fand\u0131.<\/p>\n<p><strong>Antalya 35. Asliye Ceza Mahkemesi<\/strong>, yurt d\u0131\u015f\u0131na \u00e7\u0131k\u0131\u015f yasa\u011f\u0131 \u015feklindeki adli kontrol tedbirinin ihlal edildi\u011fini belirleyerek <strong>Kocab\u0131y\u0131k<\/strong>\u2019\u0131n CMK\u2019n\u0131n 112\/1. maddesi uyar\u0131nca tutuklanmas\u0131na karar verdi.<\/p>\n<p><strong>Kocab\u0131y\u0131k<\/strong>, i\u015flemlerinin ard\u0131ndan <strong>Edirne L Tipi Kapal\u0131 Ceza \u0130nfaz Kurumu\u2019<\/strong>na teslim edildi.<\/p>\n<p><strong>KOCABIYIK HAKKINDAK\u0130 DOSYA \u0130ST\u0130NAFTA<\/strong><\/p>\n<p><strong>Antalya 35. Asliye Ceza Mahkemesi<\/strong>\u2019nin 2026\/98 esas say\u0131l\u0131 dosyas\u0131nda Kocab\u0131y\u0131k hakk\u0131nda daha \u00f6nce mahk\u00fbmiyet karar\u0131 verildi\u011fi, karar kesinle\u015finceye kadar da CMK\u2019n\u0131n 109\/3-a maddesi kapsam\u0131nda yurt d\u0131\u015f\u0131na \u00e7\u0131k\u0131\u015f yasa\u011f\u0131 uyguland\u0131\u011f\u0131 belirtildi.<\/p>\n<p>Dosyan\u0131n istinaf edilmesinin ard\u0131ndan <strong>Antalya B\u00f6lge Adliye Mahkemesi 2. Ceza Dairesi<\/strong>\u2019ne g\u00f6nderildi\u011fi ve istinaf incelemesinin s\u00fcrd\u00fc\u011f\u00fc mahkeme tutana\u011f\u0131na yans\u0131d\u0131.<\/p>\n<p><strong>Kocab\u0131y\u0131k<\/strong> hakk\u0131ndaki yurt d\u0131\u015f\u0131na \u00e7\u0131k\u0131\u015f yasa\u011f\u0131n\u0131n, TCK\u2019n\u0131n 299\/1. maddesi kapsam\u0131nda g\u00f6r\u00fclen dava nedeniyle uyguland\u0131\u011f\u0131 kamuoyuna yans\u0131yan bilgiler aras\u0131nda yer ald\u0131.<span class=\"Apple-converted-space\">\u00a0<\/span><\/p>\n<p><strong>ADL\u0130 KONTROL\u00dc \u0130HLAL ETT\u0130\u011e\u0130 MAHKEMEYE B\u0130LD\u0130R\u0130LD\u0130<\/strong><\/p>\n<p>Duru\u015fma tutana\u011f\u0131na g\u00f6re <strong>Edirne Cumhuriyet Ba\u015fsavc\u0131l\u0131\u011f\u0131 Sulh Ceza \u0130lamat Masas<\/strong>\u0131 taraf\u0131ndan <strong>Antalya 35. Asliye Ceza Mahkemesi<\/strong>\u2019ne g\u00f6nderilen yaz\u0131da, <strong>Kocab\u0131y\u0131k<\/strong>\u2019\u0131n yurt d\u0131\u015f\u0131na \u00e7\u0131k\u0131\u015f yasa\u011f\u0131 \u015feklindeki adli kontrol tedbirini ihlal etti\u011fi bildirildi.<\/p>\n<p>Bunun \u00fczerine<strong> 1 Eyl\u00fcl 2026<\/strong> tarihinde duru\u015fma a\u00e7\u0131larak <strong>Kocab\u0131y\u0131k<\/strong>\u2019\u0131n savunmas\u0131 al\u0131nd\u0131.<\/p>\n<p><strong>KOCABIYIK: YURT DI\u015eI YASA\u011eIM OLDU\u011eUNU B\u0130L\u0130YORDUM<\/strong><\/p>\n<p>Mahkemedeki savunmas\u0131nda hakk\u0131nda adli kontrol karar\u0131 bulundu\u011funu kabul eden <strong>Kocab\u0131y\u0131k<\/strong>, s\u00f6z konusu dosyan\u0131n kendisine ait oldu\u011funu s\u00f6yledi.<\/p>\n<p>2018 y\u0131l\u0131ndan bu yana sokak r\u00f6portajlar\u0131 yapt\u0131\u011f\u0131n\u0131 anlatan Kocab\u0131y\u0131k, tahliye edilmesinden yakla\u015f\u0131k 2,5 ay sonra sokak r\u00f6portajlar\u0131n\u0131 b\u0131rakt\u0131\u011f\u0131n\u0131 ve gezi videolar\u0131 \u00e7ekmeye ba\u015flad\u0131\u011f\u0131n\u0131 ifade etti.<\/p>\n<p>Kocab\u0131y\u0131k, yurt d\u0131\u015f\u0131nda da gezi videolar\u0131 \u00e7ekmek istedi\u011fini ancak hakk\u0131nda yurt d\u0131\u015f\u0131na \u00e7\u0131k\u0131\u015f yasa\u011f\u0131 bulundu\u011funu bildi\u011fini s\u00f6yledi.<\/p>\n<p>\u201c<strong>MUHAMMED \u0130S\u0130ML\u0130 B\u0130R K\u0130\u015e\u0130N\u0130N S\u00d6Z\u00dcNE BAKARAK G\u0130TMEK \u0130STED\u0130M\u201d<\/strong><\/p>\n<p><strong>Kocab\u0131y\u0131k<\/strong>, savunmas\u0131nda yurt d\u0131\u015f\u0131na nas\u0131l \u00e7\u0131kmaya karar verdi\u011fini de anlatt\u0131.<\/p>\n<p>Tan\u0131d\u0131\u011f\u0131 \u201c<strong>Muhammed<\/strong>\u201d isimli bir ki\u015finin s\u00f6z\u00fcne g\u00fcvenerek yurt d\u0131\u015f\u0131na gitmek istedi\u011fini belirten Kocab\u0131y\u0131k, bu ki\u015finin soyad\u0131n\u0131 bilmedi\u011fini s\u00f6yledi.<\/p>\n<p><strong>Kocab\u0131y\u0131k<\/strong>\u2019\u0131n mahkemedeki anlat\u0131m\u0131na g\u00f6re s\u00f6z konusu ki\u015fi, kendisini bir <strong>TIR\u2019<\/strong>\u0131n yan\u0131na g\u00f6t\u00fcrd\u00fc.<\/p>\n<p>\u201c<strong>TIRIN ALTINA G\u0130RD\u0130M\u201d<\/strong><\/p>\n<p><strong>Kocab\u0131y\u0131k<\/strong> savunmas\u0131nda, hakk\u0131nda yurt d\u0131\u015f\u0131na \u00e7\u0131k\u0131\u015f yasa\u011f\u0131 bulunmas\u0131na ra\u011fmen <strong>TIR<\/strong>\u2019\u0131n alt\u0131na girdi\u011fini kabul etti.<\/p>\n<p><strong>TIR<\/strong>\u2019\u0131n alt\u0131nda kendisinden ba\u015fka bir ki\u015finin daha bulundu\u011funu s\u00f6yleyen <strong>Kocab\u0131y\u0131k<\/strong>, ara\u00e7 hareket ettikten k\u0131sa bir s\u00fcre sonra durdu\u011funu anlatt\u0131.<\/p>\n<p>Kap\u0131kule G\u00fcmr\u00fck Sahas\u0131\u2019nda ger\u00e7ekle\u015ftirilen kontrollerde <strong>Kocab\u0131y\u0131k<\/strong>\u2019\u0131n TIR\u2019\u0131n dorse b\u00f6l\u00fcm\u00fcn\u00fcn alt\u0131nda bulundu\u011fu kamuoyuna yans\u0131m\u0131\u015ft\u0131. G\u00fcmr\u00fck Muhafaza ekiplerinin kontrol\u00fcnde ayn\u0131 b\u00f6l\u00fcmde ikinci bir ki\u015finin de bulundu\u011fu a\u00e7\u0131klanm\u0131\u015ft\u0131.<span class=\"Apple-converted-space\">\u00a0<\/span><\/p>\n<p>\u201c<strong>ARAMA YAPILMADAN \u00d6NCE KEND\u0130M \u00c7IKTIM\u201d<\/strong><\/p>\n<p><strong>Kocab\u0131y\u0131k<\/strong>\u2019\u0131n savunmas\u0131nda dikkat \u00e7eken bir di\u011fer b\u00f6l\u00fcm ise yakalanma an\u0131na ili\u015fkin oldu.<\/p>\n<p>G\u00f6revlilerin geldi\u011fini g\u00f6rd\u00fc\u011f\u00fcn\u00fc anlatan <strong>Kocab\u0131y\u0131k<\/strong>, herhangi bir arama yap\u0131lmadan \u00f6nce kendi iste\u011fiyle TIR\u2019\u0131n alt\u0131ndan \u00e7\u0131kt\u0131\u011f\u0131n\u0131 savundu.<\/p>\n<p><strong>Kocab\u0131y\u0131k<\/strong>, g\u00f6revlilerle daha sonra konu\u015ftu\u011funu ifade etti.<\/p>\n<p><strong>BASINA YANSIYAN G\u00d6R\u00dcNT\u00dcLER \u0130\u00c7\u0130N \u201cOLAY ANINA A\u0130T DE\u011e\u0130L\u201d DED\u0130<\/strong><\/p>\n<p><strong>Kocab\u0131y\u0131k<\/strong>, bas\u0131na yans\u0131yan g\u00f6r\u00fcnt\u00fclere ili\u015fkin de savunma yapt\u0131.<\/p>\n<p>G\u00f6r\u00fcnt\u00fclerin yakalanma an\u0131nda \u00e7ekilmedi\u011fini ileri s\u00fcren <strong>Kocab\u0131y\u0131k<\/strong>, s\u00f6z konusu g\u00f6r\u00fcnt\u00fclerin olaydan yakla\u015f\u0131k bir bu\u00e7uk saat sonra kaydedildi\u011fini iddia etti.<\/p>\n<p>Bu ifade <strong>Kocab\u0131y\u0131k\u2019<\/strong>\u0131n savunmas\u0131 olarak mahkeme tutana\u011f\u0131na ge\u00e7ti.<\/p>\n<p><strong>SAVCILIK TUTUKLANMASINI \u0130STED\u0130<\/strong><\/p>\n<p>Duru\u015fmada g\u00f6r\u00fc\u015f\u00fc sorulan Cumhuriyet savc\u0131s\u0131, <strong>Kocab\u0131y\u0131k<\/strong>\u2019\u0131n adli kontrol karar\u0131n\u0131 ihlal etti\u011fini ve ka\u00e7ak yollarla yurt d\u0131\u015f\u0131na \u00e7\u0131k\u0131\u015f yapaca\u011f\u0131 s\u0131rada s\u0131n\u0131r kap\u0131s\u0131nda yakaland\u0131\u011f\u0131n\u0131 belirtti.<\/p>\n<p>Savc\u0131l\u0131k makam\u0131, bu hususlar\u0131 gerek\u00e7e g\u00f6stererek CMK\u2019n\u0131n 112\/1. maddesi kapsam\u0131nda <strong>Kocab\u0131y\u0131k<\/strong>\u2019\u0131n tutuklanmas\u0131n\u0131 talep etti.<\/p>\n<p><strong>Kocab\u0131y\u0131k<\/strong> ise savc\u0131l\u0131\u011f\u0131n tutuklama y\u00f6n\u00fcndeki m\u00fctalaas\u0131n\u0131 kabul etmedi\u011fini s\u00f6yledi.<\/p>\n<p><strong>M\u00dcDAF\u0130\u0130 SERBEST BIRAKILMASINI TALEP ETT\u0130<\/strong><\/p>\n<p><strong>Kocab\u0131y\u0131k<\/strong>\u2019\u0131n m\u00fcdafii ise mahkemeden m\u00fcvekkilinin serbest b\u0131rak\u0131lmas\u0131n\u0131 istedi.<\/p>\n<p>Savunmada, adli kontrol y\u00fck\u00fcml\u00fcl\u00fc\u011f\u00fcn\u00fcn ihlalinin ayr\u0131 bir soru\u015fturman\u0131n konusu oldu\u011fu belirtilerek <strong>Kocab\u0131y\u0131k\u2019<\/strong>\u0131n daha \u00f6nce tutuklu kald\u0131\u011f\u0131 s\u00fcre de dikkate al\u0131narak tahliyesi talep edildi.<\/p>\n<p>Mahkemenin aksi kanaatte olmas\u0131 halinde ise ev hapsi \u015feklinde adli kontrol tedbiri uygulanmas\u0131 istendi.<\/p>\n<p><strong>MAHKEME TUTUKLAMA KARARI VERD\u0130<\/strong><\/p>\n<p><strong>Antalya 35. Asliye Ceza Mahkemesi,<\/strong> dosyay\u0131 de\u011ferlendirdikten sonra Kocab\u0131y\u0131k\u2019\u0131n mahkeme taraf\u0131ndan uygulanan yurt d\u0131\u015f\u0131na \u00e7\u0131k\u0131\u015f yasa\u011f\u0131 \u015feklindeki adli kontrol tedbirini ihlal etti\u011finin anla\u015f\u0131ld\u0131\u011f\u0131na h\u00fckmetti.<\/p>\n<p>Mahkeme, CMK\u2019n\u0131n 112\/1. maddesi uyar\u0131nca Arif Kocab\u0131y\u0131k\u2019\u0131n tutuklanmas\u0131na karar verdi.<\/p>\n<p>Kararla birlikte <strong>Kocab\u0131y\u0131k<\/strong> hakk\u0131ndaki mevcut adli kontrol h\u00fck\u00fcmleri de tutuklama nedeniyle kald\u0131r\u0131ld\u0131.<\/p>\n<p>Karar\u0131n, istinaf incelemesini s\u00fcrd\u00fcren <strong>Antalya B\u00f6lge Adliye Mahkemesi 2. Ceza Dairesi<\/strong>\u2019ndeki dosyaya g\u00f6nderilmesine de h\u00fckmedildi.<\/p>\n<p><strong>TUTUKLAMA KARARINA \u0130T\u0130RAZ HAKKI BULUNUYOR<\/strong><\/p>\n<p>Mahkeme, <strong>Kocab\u0131y\u0131k<\/strong>\u2019a tutuklama karar\u0131na kar\u015f\u0131 iki hafta i\u00e7erisinde <strong>Antalya N\u00f6bet\u00e7i A\u011f\u0131r Ceza Mahkemesi<\/strong> nezdinde itiraz hakk\u0131n\u0131n bulundu\u011funu da bildirdi.<\/p>\n<p><strong>Kocab\u0131y\u0131k<\/strong>, tutuklama i\u015flemlerinin tamamlanmas\u0131n\u0131n ard\u0131ndan <strong>Edirne L Tipi Kapal\u0131 Ceza \u0130nfaz Kurumu<\/strong>\u2019na g\u00f6t\u00fcr\u00fcld\u00fc.<span class=\"Apple-converted-space\">\u00a0<\/span><\/p>\n<p><strong>KAPIKULE\u2019DE TIR\u2019IN ALTINDA YAKALANMI\u015eTI<\/strong><\/p>\n<p>Olay, <strong>31 A\u011fustos 2026<\/strong> tarihinde <strong>Kap\u0131kule G\u00fcmr\u00fck Sahas\u0131\u2019<\/strong>nda meydana geldi.<\/p>\n<p><strong>Bulgaristan<\/strong>\u2019a \u00e7\u0131k\u0131\u015f yapmak \u00fczere g\u00fcmr\u00fck sahas\u0131na gelen <strong>TIR<\/strong>\u2019da yap\u0131lan kontroller s\u0131ras\u0131nda dorse alt\u0131nda iki ki\u015fi tespit edildi. Yap\u0131lan kimlik kontrol\u00fcnde ki\u015filerden birinin <strong>Arif Kocab\u0131y\u0131k<\/strong> oldu\u011fu belirlendi.<\/p>\n<p>Kocab\u0131y\u0131k hakk\u0131nda <strong>Antalya 35. Asliye Ceza Mahkemesi<\/strong> taraf\u0131ndan verilmi\u015f yurt d\u0131\u015f\u0131na \u00e7\u0131k\u0131\u015f yasa\u011f\u0131n\u0131n devam etti\u011fi tespit edilince <strong>Edirne Cumhuriyet Ba\u015fsavc\u0131l\u0131\u011f\u0131<\/strong>n\u0131n talimat\u0131yla adli i\u015flem ba\u015flat\u0131ld\u0131.<span class=\"Apple-converted-space\">\u00a0<\/span><\/p>\n<p><strong>ADL\u0130YEYE G\u0130DERKEN \u201cANAMUR\u201d YANITI<\/strong><\/p>\n<p><strong>Kocab\u0131y\u0131k<\/strong>\u2019\u0131n <strong>Edirne\u2019<\/strong>de adliyeye g\u00f6t\u00fcr\u00fclmesi s\u0131ras\u0131nda gazetecilerin \u201c<strong>Nereye ka\u00e7acakt\u0131n?\u201d<\/strong> sorusuna verdi\u011fi yan\u0131t da g\u00fcndeme geldi.<\/p>\n<p><strong>Kocab\u0131y\u0131k<\/strong>, soruya \u201c<strong>Anamur<\/strong>\u201d kar\u015f\u0131l\u0131\u011f\u0131n\u0131 verdi. Ard\u0131ndan adli i\u015flemleri s\u00fcrd\u00fcr\u00fcld\u00fc.<span class=\"Apple-converted-space\">\u00a0<\/span><\/p>\n<p><strong>ET\u0130KETLER: #ArifKocab\u0131y\u0131k #Kap\u0131kule #Antalya #Edirne #Tutuklama #YurtD\u0131\u015f\u0131\u00c7\u0131k\u0131\u015fYasa\u011f\u0131 #AdliKontrol #Antalya35AsliyeCezaMahkemesi #Yarg\u0131 #SonDakika<\/strong><\/p>\n<p>Hakk\u0131ndaki yurt d\u0131\u015f\u0131na \u00e7\u0131k\u0131\u015f yasa\u011f\u0131n\u0131 ihlal ederek Kap\u0131kule S\u0131n\u0131r Kap\u0131s\u0131\u2019ndan Bulgaristan\u2019a ge\u00e7meye \u00e7al\u0131\u015f\u0131rken yakalanan Arif Kocab\u0131y\u0131k hakk\u0131nda tutuklama karar\u0131 verildi. Antalya 35. Asliye Ceza Mahkemesi\u2019ndeki duru\u015fmada savunma yapan Kocab\u0131y\u0131k, yurt d\u0131\u015f\u0131na gezi videolar\u0131 \u00e7ekmek amac\u0131yla gitmek istedi\u011fini ve \u201cMuhammed\u201d isimli bir ki\u015finin y\u00f6nlendirmesiyle TIR\u2019\u0131n alt\u0131na girdi\u011fini s\u00f6yledi.\u00a0<a href=\"https:\/\/www.son.tv\/youtuber-arif-kocabiyik-tutuklandi-mahkemede-tirin-altina-neden-girdigini-anlatti\/\" target=\"_blank\" class=\"feedzy-rss-link-icon\">Read More<\/a><\/p>","protected":false},"excerpt":{"rendered":"<p>\u00a0 SON.TV\/ANTALYA Hakk\u0131nda adli kontrol kapsam\u0131nda yurt d\u0131\u015f\u0131na \u00e7\u0131k\u0131\u015f yasa\u011f\u0131 bulunan Arif Kocab\u0131y\u0131k\u2019\u0131n Kap\u0131kule S\u0131n\u0131r Kap\u0131s\u0131\u2019nda yakalanmas\u0131n\u0131n ard\u0131ndan y\u00fcr\u00fct\u00fclen adli s\u00fcre\u00e7te yeni geli\u015fme ya\u015fand\u0131. Antalya 35. Asliye Ceza Mahkemesi, yurt d\u0131\u015f\u0131na \u00e7\u0131k\u0131\u015f yasa\u011f\u0131 \u015feklindeki adli kontrol tedbirinin ihlal edildi\u011fini belirleyerek Kocab\u0131y\u0131k\u2019\u0131n CMK\u2019n\u0131n 112\/1. maddesi uyar\u0131nca tutuklanmas\u0131na karar verdi. Kocab\u0131y\u0131k, i\u015flemlerinin ard\u0131ndan Edirne L Tipi Kapal\u0131 [&hellip;]<\/p>\n","protected":false},"author":1,"featured_media":0,"comment_status":"open","ping_status":"open","sticky":false,"template":"","format":"standard","meta":{"footnotes":"","_links_to":"","_links_to_target":""},"categories":[1],"tags":[],"class_list":["post-42117","post","type-post","status-publish","format-standard","hentry","category-haberler"],"_links":{"self":[{"href":"https:\/\/www.abchukuk.com\/index.php\/wp-json\/wp\/v2\/posts\/42117","targetHints":{"allow":["GET"]}}],"collection":[{"href":"https:\/\/www.abchukuk.com\/index.php\/wp-json\/wp\/v2\/posts"}],"about":[{"href":"https:\/\/www.abchukuk.com\/index.php\/wp-json\/wp\/v2\/types\/post"}],"author":[{"embeddable":true,"href":"https:\/\/www.abchukuk.com\/index.php\/wp-json\/wp\/v2\/users\/1"}],"replies":[{"embeddable":true,"href":"https:\/\/www.abchukuk.com\/index.php\/wp-json\/wp\/v2\/comments?post=42117"}],"version-history":[{"count":0,"href":"https:\/\/www.abchukuk.com\/index.php\/wp-json\/wp\/v2\/posts\/42117\/revisions"}],"wp:attachment":[{"href":"https:\/\/www.abchukuk.com\/index.php\/wp-json\/wp\/v2\/media?parent=42117"}],"wp:term":[{"taxonomy":"category","embeddable":true,"href":"https:\/\/www.abchukuk.com\/index.php\/wp-json\/wp\/v2\/categories?post=42117"},{"taxonomy":"post_tag","embeddable":true,"href":"https:\/\/www.abchukuk.com\/index.php\/wp-json\/wp\/v2\/tags?post=42117"}],"curies":[{"name":"wp","href":"https:\/\/api.w.org\/{rel}","templated":true}]}}