{"id":42115,"date":"2026-09-01T13:14:30","date_gmt":"2026-09-01T13:14:30","guid":{"rendered":"https:\/\/www.abchukuk.com\/index.php\/2026\/09\/01\/bakan-yardimcisi-can-tuncay-yeni-adli-yilin-ilk-gununde-eskisehir-adliyesinde\/"},"modified":"2026-09-01T13:14:30","modified_gmt":"2026-09-01T13:14:30","slug":"bakan-yardimcisi-can-tuncay-yeni-adli-yilin-ilk-gununde-eskisehir-adliyesinde","status":"publish","type":"post","link":"https:\/\/www.abchukuk.com\/index.php\/2026\/09\/01\/bakan-yardimcisi-can-tuncay-yeni-adli-yilin-ilk-gununde-eskisehir-adliyesinde\/","title":{"rendered":"Bakan Yard\u0131mc\u0131s\u0131 Can Tuncay yeni adli y\u0131l\u0131n ilk g\u00fcn\u00fcnde Eski\u015fehir Adliyesi\u2019nde"},"content":{"rendered":"<p>Yeni adli y\u0131l\u0131n ilk g\u00fcn\u00fcnde Eski\u015fehir\u2019de temaslarda bulunan Adalet Bakan Yard\u0131mc\u0131s\u0131 Can Tuncay, Ceza \u0130\u015fleri Genel M\u00fcd\u00fcr\u00fc Haz\u0131m Aslanc\u0131 ile birlikte Eski\u015fehir Adliyesi\u2019ni ziyaret etti. Adliyede y\u00fcr\u00fct\u00fclen adalet hizmetlerini yerinde inceleyen Tuncay, Eski\u015fehir Cumhuriyet Ba\u015fsavc\u0131s\u0131 Ferhat Deniz\u2019den adliyede y\u00fcr\u00fct\u00fclen \u00e7al\u0131\u015fmalar hakk\u0131nda detayl\u0131 bilgi ald\u0131.<\/p>\n<p><img loading=\"lazy\" decoding=\"async\" loading=\"lazy\" class=\"alignnone size-medium wp-image-196857\" src=\"https:\/\/www.son.tv\/wp-content\/uploads\/2026\/09\/WhatsApp-Image-2026-09-01-at-15.57.17-1-300x153.jpeg\" alt=\"\" width=\"300\" height=\"153\" \/><\/p>\n<p>H\u00c2K\u0130M VE SAVCILARLA B\u0130R ARAYA GELD\u0130<\/p>\n<p>Tuncay, Eski\u015fehir Adliyesi ve m\u00fclhakatlar\u0131nda g\u00f6rev yapan h\u00e2kim ve savc\u0131larla da bir araya geldi. Ger\u00e7ekle\u015ftirilen toplant\u0131da yarg\u0131da verimlili\u011fin art\u0131r\u0131lmas\u0131 ve yarg\u0131lama faaliyetlerinin h\u0131zland\u0131r\u0131lmas\u0131 amac\u0131yla yap\u0131labilecek \u00e7al\u0131\u015fmalar ele al\u0131nd\u0131. H\u00e2kim ve savc\u0131lar\u0131n g\u00f6r\u00fc\u015f ve \u00f6nerilerini de dinleyen Tuncay, yeni adli y\u0131lda at\u0131lacak ad\u0131mlar\u0131 ve yarg\u0131 hizmetlerine ili\u015fkin hedefleri de\u011ferlendirdi.<\/p>\n<p><img loading=\"lazy\" decoding=\"async\" loading=\"lazy\" class=\"alignnone size-medium wp-image-196858\" src=\"https:\/\/www.son.tv\/wp-content\/uploads\/2026\/09\/WhatsApp-Image-2026-09-01-at-15.55.21-2-300x157.jpeg\" alt=\"\" width=\"300\" height=\"157\" \/><\/p>\n<p>LOJMAN SORUNU G\u00dcNDEMDE<\/p>\n<p>Toplant\u0131da Eski\u015fehir\u2019de g\u00f6rev yapan h\u00e2kim ve savc\u0131lar\u0131n lojman sorunu da g\u00fcndeme geldi. Tuncay, Ba\u015fsavc\u0131l\u0131k taraf\u0131ndan lojman sorununa ili\u015fkin y\u00fcr\u00fct\u00fclen \u00e7al\u0131\u015fmalara gerekli deste\u011fin verilece\u011fini belirterek, sorunun en k\u0131sa zamanda \u00e7\u00f6z\u00fcme kavu\u015fturulaca\u011f\u0131n\u0131 ifade etti.<\/p>\n<p><img loading=\"lazy\" decoding=\"async\" loading=\"lazy\" class=\"alignnone size-medium wp-image-196859\" src=\"https:\/\/www.son.tv\/wp-content\/uploads\/2026\/09\/WhatsApp-Image-2026-09-01-at-15.55.21-300x155.jpeg\" alt=\"\" width=\"300\" height=\"155\" \/><\/p>\n<p>VAL\u0130 YILMAZ\u2019I Z\u0130YARET ETT\u0130<\/p>\n<p>Adliye ziyaretinin ard\u0131ndan Eski\u015fehir Valisi Erdin\u00e7 Y\u0131lmaz\u2019\u0131 makam\u0131nda ziyaret eden Tuncay, kentte y\u00fcr\u00fct\u00fclen adalet hizmetleri hakk\u0131nda Vali Y\u0131lmaz ile g\u00f6r\u00fc\u015f al\u0131\u015fveri\u015finde bulundu. Tuncay, ziyaretlerin ard\u0131ndan Eski\u015fehir Cumhuriyet Ba\u015fsavc\u0131s\u0131 Ferhat Deniz ve Eski\u015fehir Valisi Erdin\u00e7 Y\u0131lmaz\u2019a misafirperverlikleri nedeniyle te\u015fekk\u00fcr etti. Yeni adli y\u0131l dolay\u0131s\u0131yla yarg\u0131 te\u015fkilat\u0131na da mesaj veren Tuncay, t\u00fcm te\u015fkilat\u0131n yeni adli y\u0131l\u0131n\u0131 kutlad\u0131 ve \u201cHer zaman yan\u0131n\u0131zday\u0131z\u201d ifadelerini kulland\u0131.<\/p>\n<p><img loading=\"lazy\" decoding=\"async\" loading=\"lazy\" class=\"alignnone size-medium wp-image-196860\" src=\"https:\/\/www.son.tv\/wp-content\/uploads\/2026\/09\/WhatsApp-Image-2026-09-01-at-15.55.20-2-300x147.jpeg\" alt=\"\" width=\"300\" height=\"147\" \/><\/p>\n<p><img loading=\"lazy\" decoding=\"async\" loading=\"lazy\" class=\"alignnone size-medium wp-image-196861\" src=\"https:\/\/www.son.tv\/wp-content\/uploads\/2026\/09\/WhatsApp-Image-2026-09-01-at-15.55.20-1-300x149.jpeg\" alt=\"\" width=\"300\" height=\"149\" \/><\/p>\n<p><img loading=\"lazy\" decoding=\"async\" loading=\"lazy\" class=\"alignnone size-medium wp-image-196862\" src=\"https:\/\/www.son.tv\/wp-content\/uploads\/2026\/09\/WhatsApp-Image-2026-09-01-at-15.55.20-300x152.jpeg\" alt=\"\" width=\"300\" height=\"152\" \/><\/p>\n<p><img loading=\"lazy\" decoding=\"async\" loading=\"lazy\" class=\"alignnone size-medium wp-image-196865\" src=\"https:\/\/www.son.tv\/wp-content\/uploads\/2026\/09\/WhatsApp-Image-2026-09-01-at-15.57.16-1-1-300x161.jpeg\" alt=\"\" width=\"300\" height=\"161\" \/><\/p>\n<p>Adalet Bakan Yard\u0131mc\u0131s\u0131 Can Tuncay, yeni adli y\u0131l\u0131n ilk g\u00fcn\u00fcnde Ceza \u0130\u015fleri Genel M\u00fcd\u00fcr\u00fc Haz\u0131m Aslanc\u0131 ile birlikte Eski\u015fehir Adliyesi\u2019ni ziyaret etti. Tuncay, Ba\u015fsavc\u0131 Ferhat Deniz\u2019den \u00e7al\u0131\u015fmalar hakk\u0131nda bilgi ald\u0131, h\u00e2kim ve savc\u0131larla bir araya gelerek yarg\u0131 hizmetlerine ili\u015fkin de\u011ferlendirmelerde bulundu.\u00a0<a href=\"https:\/\/www.son.tv\/bakan-yardimcisi-can-tuncay-yeni-adli-yilin-ilk-gununde-eskisehir-adliyesinde\/\" target=\"_blank\" class=\"feedzy-rss-link-icon\">Read More<\/a><\/p>","protected":false},"excerpt":{"rendered":"<p>Yeni adli y\u0131l\u0131n ilk g\u00fcn\u00fcnde Eski\u015fehir\u2019de temaslarda bulunan Adalet Bakan Yard\u0131mc\u0131s\u0131 Can Tuncay, Ceza \u0130\u015fleri Genel M\u00fcd\u00fcr\u00fc Haz\u0131m Aslanc\u0131 ile birlikte Eski\u015fehir Adliyesi\u2019ni ziyaret etti. Adliyede y\u00fcr\u00fct\u00fclen adalet hizmetlerini yerinde inceleyen Tuncay, Eski\u015fehir Cumhuriyet Ba\u015fsavc\u0131s\u0131 Ferhat Deniz\u2019den adliyede y\u00fcr\u00fct\u00fclen \u00e7al\u0131\u015fmalar hakk\u0131nda detayl\u0131 bilgi ald\u0131. H\u00c2K\u0130M VE SAVCILARLA B\u0130R ARAYA GELD\u0130 Tuncay, Eski\u015fehir Adliyesi ve m\u00fclhakatlar\u0131nda [&hellip;]<\/p>\n","protected":false},"author":1,"featured_media":42116,"comment_status":"open","ping_status":"open","sticky":false,"template":"","format":"standard","meta":{"footnotes":"","_links_to":"","_links_to_target":""},"categories":[1],"tags":[],"class_list":["post-42115","post","type-post","status-publish","format-standard","has-post-thumbnail","hentry","category-haberler"],"_links":{"self":[{"href":"https:\/\/www.abchukuk.com\/index.php\/wp-json\/wp\/v2\/posts\/42115","targetHints":{"allow":["GET"]}}],"collection":[{"href":"https:\/\/www.abchukuk.com\/index.php\/wp-json\/wp\/v2\/posts"}],"about":[{"href":"https:\/\/www.abchukuk.com\/index.php\/wp-json\/wp\/v2\/types\/post"}],"author":[{"embeddable":true,"href":"https:\/\/www.abchukuk.com\/index.php\/wp-json\/wp\/v2\/users\/1"}],"replies":[{"embeddable":true,"href":"https:\/\/www.abchukuk.com\/index.php\/wp-json\/wp\/v2\/comments?post=42115"}],"version-history":[{"count":0,"href":"https:\/\/www.abchukuk.com\/index.php\/wp-json\/wp\/v2\/posts\/42115\/revisions"}],"wp:featuredmedia":[{"embeddable":true,"href":"https:\/\/www.abchukuk.com\/index.php\/wp-json\/wp\/v2\/media\/42116"}],"wp:attachment":[{"href":"https:\/\/www.abchukuk.com\/index.php\/wp-json\/wp\/v2\/media?parent=42115"}],"wp:term":[{"taxonomy":"category","embeddable":true,"href":"https:\/\/www.abchukuk.com\/index.php\/wp-json\/wp\/v2\/categories?post=42115"},{"taxonomy":"post_tag","embeddable":true,"href":"https:\/\/www.abchukuk.com\/index.php\/wp-json\/wp\/v2\/tags?post=42115"}],"curies":[{"name":"wp","href":"https:\/\/api.w.org\/{rel}","templated":true}]}}