{"id":42112,"date":"2026-09-01T13:51:31","date_gmt":"2026-09-01T13:51:31","guid":{"rendered":"https:\/\/www.abchukuk.com\/index.php\/2026\/09\/01\/tarsusta-yeni-adli-yil-basladi-bassavci-ozkaynaktan-adliyemizin-kapisi-sizindir-mesaji\/"},"modified":"2026-09-01T13:51:31","modified_gmt":"2026-09-01T13:51:31","slug":"tarsusta-yeni-adli-yil-basladi-bassavci-ozkaynaktan-adliyemizin-kapisi-sizindir-mesaji","status":"publish","type":"post","link":"https:\/\/www.abchukuk.com\/index.php\/2026\/09\/01\/tarsusta-yeni-adli-yil-basladi-bassavci-ozkaynaktan-adliyemizin-kapisi-sizindir-mesaji\/","title":{"rendered":"Tarsus\u2019ta yeni adli y\u0131l ba\u015flad\u0131: Ba\u015fsavc\u0131 \u00d6zkaynak\u2019tan \u201cAdliyemizin kap\u0131s\u0131 sizindir\u201d mesaj\u0131"},"content":{"rendered":"<p><strong>SON.TV\/MERS\u0130N <\/strong><\/p>\n<p><strong>2026-2027 Adli Y\u0131l\u0131\u2019<\/strong>n\u0131n ba\u015flamas\u0131 dolay\u0131s\u0131yla Tarsus\u2019ta d\u00fczenlenen programda yarg\u0131 camias\u0131 ile il\u00e7edeki kamu kurumlar\u0131n\u0131n temsilcileri bir araya geldi.<\/p>\n<p><strong>Tarsus Cumhuriyet Ba\u015fsavc\u0131s\u0131 G\u00fcrkan \u00d6zkaynak,<\/strong> t\u00f6rende yapt\u0131\u011f\u0131 konu\u015fmada yeni adli y\u0131l\u0131n <strong>T\u00fcrkiye<\/strong>\u2019ye, millete ve yarg\u0131 camias\u0131na hay\u0131rl\u0131 olmas\u0131n\u0131 dilerken, <strong>Tarsus Adliyesi<\/strong>nin hizmet verdi\u011fi b\u00f6lgede artan n\u00fcfus ve i\u015f y\u00fck\u00fcne ra\u011fmen hakim, Cumhuriyet savc\u0131s\u0131 ve adliye personelinin \u00e7al\u0131\u015fmalar\u0131n\u0131 \u00f6zveriyle s\u00fcrd\u00fcrd\u00fc\u011f\u00fcn\u00fc belirtti.<span class=\"Apple-converted-space\">\u00a0<\/span><\/p>\n<p>\u00a0<\/p>\n<p><strong><img loading=\"lazy\" decoding=\"async\" loading=\"lazy\" class=\"alignnone size-medium wp-image-196877\" src=\"https:\/\/www.son.tv\/wp-content\/uploads\/2026\/09\/ae8bacc6-1c54-4aeb-a85d-344c7c876d23-225x300.jpeg\" alt=\"\" width=\"225\" height=\"300\" \/><\/strong><\/p>\n<p><strong>GEN\u0130\u015e KATILIMLI ADL\u0130 YIL A\u00c7ILI\u015eI<\/strong><\/p>\n<p><strong>Adli y\u0131l a\u00e7\u0131l\u0131\u015f program\u0131na Adalet Komisyonu Ba\u015fkan\u0131, Tarsus \u00dcniversitesi Rekt\u00f6r\u00fc Prof. Dr. Ali \u00d6zen, Tarsus Belediye Ba\u015fkan Yard\u0131mc\u0131s\u0131, Cumhuriyet ba\u015fsavc\u0131 vekilleri, a\u011f\u0131r ceza mahkemesi ba\u015fkanlar\u0131, hakimler, Cumhuriyet savc\u0131lar\u0131, baro temsilcileri, Tarsus \u0130l\u00e7e Emniyet M\u00fcd\u00fcr\u00fc Bayram Bar\u0131\u015f Alt\u0131ndal, Tarsus \u0130l\u00e7e Jandarma Komutan\u0131 Binba\u015f\u0131 Mehmet G\u00fcler, Pozant\u0131 ve \u00c7aml\u0131yayla\u2019daki emniyet ve jandarma y\u00f6neticileri, \u00c7a\u011f \u00dcniversitesi Hukuk Fak\u00fcltesi Dekan\u0131, kurum ve birim m\u00fcd\u00fcrleri ile adliye ve ceza infaz kurumu personeli kat\u0131ld\u0131.<\/strong><\/p>\n<p>\u00a0<\/p>\n<p><img loading=\"lazy\" decoding=\"async\" loading=\"lazy\" class=\"alignnone size-medium wp-image-196878\" src=\"https:\/\/www.son.tv\/wp-content\/uploads\/2026\/09\/bc1b7536-e178-47ee-887c-ab8e851d91f5-300x200.jpeg\" alt=\"\" width=\"300\" height=\"200\" \/> <img loading=\"lazy\" decoding=\"async\" loading=\"lazy\" class=\"alignnone size-medium wp-image-196879\" src=\"https:\/\/www.son.tv\/wp-content\/uploads\/2026\/09\/2c8d8a07-0a64-4d3c-95d9-f988ad50d9ff-300x200.jpeg\" alt=\"\" width=\"300\" height=\"200\" \/> <img loading=\"lazy\" decoding=\"async\" loading=\"lazy\" class=\"alignnone size-medium wp-image-196880\" src=\"https:\/\/www.son.tv\/wp-content\/uploads\/2026\/09\/87b4d0dc-84af-4662-aeb1-1aeb50530f31-300x200.jpeg\" alt=\"\" width=\"300\" height=\"200\" \/> <img loading=\"lazy\" decoding=\"async\" loading=\"lazy\" class=\"alignnone size-medium wp-image-196881\" src=\"https:\/\/www.son.tv\/wp-content\/uploads\/2026\/09\/cac81e27-383c-4b61-ac75-1573cf611848-300x200.jpeg\" alt=\"\" width=\"300\" height=\"200\" \/><\/p>\n<p><strong>30 A\u011eUSTOS ZAFER BAYRAMI\u2019NI KUTLADI<\/strong><\/p>\n<p>Konu\u015fmas\u0131na, iki g\u00fcn \u00f6nce 104\u2019\u00fcnc\u00fc y\u0131l d\u00f6n\u00fcm\u00fc kutlanan <strong>30 A\u011fustos Zafer Bayram\u0131<\/strong>\u2019n\u0131 anarak ba\u015flayan <strong>Ba\u015fsavc\u0131 \u00d6zkaynak,<\/strong> ba\u015fta <strong>Gazi Mustafa Kemal Atat\u00fcrk<\/strong> olmak \u00fczere vatan i\u00e7in hayat\u0131n\u0131 kaybeden aziz \u015fehitleri ve kahraman gazileri rahmet ve minnetle and\u0131.<\/p>\n<p><strong>\u00d6zkaynak<\/strong> ayr\u0131ca adalet hizmetlerini y\u00fcr\u00fct\u00fcrken hayatlar\u0131n\u0131 kaybeden adalet \u015fehitlerini de rahmetle and\u0131\u011f\u0131n\u0131 ifade etti.<\/p>\n<p>\u201c<strong>YEN\u0130 ADL\u0130 YIL YARGI CAM\u0130AMIZA HAYIRLAR GET\u0130RS\u0130N\u201d<\/strong><\/p>\n<p>2026-2027 Adli Y\u0131l\u0131\u2019n\u0131n a\u00e7\u0131l\u0131\u015f\u0131 i\u00e7in bir araya geldiklerini belirten <strong>Ba\u015fsavc\u0131 \u00d6zkaynak,<\/strong> kat\u0131l\u0131mc\u0131lara te\u015fekk\u00fcr ederek yeni d\u00f6nemin millet ve yarg\u0131 te\u015fkilat\u0131 i\u00e7in hay\u0131rl\u0131 olmas\u0131 temennisinde bulundu.<\/p>\n<p><strong>\u00d6zkaynak<\/strong>, <strong>Tarsus Adliyesi<\/strong>nin m\u00fclhakat <strong>Pozant\u0131<\/strong> <strong>Adliyesi<\/strong> ile birlikte toplam \u00fc\u00e7 il\u00e7eye hizmet verdi\u011fini, hizmet alan\u0131ndaki toplam n\u00fcfusun yakla\u015f\u0131k 500 bin seviyesinde bulundu\u011funu belirtti.<\/p>\n<p><strong>Ba\u015fsavc\u0131 \u00d6zkaynak,<\/strong> hakimler, Cumhuriyet savc\u0131lar\u0131, m\u00fcd\u00fcrler ve kalem personelinin artan n\u00fcfus ve buna ba\u011fl\u0131 b\u00fcy\u00fcyen i\u015f y\u00fck\u00fcne ra\u011fmen \u00e7al\u0131\u015fmalar\u0131n\u0131 \u00f6zveriyle s\u00fcrd\u00fcrd\u00fc\u011f\u00fcn\u00fc kaydetti.<\/p>\n<p><img loading=\"lazy\" decoding=\"async\" loading=\"lazy\" class=\"alignnone size-medium wp-image-196882\" src=\"https:\/\/www.son.tv\/wp-content\/uploads\/2026\/09\/b523385d-77b0-494f-97d1-47f4e928e108-1-300x200.jpeg\" alt=\"\" width=\"300\" height=\"200\" \/> <img loading=\"lazy\" decoding=\"async\" loading=\"lazy\" class=\"alignnone size-medium wp-image-196883\" src=\"https:\/\/www.son.tv\/wp-content\/uploads\/2026\/09\/fad85b22-b15b-4213-ab10-e0b14dfac392-300x200.jpeg\" alt=\"\" width=\"300\" height=\"200\" \/> <img loading=\"lazy\" decoding=\"async\" loading=\"lazy\" class=\"alignnone size-medium wp-image-196884\" src=\"https:\/\/www.son.tv\/wp-content\/uploads\/2026\/09\/3b37fec5-f8a8-4ea9-8c39-e6784729e9e1-300x200.jpeg\" alt=\"\" width=\"300\" height=\"200\" \/> <img loading=\"lazy\" decoding=\"async\" loading=\"lazy\" class=\"alignnone size-medium wp-image-196885\" src=\"https:\/\/www.son.tv\/wp-content\/uploads\/2026\/09\/3e0a3da7-e412-4f7d-a481-240780d317a3-300x200.jpeg\" alt=\"\" width=\"300\" height=\"200\" \/><\/p>\n<p><strong>ETK\u0130N SORU\u015eTURMA VE YARGILAMA VURGUSU<\/strong><\/p>\n<p>Cumhuriyet savc\u0131lar\u0131n\u0131n su\u00e7la kar\u015f\u0131la\u015ft\u0131klar\u0131nda b\u00fcy\u00fck bir inan\u00e7 ve kararl\u0131l\u0131kla hareket etti\u011fini belirten <strong>\u00d6zkaynak<\/strong>, etkili soru\u015fturma y\u00f6ntemlerinin mevzuata uygun bi\u00e7imde kullan\u0131lmas\u0131n\u0131n adalet beklentisinin kar\u015f\u0131lanmas\u0131 a\u00e7\u0131s\u0131ndan \u00f6nemine dikkat \u00e7ekti.<\/p>\n<p>Hakimlerin ise hukuka uygun \u015fekilde toplanan deliller \u00fczerinden etkin yarg\u0131lamalar yaparak vatanda\u015flar\u0131n adalete eri\u015fimini temin etti\u011fini ifade etti.<\/p>\n<p><strong>\u00d6zkaynak<\/strong>, hukuk yarg\u0131lamalar\u0131nda da i\u015f ve i\u015flemlerin s\u00fcratle takip edildi\u011fini, hakimlerin s\u00fcre\u00e7lerin etkin \u015fekilde y\u00fcr\u00fct\u00fclmesi i\u00e7in titizlikle \u00e7al\u0131\u015ft\u0131\u011f\u0131n\u0131 s\u00f6yledi.<\/p>\n<p><img loading=\"lazy\" decoding=\"async\" loading=\"lazy\" class=\"alignnone size-medium wp-image-196886\" src=\"https:\/\/www.son.tv\/wp-content\/uploads\/2026\/09\/e757084f-3e1e-40f4-bde2-6c095aa5d964-300x200.jpeg\" alt=\"\" width=\"300\" height=\"200\" \/> <img loading=\"lazy\" decoding=\"async\" loading=\"lazy\" class=\"alignnone size-medium wp-image-196887\" src=\"https:\/\/www.son.tv\/wp-content\/uploads\/2026\/09\/7fa1e3cb-5847-45ac-8090-f527d58ea93a-300x200.jpeg\" alt=\"\" width=\"300\" height=\"200\" \/> <img loading=\"lazy\" decoding=\"async\" loading=\"lazy\" class=\"alignnone size-medium wp-image-196888\" src=\"https:\/\/www.son.tv\/wp-content\/uploads\/2026\/09\/0ee2f9ee-d7ff-4c2b-9dfc-60b71f74930b-300x200.jpeg\" alt=\"\" width=\"300\" height=\"200\" \/> <img loading=\"lazy\" decoding=\"async\" loading=\"lazy\" class=\"alignnone size-medium wp-image-196889\" src=\"https:\/\/www.son.tv\/wp-content\/uploads\/2026\/09\/bfa44717-a610-43bd-8218-ccb6cec0c3dc-300x200.jpeg\" alt=\"\" width=\"300\" height=\"200\" \/><\/p>\n<p><strong>ADALET PERSONEL\u0130NE TE\u015eEKK\u00dcR<\/strong><\/p>\n<p>Adalet hizmetlerinin yaln\u0131zca hakim ve Cumhuriyet savc\u0131lar\u0131n\u0131n de\u011fil, b\u00fct\u00fcn yarg\u0131 te\u015fkilat\u0131n\u0131n ortak \u00e7al\u0131\u015fmas\u0131yla y\u00fcr\u00fct\u00fcld\u00fc\u011f\u00fcn\u00fc belirten <strong>\u00d6zkaynak<\/strong>, yaz\u0131 i\u015fleri m\u00fcd\u00fcrleri ve kalem personelinin g\u00f6revlerini titizlikle yerine getirdi\u011fini ifade etti.<\/p>\n<p>Ceza infaz kurumlar\u0131nda g\u00f6rev yapan y\u00f6neticiler ve personele de de\u011finen <strong>\u00d6zkaynak<\/strong>, h\u00fck\u00fcml\u00fclerin yeniden topluma kazand\u0131r\u0131lmas\u0131 ve \u0131slah\u0131 i\u00e7in cezaevi m\u00fcd\u00fcrleri ile di\u011fer personelin birlikte etkin \u00e7al\u0131\u015fmalar y\u00fcr\u00fctt\u00fc\u011f\u00fcn\u00fc belirtti.<\/p>\n<p><img loading=\"lazy\" decoding=\"async\" loading=\"lazy\" class=\"alignnone size-medium wp-image-196890\" src=\"https:\/\/www.son.tv\/wp-content\/uploads\/2026\/09\/d3cc34c5-d41e-4971-9c53-d91e2c5f3b35-300x199.jpeg\" alt=\"\" width=\"300\" height=\"199\" \/> <img loading=\"lazy\" decoding=\"async\" loading=\"lazy\" class=\"alignnone size-medium wp-image-196891\" src=\"https:\/\/www.son.tv\/wp-content\/uploads\/2026\/09\/a462d237-26c8-491b-884c-a12b2297d272-300x199.jpeg\" alt=\"\" width=\"300\" height=\"199\" \/> <img loading=\"lazy\" decoding=\"async\" loading=\"lazy\" class=\"alignnone size-medium wp-image-196892\" src=\"https:\/\/www.son.tv\/wp-content\/uploads\/2026\/09\/66509728-e9ea-464d-8520-e21cba4e20b5-300x225.jpeg\" alt=\"\" width=\"300\" height=\"225\" \/>\u00a0<img loading=\"lazy\" decoding=\"async\" loading=\"lazy\" class=\"alignnone size-medium wp-image-196894\" src=\"https:\/\/www.son.tv\/wp-content\/uploads\/2026\/09\/11395747-d332-4946-a649-d577ae49a87e-300x199.jpeg\" alt=\"\" width=\"300\" height=\"199\" \/><\/p>\n<p>\u201c<strong>ADL\u0130YEM\u0130Z\u0130N KAPISI S\u0130Z\u0130ND\u0130R\u201d<\/strong><\/p>\n<p><strong>Ba\u015fsavc\u0131 G\u00fcrkan \u00d6zkaynak<\/strong>\u2019\u0131n konu\u015fmas\u0131n\u0131n en dikkat \u00e7eken b\u00f6l\u00fcmlerinden biri ise vatanda\u015flara verdi\u011fi adalete eri\u015fim mesaj\u0131 oldu.<\/p>\n<p><strong>Tarsus, Pozant\u0131<\/strong> ve <strong>\u00c7aml\u0131yayla<\/strong>\u2019da ya\u015fayan vatanda\u015flara seslenen <strong>\u00d6zkaynak<\/strong>, \u201c<strong>Tarsus Adliyesi sizlerindir\u201d<\/strong> mesaj\u0131n\u0131 verdi.<\/p>\n<p><strong>\u00d6zkaynak<\/strong>, adliye binas\u0131n\u0131n arkas\u0131nda vatanda\u015f\u0131n adalet ihtiyac\u0131n\u0131 kar\u015f\u0131lamak i\u00e7in g\u00f6rev yapan yarg\u0131 mensuplar\u0131n\u0131n bulundu\u011funu belirterek, \u201c<strong>Adliyemizin kap\u0131s\u0131 size aittir. \u00c7ekinmeden, endi\u015fe duymadan bu kap\u0131ya gelebilirsiniz\u201d<\/strong> ifadelerini kulland\u0131. G\u00fcncel haberlerde de <strong>Ba\u015fsavc\u0131 \u00d6zkaynak<\/strong>\u2019\u0131n bu mesaj\u0131 a\u00e7\u0131l\u0131\u015f program\u0131n\u0131n \u00f6ne \u00e7\u0131kan b\u00f6l\u00fcm\u00fc olarak yer ald\u0131.<span class=\"Apple-converted-space\">\u00a0<\/span><\/p>\n<p><img loading=\"lazy\" decoding=\"async\" loading=\"lazy\" class=\"alignnone size-medium wp-image-196896\" src=\"https:\/\/www.son.tv\/wp-content\/uploads\/2026\/09\/65cb48e3-b341-4709-a6f4-42ab1715b012-1-300x225.jpeg\" alt=\"\" width=\"300\" height=\"225\" \/> <img loading=\"lazy\" decoding=\"async\" loading=\"lazy\" class=\"alignnone size-medium wp-image-196897\" src=\"https:\/\/www.son.tv\/wp-content\/uploads\/2026\/09\/9bc3f4d2-f72a-4dce-acec-854dee05be1a-300x225.jpeg\" alt=\"\" width=\"300\" height=\"225\" \/> <img loading=\"lazy\" decoding=\"async\" loading=\"lazy\" class=\"alignnone size-medium wp-image-196898\" src=\"https:\/\/www.son.tv\/wp-content\/uploads\/2026\/09\/ff622e4f-adc0-4f90-9256-72efe04837dc-300x225.jpeg\" alt=\"\" width=\"300\" height=\"225\" \/> <img loading=\"lazy\" decoding=\"async\" loading=\"lazy\" class=\"alignnone size-medium wp-image-196899\" src=\"https:\/\/www.son.tv\/wp-content\/uploads\/2026\/09\/037e2d71-6bc2-4729-872a-7818f07d7863-300x225.jpeg\" alt=\"\" width=\"300\" height=\"225\" \/><\/p>\n<p><strong>AVUKATLARLA G\u00dc\u00c7L\u00dc \u0130\u015e B\u0130RL\u0130\u011e\u0130 MESAJI<\/strong><\/p>\n<p>Savunman\u0131n temsilcileri olan avukatlara da konu\u015fmas\u0131nda yer veren <strong>\u00d6zkaynak<\/strong>, yeni adli y\u0131lda avukatlarla g\u00fc\u00e7l\u00fc bir i\u015f birli\u011fi i\u00e7erisinde olunaca\u011f\u0131n\u0131 ifade etti.<\/p>\n<p>Yarg\u0131n\u0131n etkinli\u011finin art\u0131r\u0131lmas\u0131 konusunda avukatlardan gelecek tavsiye ve de\u011ferlendirmelerin dikkate al\u0131naca\u011f\u0131n\u0131 belirten <strong>\u00d6zkaynak<\/strong>, bu konudaki taleplere s\u00fcratle kar\u015f\u0131l\u0131k verilece\u011fini kaydetti.<span class=\"Apple-converted-space\">\u00a0<\/span><\/p>\n<p><strong>KARARNAMEYLE AYRILAN VE TARSUS\u2019A ATANAN YARGI MENSUPLARINA MESAJ<\/strong><\/p>\n<p><strong>Ba\u015fsavc\u0131 \u00d6zkaynak,<\/strong> <strong>2026 y\u0131l\u0131 Adli ve \u0130dari Yarg\u0131 Ana Kararnamesi<\/strong> kapsam\u0131nda <strong>Tarsus Adliyesi<\/strong>nden ayr\u0131lan hakim ve Cumhuriyet savc\u0131lar\u0131na yeni g\u00f6rev yerlerinde ba\u015far\u0131lar diledi.<\/p>\n<p><strong>Tarsus Adliyesi<\/strong>ne yeni atanan yarg\u0131 mensuplar\u0131na da ba\u015far\u0131 dileklerini ileten <strong>\u00d6zkaynak<\/strong>, yeni d\u00f6nemde birlikte g\u00f6rev yapacak meslekta\u015flar\u0131na \u201c<strong>baht a\u00e7\u0131kl\u0131\u011f\u0131\u201d<\/strong> temennisinde bulundu.<\/p>\n<p>\u00a0<\/p>\n<p><strong><img loading=\"lazy\" decoding=\"async\" loading=\"lazy\" class=\"alignnone size-medium wp-image-196900\" src=\"https:\/\/www.son.tv\/wp-content\/uploads\/2026\/09\/c1cd3a31-9d11-4817-ba66-f6599f15d279-300x225.jpeg\" alt=\"\" width=\"300\" height=\"225\" \/>KOLLUK PERSONEL\u0130NE BA\u015eARI D\u0130LED\u0130<\/strong><\/p>\n<p><strong>Tarsus, Pozant\u0131<\/strong> ve <strong>\u00c7aml\u0131yayla<\/strong>\u2019da yarg\u0131 te\u015fkilat\u0131yla birlikte \u00e7al\u0131\u015fan emniyet ve jandarma personeline de te\u015fekk\u00fcr eden <strong>\u00d6zkaynak<\/strong>, omuz omuza \u00e7al\u0131\u015f\u0131lan t\u00fcm kolluk g\u00f6revlilerine yeni d\u00f6nemde ba\u015far\u0131lar diledi.<\/p>\n<p>Ceza infaz kurumlar\u0131nda g\u00f6rev yapan infaz ve koruma memurlar\u0131, idare memurlar\u0131 ve y\u00f6neticilere de g\u00f6revlerinde kolayl\u0131k temennisinde bulundu.<\/p>\n<p>\u201c<strong>ADALET DEVLET\u0130N TEMEL\u0130D\u0130R\u201d<\/strong><\/p>\n<p>Ba\u015fsavc\u0131 G\u00fcrkan \u00d6zkaynak konu\u015fmas\u0131n\u0131n sonunda, yeni adli y\u0131l\u0131n \u00fclkeye ve millete hay\u0131rlar getirmesini dileyerek adaletin devletin temeli oldu\u011funa ili\u015fkin anlay\u0131\u015f\u0131n her zaman yarg\u0131 mensuplar\u0131n\u0131n \u00fczerinde bulundu\u011funu ifade etti.<\/p>\n<p>Kat\u0131l\u0131mc\u0131lara te\u015fekk\u00fcr eden <strong>\u00d6zkaynak<\/strong>, 2026-2027 <strong>Adli Y\u0131l\u0131\u2019<\/strong>n\u0131n yarg\u0131 \u00e7evresine hay\u0131rl\u0131 olmas\u0131 temennisiyle konu\u015fmas\u0131n\u0131 tamamlad\u0131.<\/p>\n<p><strong>ET\u0130KETLER: #Tarsus #TarsusAdliyesi #G\u00fcrkan\u00d6zkaynak #AdliY\u0131l #20262027AdliY\u0131l\u0131 #Mersin #Yarg\u0131 #Adalet #Hakim #Savc\u0131 #TarsusCumhuriyetBa\u015fsavc\u0131l\u0131\u011f\u0131<\/strong><\/p>\n<p>Tarsus\u2019ta 2026-2027 Adli Y\u0131l\u0131, yarg\u0131 mensuplar\u0131, \u00fcniversite ve yerel y\u00f6netim temsilcileri, emniyet ve jandarma y\u00f6neticileri ile adliye personelinin kat\u0131ld\u0131\u011f\u0131 programla ba\u015flad\u0131. Tarsus Cumhuriyet Ba\u015fsavc\u0131s\u0131 G\u00fcrkan \u00d6zkaynak, yeni adli y\u0131l mesaj\u0131nda adalete eri\u015fim, etkin soru\u015fturma ve yarg\u0131lama, kurumlar aras\u0131 i\u015f birli\u011fi ve vatanda\u015f\u0131n adliyeye g\u00fcveni \u00fczerinde durarak, \u201cAdliyemizin kap\u0131s\u0131 sizindir. \u00c7ekinmeden, endi\u015fe duymadan bu kap\u0131ya gelebilirsiniz\u201d dedi.\u00a0<a href=\"https:\/\/www.son.tv\/tarsusta-yeni-adli-yil-basladi-bassavci-ozkaynaktan-adliyemizin-kapisi-sizindir-mesaji\/\" target=\"_blank\" class=\"feedzy-rss-link-icon\">Read More<\/a><\/p>","protected":false},"excerpt":{"rendered":"<p>SON.TV\/MERS\u0130N 2026-2027 Adli Y\u0131l\u0131\u2019n\u0131n ba\u015flamas\u0131 dolay\u0131s\u0131yla Tarsus\u2019ta d\u00fczenlenen programda yarg\u0131 camias\u0131 ile il\u00e7edeki kamu kurumlar\u0131n\u0131n temsilcileri bir araya geldi. Tarsus Cumhuriyet Ba\u015fsavc\u0131s\u0131 G\u00fcrkan \u00d6zkaynak, t\u00f6rende yapt\u0131\u011f\u0131 konu\u015fmada yeni adli y\u0131l\u0131n T\u00fcrkiye\u2019ye, millete ve yarg\u0131 camias\u0131na hay\u0131rl\u0131 olmas\u0131n\u0131 dilerken, Tarsus Adliyesinin hizmet verdi\u011fi b\u00f6lgede artan n\u00fcfus ve i\u015f y\u00fck\u00fcne ra\u011fmen hakim, Cumhuriyet savc\u0131s\u0131 ve adliye personelinin [&hellip;]<\/p>\n","protected":false},"author":1,"featured_media":42113,"comment_status":"open","ping_status":"open","sticky":false,"template":"","format":"standard","meta":{"footnotes":"","_links_to":"","_links_to_target":""},"categories":[1],"tags":[],"class_list":["post-42112","post","type-post","status-publish","format-standard","has-post-thumbnail","hentry","category-haberler"],"_links":{"self":[{"href":"https:\/\/www.abchukuk.com\/index.php\/wp-json\/wp\/v2\/posts\/42112","targetHints":{"allow":["GET"]}}],"collection":[{"href":"https:\/\/www.abchukuk.com\/index.php\/wp-json\/wp\/v2\/posts"}],"about":[{"href":"https:\/\/www.abchukuk.com\/index.php\/wp-json\/wp\/v2\/types\/post"}],"author":[{"embeddable":true,"href":"https:\/\/www.abchukuk.com\/index.php\/wp-json\/wp\/v2\/users\/1"}],"replies":[{"embeddable":true,"href":"https:\/\/www.abchukuk.com\/index.php\/wp-json\/wp\/v2\/comments?post=42112"}],"version-history":[{"count":0,"href":"https:\/\/www.abchukuk.com\/index.php\/wp-json\/wp\/v2\/posts\/42112\/revisions"}],"wp:featuredmedia":[{"embeddable":true,"href":"https:\/\/www.abchukuk.com\/index.php\/wp-json\/wp\/v2\/media\/42113"}],"wp:attachment":[{"href":"https:\/\/www.abchukuk.com\/index.php\/wp-json\/wp\/v2\/media?parent=42112"}],"wp:term":[{"taxonomy":"category","embeddable":true,"href":"https:\/\/www.abchukuk.com\/index.php\/wp-json\/wp\/v2\/categories?post=42112"},{"taxonomy":"post_tag","embeddable":true,"href":"https:\/\/www.abchukuk.com\/index.php\/wp-json\/wp\/v2\/tags?post=42112"}],"curies":[{"name":"wp","href":"https:\/\/api.w.org\/{rel}","templated":true}]}}