{"id":42110,"date":"2026-09-01T14:01:01","date_gmt":"2026-09-01T14:01:01","guid":{"rendered":"https:\/\/www.abchukuk.com\/index.php\/2026\/09\/01\/mersin-adliyesinde-yeni-adli-yil-basladi-hep-birlikte-adaletin-tesisi-icin-calisacagiz\/"},"modified":"2026-09-01T14:01:01","modified_gmt":"2026-09-01T14:01:01","slug":"mersin-adliyesinde-yeni-adli-yil-basladi-hep-birlikte-adaletin-tesisi-icin-calisacagiz","status":"publish","type":"post","link":"https:\/\/www.abchukuk.com\/index.php\/2026\/09\/01\/mersin-adliyesinde-yeni-adli-yil-basladi-hep-birlikte-adaletin-tesisi-icin-calisacagiz\/","title":{"rendered":"Mersin Adliyesi\u2019nde yeni adli y\u0131l ba\u015flad\u0131: \u201cHep birlikte adaletin tesisi i\u00e7in \u00e7al\u0131\u015faca\u011f\u0131z\u201d"},"content":{"rendered":"<p>Mersin Adliyesi\u2019nde 2026-2027 adli y\u0131l a\u00e7\u0131l\u0131\u015f\u0131 dolay\u0131s\u0131yla t\u00f6ren d\u00fczenlendi. T\u00f6rene Mersin Cumhuriyet Ba\u015fsavc\u0131s\u0131 Yasin Emre, Mersin Valisi Atilla Toros, Adli Yarg\u0131 Adalet Komisyonu Ba\u015fkan\u0131 Serdar Ceylan, \u0130l Emniyet M\u00fcd\u00fcr\u00fc Fahri Akta\u015f, Sahil G\u00fcvenlik Akdeniz B\u00f6lge Komutan\u0131 Alpaslan Baysal ve Mersin Baro Ba\u015fkan\u0131 Gazi \u00d6zdemir\u2019in yan\u0131 s\u0131ra hakim, savc\u0131 ve adliye personeli kat\u0131ld\u0131.<\/p>\n<p><img fetchpriority=\"high\" decoding=\"async\" class=\"alignnone size-medium wp-image-196907\" src=\"https:\/\/www.son.tv\/wp-content\/uploads\/2026\/09\/WhatsApp-Image-2026-09-01-at-16.47.32-2-300x200.jpeg\" alt=\"\" width=\"300\" height=\"200\" \/><\/p>\n<p>\u201cHEP B\u0130RL\u0130KTE ADALET\u0130N TES\u0130S\u0130 \u0130\u00c7\u0130N \u00c7ALI\u015eACA\u011eIZ\u201d<\/p>\n<p>T\u00f6rende konu\u015fan Mersin Cumhuriyet Ba\u015fsavc\u0131s\u0131 Yasin Emre, yeni adli y\u0131l\u0131n hay\u0131rl\u0131 olmas\u0131n\u0131 dileyerek t\u00fcm meslekta\u015flar\u0131na ve adliye personeline sa\u011fl\u0131k ve ba\u015far\u0131 temennisinde bulundu. Emre, yeni adli y\u0131lda \u00f6ncelikli hedeflerinin adaletin tesisi ve hukukun \u00fcst\u00fcnl\u00fc\u011f\u00fcn\u00fcn sa\u011flanmas\u0131 oldu\u011funu belirterek, \u201cDaha sonra da \u00fclkemize, memleketimize, milletimize hep birlikte adaletin tesisi i\u00e7in, hukukun \u00fcst\u00fcnl\u00fc\u011f\u00fc i\u00e7in birlikte \u00e7al\u0131\u015faca\u011f\u0131z. Vatanda\u015f, memleketimiz, milletimiz bizden adalet bekliyor. Hep birlikte vatanda\u015f\u0131m\u0131z\u0131n, \u00fclkemizin bu beklentisini kar\u015f\u0131layaca\u011f\u0131z\u201d ifadelerini kulland\u0131.<\/p>\n<p><img decoding=\"async\" class=\"alignnone size-medium wp-image-196908\" src=\"https:\/\/www.son.tv\/wp-content\/uploads\/2026\/09\/WhatsApp-Image-2026-09-01-at-16.47.31-2-300x200.jpeg\" alt=\"\" width=\"300\" height=\"200\" \/><\/p>\n<p>\u201cSU\u00c7 VE SU\u00c7LUYLA M\u00dcCADELE EDECE\u011e\u0130Z\u201d<\/p>\n<p>Mersin\u2019deki ilk adli y\u0131l\u0131 oldu\u011funu belirten Ba\u015fsavc\u0131 Emre, yeni d\u00f6nemde su\u00e7 ve su\u00e7luyla m\u00fccadeleye kararl\u0131l\u0131kla devam edeceklerini s\u00f6yledi. Emre, \u201cUmar\u0131z ba\u015fta hukukun, adaletin \u00fcst\u00fcn oldu\u011fu, ma\u011fdur haklar\u0131n\u0131n korundu\u011fu, su\u00e7 ve su\u00e7luyla m\u00fccadele etti\u011fimiz bir y\u0131l olur. Bizler \u00fclkemizin her yerinde oldu\u011fu gibi burada da t\u00fcm su\u00e7 ve su\u00e7lularla m\u00fccadele edece\u011fiz, t\u00fcm ekibimizle birlikte. Adli y\u0131l\u0131m\u0131z\u0131n hay\u0131rl\u0131 olmas\u0131n\u0131 diliyorum\u201d dedi.<\/p>\n<p><img decoding=\"async\" class=\"alignnone size-medium wp-image-196909\" src=\"https:\/\/www.son.tv\/wp-content\/uploads\/2026\/09\/WhatsApp-Image-2026-09-01-at-16.47.32-300x200.jpeg\" alt=\"\" width=\"300\" height=\"200\" \/><\/p>\n<p>\u201cGEN\u00c7, D\u0130NAM\u0130K VE G\u00dc\u00c7L\u00dc B\u0130R KADROYUZ\u201d<\/p>\n<p>Mersin Adliyesi\u2019ndeki adli y\u0131l a\u00e7\u0131l\u0131\u015f\u0131na ili\u015fkin de\u011ferlendirmelerde de bulunan Ba\u015fsavc\u0131 Yasin Emre, t\u00f6rene il protokol\u00fc, milletvekilleri, hakim ve savc\u0131lar ile adliye personelinin kat\u0131ld\u0131\u011f\u0131n\u0131 belirtti. Emre, Mersin Adliyesi\u2019nin kadrosuna dikkat \u00e7ekerek, \u201cGen\u00e7 dinamik bir kadroyuz, g\u00fc\u00e7l\u00fcy\u00fcz. Bu anlamda adalet i\u00e7in \u00fcmit verici, g\u00fczel bir tablo var burada\u201d diye konu\u015ftu. Mersin Adliyesi\u2019nde ger\u00e7ekle\u015ftirilen t\u00f6renin ard\u0131ndan 2026-2027 adli y\u0131l\u0131 resmen ba\u015flam\u0131\u015f oldu.<\/p>\n<p><img loading=\"lazy\" decoding=\"async\" loading=\"lazy\" class=\"alignnone size-medium wp-image-196910\" src=\"https:\/\/www.son.tv\/wp-content\/uploads\/2026\/09\/WhatsApp-Image-2026-09-01-at-16.47.32-3-300x219.jpeg\" alt=\"\" width=\"300\" height=\"219\" \/><\/p>\n<p><img loading=\"lazy\" decoding=\"async\" loading=\"lazy\" class=\"alignnone size-medium wp-image-196911\" src=\"https:\/\/www.son.tv\/wp-content\/uploads\/2026\/09\/WhatsApp-Image-2026-09-01-at-16.47.31-300x200.jpeg\" alt=\"\" width=\"300\" height=\"200\" \/><\/p>\n<p>Mersin Adliyesi\u2019nde 2026-2027 adli y\u0131l a\u00e7\u0131l\u0131\u015f t\u00f6reni ger\u00e7ekle\u015ftirildi. T\u00f6rende konu\u015fan Mersin Cumhuriyet Ba\u015fsavc\u0131s\u0131 Yasin Emre, yeni adli y\u0131lda hukukun \u00fcst\u00fcnl\u00fc\u011f\u00fc, adaletin tesisi ve ma\u011fdur haklar\u0131n\u0131n korunmas\u0131 i\u00e7in \u00e7al\u0131\u015facaklar\u0131n\u0131 belirterek, \u201cVatanda\u015f, memleketimiz, milletimiz bizden adalet bekliyor. Hep birlikte bu beklentiyi kar\u015f\u0131layaca\u011f\u0131z\u201d dedi.\u00a0<a href=\"https:\/\/www.son.tv\/mersin-adliyesinde-yeni-adli-yil-basladi-hep-birlikte-adaletin-tesisi-icin-calisacagiz\/\" target=\"_blank\" class=\"feedzy-rss-link-icon\">Read More<\/a><\/p>","protected":false},"excerpt":{"rendered":"<p>Mersin Adliyesi\u2019nde 2026-2027 adli y\u0131l a\u00e7\u0131l\u0131\u015f\u0131 dolay\u0131s\u0131yla t\u00f6ren d\u00fczenlendi. T\u00f6rene Mersin Cumhuriyet Ba\u015fsavc\u0131s\u0131 Yasin Emre, Mersin Valisi Atilla Toros, Adli Yarg\u0131 Adalet Komisyonu Ba\u015fkan\u0131 Serdar Ceylan, \u0130l Emniyet M\u00fcd\u00fcr\u00fc Fahri Akta\u015f, Sahil G\u00fcvenlik Akdeniz B\u00f6lge Komutan\u0131 Alpaslan Baysal ve Mersin Baro Ba\u015fkan\u0131 Gazi \u00d6zdemir\u2019in yan\u0131 s\u0131ra hakim, savc\u0131 ve adliye personeli kat\u0131ld\u0131. \u201cHEP B\u0130RL\u0130KTE ADALET\u0130N [&hellip;]<\/p>\n","protected":false},"author":1,"featured_media":42111,"comment_status":"open","ping_status":"open","sticky":false,"template":"","format":"standard","meta":{"footnotes":"","_links_to":"","_links_to_target":""},"categories":[1],"tags":[],"class_list":["post-42110","post","type-post","status-publish","format-standard","has-post-thumbnail","hentry","category-haberler"],"_links":{"self":[{"href":"https:\/\/www.abchukuk.com\/index.php\/wp-json\/wp\/v2\/posts\/42110","targetHints":{"allow":["GET"]}}],"collection":[{"href":"https:\/\/www.abchukuk.com\/index.php\/wp-json\/wp\/v2\/posts"}],"about":[{"href":"https:\/\/www.abchukuk.com\/index.php\/wp-json\/wp\/v2\/types\/post"}],"author":[{"embeddable":true,"href":"https:\/\/www.abchukuk.com\/index.php\/wp-json\/wp\/v2\/users\/1"}],"replies":[{"embeddable":true,"href":"https:\/\/www.abchukuk.com\/index.php\/wp-json\/wp\/v2\/comments?post=42110"}],"version-history":[{"count":0,"href":"https:\/\/www.abchukuk.com\/index.php\/wp-json\/wp\/v2\/posts\/42110\/revisions"}],"wp:featuredmedia":[{"embeddable":true,"href":"https:\/\/www.abchukuk.com\/index.php\/wp-json\/wp\/v2\/media\/42111"}],"wp:attachment":[{"href":"https:\/\/www.abchukuk.com\/index.php\/wp-json\/wp\/v2\/media?parent=42110"}],"wp:term":[{"taxonomy":"category","embeddable":true,"href":"https:\/\/www.abchukuk.com\/index.php\/wp-json\/wp\/v2\/categories?post=42110"},{"taxonomy":"post_tag","embeddable":true,"href":"https:\/\/www.abchukuk.com\/index.php\/wp-json\/wp\/v2\/tags?post=42110"}],"curies":[{"name":"wp","href":"https:\/\/api.w.org\/{rel}","templated":true}]}}