{"id":42104,"date":"2026-09-01T12:33:17","date_gmt":"2026-09-01T12:33:17","guid":{"rendered":"https:\/\/www.abchukuk.com\/index.php\/2026\/09\/01\/kirikkale-barosundan-yeni-adli-yilda-hukuk-ve-adalet-mesaji\/"},"modified":"2026-09-01T12:33:17","modified_gmt":"2026-09-01T12:33:17","slug":"kirikkale-barosundan-yeni-adli-yilda-hukuk-ve-adalet-mesaji","status":"publish","type":"post","link":"https:\/\/www.abchukuk.com\/index.php\/2026\/09\/01\/kirikkale-barosundan-yeni-adli-yilda-hukuk-ve-adalet-mesaji\/","title":{"rendered":"K\u0131r\u0131kkale Barosu\u2019ndan yeni adli y\u0131lda hukuk ve adalet mesaj\u0131"},"content":{"rendered":"<p><strong>SON.TV\/KIRIKKALE<\/strong><\/p>\n<p><strong>K\u0131r\u0131kkale\u2019de 2026-2027 Adli Y\u0131l\u0131, Cumhuriyet ve Demokrasi Meydan\u0131<\/strong>\u2019nda d\u00fczenlenen t\u00f6renle ba\u015flad\u0131. Yeni adli y\u0131l dolay\u0131s\u0131yla ger\u00e7ekle\u015ftirilen t\u00f6rende hukuk ve adalet vurgusu \u00f6ne \u00e7\u0131kt\u0131.<\/p>\n<p><strong>Atat\u00fcrk An\u0131t\u0131<\/strong>\u2019na \u00e7elenk sunulmas\u0131n\u0131n ard\u0131ndan sayg\u0131 duru\u015funda bulunuldu ve <strong>\u0130stiklal Mar\u015f\u0131<\/strong> okundu. <strong>T\u00f6rende K\u0131r\u0131kkale Baro Ba\u015fkan\u0131 Av. Turan Zek<\/strong>i de yeni adli y\u0131la ili\u015fkin de\u011ferlendirmelerde bulundu.<\/p>\n<p><img loading=\"lazy\" decoding=\"async\" loading=\"lazy\" class=\"alignnone size-medium wp-image-196850\" src=\"https:\/\/www.son.tv\/wp-content\/uploads\/2026\/09\/a86420b0-6760-43b3-a6f0-14f657bcd4c1-300x200.jpeg\" alt=\"\" width=\"300\" height=\"200\" \/><\/p>\n<p><strong>YEN\u0130 ADL\u0130 YIL \u0130\u00c7\u0130N HAYIRLI OLSUN MESAJI<\/strong><\/p>\n<p><strong>K\u0131r\u0131kkale Baro Ba\u015fkan\u0131 Turan Zeki, 2026-2027 Adli Y\u0131l\u0131\u2019<\/strong>n\u0131n \u00fclkeye, millete, <strong>K\u0131r\u0131kkale<\/strong>\u2019ye ve hukuk camias\u0131na hay\u0131rl\u0131 olmas\u0131 temennisinde bulundu.<\/p>\n<p><strong>Zeki<\/strong>, yeni adli y\u0131l\u0131n ba\u015flamas\u0131 dolay\u0131s\u0131yla yapt\u0131\u011f\u0131 konu\u015fmada, adalet sisteminin temel unsurlar\u0131na dikkat \u00e7ekerek hukukun \u00fcst\u00fcnl\u00fc\u011f\u00fc, adil yarg\u0131lanma hakk\u0131 ve hukuk \u00f6n\u00fcnde e\u015fitlik ilkelerinin \u00f6nemini vurgulad\u0131.<\/p>\n<p><img loading=\"lazy\" decoding=\"async\" loading=\"lazy\" class=\"size-medium wp-image-196851 alignleft\" src=\"https:\/\/www.son.tv\/wp-content\/uploads\/2026\/09\/c3024ec2-4951-4225-ab33-a0ab49549e71-300x200.jpeg\" alt=\"\" width=\"300\" height=\"200\" \/><\/p>\n<p>\u00a0<\/p>\n<p>\u00a0<\/p>\n<p>\u00a0<\/p>\n<p>\u00a0<\/p>\n<p>\u00a0<\/p>\n<p>\u00a0<\/p>\n<p>\u201c<strong>ADALET, HUKUKUN \u00dcST\u00dcNL\u00dc\u011e\u00dcNE DUYULAN G\u00dcVENLE ANLAM KAZANIR\u201d<\/strong><\/p>\n<p>Adalet kavram\u0131na ili\u015fkin de\u011ferlendirmelerde bulunan <strong>Zeki<\/strong>, adaletin yaln\u0131zca yasal d\u00fczenlemelerin uygulanmas\u0131ndan ibaret olmad\u0131\u011f\u0131n\u0131 belirtti.<\/p>\n<p>Adaletin; hukukun \u00fcst\u00fcnl\u00fc\u011f\u00fcne duyulan g\u00fcven, adil yarg\u0131lanma hakk\u0131n\u0131n korunmas\u0131 ve herkesin hukuk \u00f6n\u00fcnde e\u015fit oldu\u011funa ili\u015fkin inan\u00e7la anlam kazand\u0131\u011f\u0131n\u0131 ifade eden <strong>Zeki<\/strong>, hukuk\u00e7ular\u0131n bu s\u00fcre\u00e7te \u00f6nemli bir sorumluluk ta\u015f\u0131d\u0131\u011f\u0131n\u0131 kaydetti.<\/p>\n<p>\u201c<strong>HUKUK\u00c7ULARIN G\u00d6REV\u0130 ADALETE OLAN G\u00dcVEN\u0130 KORUMAK\u201d<\/strong><\/p>\n<p><strong>K\u0131r\u0131kkale Baro Ba\u015fkan\u0131 Zeki,<\/strong> hukuk\u00e7ular\u0131n g\u00f6revinin yaln\u0131zca y\u00fcr\u00fcrl\u00fckteki kanunlar\u0131 uygulamak olmad\u0131\u011f\u0131n\u0131 belirterek, adalet sistemine duyulan g\u00fcvenin korunmas\u0131n\u0131n da hukuk\u00e7ular\u0131n temel sorumluluklar\u0131 aras\u0131nda bulundu\u011funu ifade etti.<\/p>\n<p>Yeni adli y\u0131lda yarg\u0131n\u0131n h\u0131zl\u0131 ve etkin \u015fekilde i\u015flemesinin yan\u0131 s\u0131ra ba\u011f\u0131ms\u0131zl\u0131k ve tarafs\u0131zl\u0131k ilkelerinin korunmas\u0131n\u0131n \u00f6nemine i\u015faret eden <strong>Zeki<\/strong>, insan onuruna yak\u0131\u015f\u0131r bir yarg\u0131 sisteminin daha da g\u00fc\u00e7lendirilmesinin temennileri oldu\u011funu s\u00f6yledi.<\/p>\n<p><img loading=\"lazy\" decoding=\"async\" loading=\"lazy\" class=\"alignnone size-medium wp-image-196852\" src=\"https:\/\/www.son.tv\/wp-content\/uploads\/2026\/09\/3987aba1-da1a-453a-8a2c-faa725c05a52-300x200.jpeg\" alt=\"\" width=\"300\" height=\"200\" \/><\/p>\n<p><strong>HIZLI, ETK\u0130N, BA\u011eIMSIZ VE TARAFSIZ YARGI VURGUSU<\/strong><\/p>\n<p><strong>Zeki<\/strong>, <strong>2026-2027 Adli Y\u0131l\u0131<\/strong>\u2019nda h\u0131zl\u0131, etkin, ba\u011f\u0131ms\u0131z, tarafs\u0131z ve insan onuruna yak\u0131\u015f\u0131r bir yarg\u0131 sisteminin daha da g\u00fc\u00e7lendirilmesinin hukuk camias\u0131n\u0131n en \u00f6nemli beklentileri aras\u0131nda bulundu\u011funu dile getirdi.<\/p>\n<p>Adalete olan g\u00fcvenin korunmas\u0131n\u0131n hukuk devletinin temel unsurlar\u0131ndan oldu\u011funu belirten <strong>Zeki, K\u0131r\u0131kkale<\/strong> <strong>Barosu<\/strong>\u2019nun da bu do\u011frultudaki \u00e7al\u0131\u015fmalar\u0131n\u0131 s\u00fcrd\u00fcrece\u011fini ifade etti.<\/p>\n<p>\u201c<strong>HAK \u0130HLALLER\u0130N\u0130N KAR\u015eISINDA OLACA\u011eIZ\u201d<\/strong><\/p>\n<p><strong>K\u0131r\u0131kkale Barosu<\/strong>\u2019nun yeni adli y\u0131ldaki yakla\u015f\u0131m\u0131na ili\u015fkin de mesaj veren <strong>Turan Zeki,<\/strong> baronun vatanda\u015flar\u0131n haklar\u0131n\u0131n korunmas\u0131 ve hukukun \u00fcst\u00fcnl\u00fc\u011f\u00fcn\u00fcn savunulmas\u0131 y\u00f6n\u00fcndeki tutumunun devam edece\u011fini s\u00f6yledi.<\/p>\n<p><strong>Zeki, \u201cK\u0131r\u0131kkale Barosu olarak, ge\u00e7mi\u015fte oldu\u011fu gibi bundan sonra da hak ihlallerinin kar\u015f\u0131s\u0131nda, vatanda\u015flar\u0131m\u0131z\u0131n yan\u0131nda ve hukukun \u00fcst\u00fcnl\u00fc\u011f\u00fcn\u00fcn savunucusu olmaya devam edece\u011fiz\u201d<\/strong> ifadelerini kulland\u0131.<\/p>\n<p>T\u00f6ren, yeni adli y\u0131l dolay\u0131s\u0131yla verilen mesajlar\u0131n ard\u0131ndan sona erdi.<\/p>\n<p><strong>ET\u0130KETLER: #K\u0131r\u0131kkale #K\u0131r\u0131kkaleBarosu #TuranZeki #AdliY\u0131l #YeniAdliY\u0131l #Hukukun\u00dcst\u00fcnl\u00fc\u011f\u00fc #Adalet #Yarg\u0131 #Avukat #20262027AdliY\u0131l\u0131<\/strong><\/p>\n<p>K\u0131r\u0131kkale\u2019de 2026-2027 Adli Y\u0131l\u0131\u2019n\u0131n ba\u015flamas\u0131 dolay\u0131s\u0131yla d\u00fczenlenen t\u00f6rende konu\u015fan K\u0131r\u0131kkale Baro Ba\u015fkan\u0131 Av. Turan Zeki, hukukun \u00fcst\u00fcnl\u00fc\u011f\u00fc, adil yarg\u0131lanma hakk\u0131 ve hukuk \u00f6n\u00fcnde e\u015fitlik vurgusu yapt\u0131. Zeki, \u201cK\u0131r\u0131kkale Barosu olarak, ge\u00e7mi\u015fte oldu\u011fu gibi bundan sonra da hak ihlallerinin kar\u015f\u0131s\u0131nda, vatanda\u015flar\u0131m\u0131z\u0131n yan\u0131nda ve hukukun \u00fcst\u00fcnl\u00fc\u011f\u00fcn\u00fcn savunucusu olmaya devam edece\u011fiz\u201d dedi.\u00a0<a href=\"https:\/\/www.son.tv\/kirikkale-barosundan-yeni-adli-yilda-hukuk-ve-adalet-mesaji\/\" target=\"_blank\" class=\"feedzy-rss-link-icon\">Read More<\/a><\/p>","protected":false},"excerpt":{"rendered":"<p>SON.TV\/KIRIKKALE K\u0131r\u0131kkale\u2019de 2026-2027 Adli Y\u0131l\u0131, Cumhuriyet ve Demokrasi Meydan\u0131\u2019nda d\u00fczenlenen t\u00f6renle ba\u015flad\u0131. Yeni adli y\u0131l dolay\u0131s\u0131yla ger\u00e7ekle\u015ftirilen t\u00f6rende hukuk ve adalet vurgusu \u00f6ne \u00e7\u0131kt\u0131. Atat\u00fcrk An\u0131t\u0131\u2019na \u00e7elenk sunulmas\u0131n\u0131n ard\u0131ndan sayg\u0131 duru\u015funda bulunuldu ve \u0130stiklal Mar\u015f\u0131 okundu. T\u00f6rende K\u0131r\u0131kkale Baro Ba\u015fkan\u0131 Av. Turan Zeki de yeni adli y\u0131la ili\u015fkin de\u011ferlendirmelerde bulundu. YEN\u0130 ADL\u0130 YIL \u0130\u00c7\u0130N HAYIRLI [&hellip;]<\/p>\n","protected":false},"author":1,"featured_media":42105,"comment_status":"open","ping_status":"open","sticky":false,"template":"","format":"standard","meta":{"footnotes":"","_links_to":"","_links_to_target":""},"categories":[1],"tags":[],"class_list":["post-42104","post","type-post","status-publish","format-standard","has-post-thumbnail","hentry","category-haberler"],"_links":{"self":[{"href":"https:\/\/www.abchukuk.com\/index.php\/wp-json\/wp\/v2\/posts\/42104","targetHints":{"allow":["GET"]}}],"collection":[{"href":"https:\/\/www.abchukuk.com\/index.php\/wp-json\/wp\/v2\/posts"}],"about":[{"href":"https:\/\/www.abchukuk.com\/index.php\/wp-json\/wp\/v2\/types\/post"}],"author":[{"embeddable":true,"href":"https:\/\/www.abchukuk.com\/index.php\/wp-json\/wp\/v2\/users\/1"}],"replies":[{"embeddable":true,"href":"https:\/\/www.abchukuk.com\/index.php\/wp-json\/wp\/v2\/comments?post=42104"}],"version-history":[{"count":0,"href":"https:\/\/www.abchukuk.com\/index.php\/wp-json\/wp\/v2\/posts\/42104\/revisions"}],"wp:featuredmedia":[{"embeddable":true,"href":"https:\/\/www.abchukuk.com\/index.php\/wp-json\/wp\/v2\/media\/42105"}],"wp:attachment":[{"href":"https:\/\/www.abchukuk.com\/index.php\/wp-json\/wp\/v2\/media?parent=42104"}],"wp:term":[{"taxonomy":"category","embeddable":true,"href":"https:\/\/www.abchukuk.com\/index.php\/wp-json\/wp\/v2\/categories?post=42104"},{"taxonomy":"post_tag","embeddable":true,"href":"https:\/\/www.abchukuk.com\/index.php\/wp-json\/wp\/v2\/tags?post=42104"}],"curies":[{"name":"wp","href":"https:\/\/api.w.org\/{rel}","templated":true}]}}