{"id":42102,"date":"2026-09-01T12:43:00","date_gmt":"2026-09-01T12:43:00","guid":{"rendered":"https:\/\/www.abchukuk.com\/index.php\/2026\/09\/01\/gulistan-doku-sorusturmasinda-tutuklanmisti-eski-vali-tuncay-sonelden-aciklama-geldi-hedef-gosterenlere-karsi-hukuki-surec-baslattik\/"},"modified":"2026-09-01T12:43:00","modified_gmt":"2026-09-01T12:43:00","slug":"gulistan-doku-sorusturmasinda-tutuklanmisti-eski-vali-tuncay-sonelden-aciklama-geldi-hedef-gosterenlere-karsi-hukuki-surec-baslattik","status":"publish","type":"post","link":"https:\/\/www.abchukuk.com\/index.php\/2026\/09\/01\/gulistan-doku-sorusturmasinda-tutuklanmisti-eski-vali-tuncay-sonelden-aciklama-geldi-hedef-gosterenlere-karsi-hukuki-surec-baslattik\/","title":{"rendered":"G\u00fclistan Doku soru\u015fturmas\u0131nda tutuklanm\u0131\u015ft\u0131&#8230; Eski Vali Tuncay Sonel&#8217;den a\u00e7\u0131klama geldi: &#8216;Hedef g\u00f6sterenlere kar\u015f\u0131 hukuki s\u00fcre\u00e7 ba\u015flatt\u0131k&#8217;"},"content":{"rendered":"<p>G\u00fclistan Doku soru\u015fturmas\u0131nda tutuklanan eski Tunceli Valisi Tuncay Sonel a\u00e7\u0131klama yapt\u0131. Sonel, kendisi hakk\u0131nda yap\u0131lan haber ve yorumlar hakk\u0131nda hukuki s\u00fcre\u00e7 ba\u015flatt\u0131\u011f\u0131n\u0131 a\u00e7\u0131klad\u0131.G\u00fclistan Doku soru\u015fturmas\u0131nda tutuklanan eski Tunceli Valisi Tuncay Sonel a\u00e7\u0131klama yapt\u0131. Sonel, kendisi hakk\u0131nda yap\u0131lan haber ve yorumlar hakk\u0131nda hukuki s\u00fcre\u00e7 ba\u015flatt\u0131\u011f\u0131n\u0131 a\u00e7\u0131klad\u0131.\u00a0<a href=\"https:\/\/www.cumhuriyet.com.tr\/turkiye\/gulistan-doku-sorusturmasinda-tutuklanmisti-eski-vali-tuncay-sonel-den-aciklama-geldi-hedef-gosterenlere-karsi-hukuki-surec-baslattik-2534057\" target=\"_blank\" class=\"feedzy-rss-link-icon\">Read More<\/a><\/p>","protected":false},"excerpt":{"rendered":"<p>G\u00fclistan Doku soru\u015fturmas\u0131nda tutuklanan eski Tunceli Valisi Tuncay Sonel a\u00e7\u0131klama yapt\u0131. Sonel, kendisi hakk\u0131nda yap\u0131lan haber ve yorumlar hakk\u0131nda hukuki s\u00fcre\u00e7 ba\u015flatt\u0131\u011f\u0131n\u0131 a\u00e7\u0131klad\u0131.G\u00fclistan Doku soru\u015fturmas\u0131nda tutuklanan eski Tunceli Valisi Tuncay Sonel a\u00e7\u0131klama yapt\u0131. Sonel, kendisi hakk\u0131nda yap\u0131lan haber ve yorumlar hakk\u0131nda hukuki s\u00fcre\u00e7 ba\u015flatt\u0131\u011f\u0131n\u0131 a\u00e7\u0131klad\u0131.\u00a0Read More<\/p>\n","protected":false},"author":1,"featured_media":42103,"comment_status":"open","ping_status":"open","sticky":false,"template":"","format":"standard","meta":{"footnotes":"","_links_to":"","_links_to_target":""},"categories":[1],"tags":[],"class_list":["post-42102","post","type-post","status-publish","format-standard","has-post-thumbnail","hentry","category-haberler"],"_links":{"self":[{"href":"https:\/\/www.abchukuk.com\/index.php\/wp-json\/wp\/v2\/posts\/42102","targetHints":{"allow":["GET"]}}],"collection":[{"href":"https:\/\/www.abchukuk.com\/index.php\/wp-json\/wp\/v2\/posts"}],"about":[{"href":"https:\/\/www.abchukuk.com\/index.php\/wp-json\/wp\/v2\/types\/post"}],"author":[{"embeddable":true,"href":"https:\/\/www.abchukuk.com\/index.php\/wp-json\/wp\/v2\/users\/1"}],"replies":[{"embeddable":true,"href":"https:\/\/www.abchukuk.com\/index.php\/wp-json\/wp\/v2\/comments?post=42102"}],"version-history":[{"count":0,"href":"https:\/\/www.abchukuk.com\/index.php\/wp-json\/wp\/v2\/posts\/42102\/revisions"}],"wp:featuredmedia":[{"embeddable":true,"href":"https:\/\/www.abchukuk.com\/index.php\/wp-json\/wp\/v2\/media\/42103"}],"wp:attachment":[{"href":"https:\/\/www.abchukuk.com\/index.php\/wp-json\/wp\/v2\/media?parent=42102"}],"wp:term":[{"taxonomy":"category","embeddable":true,"href":"https:\/\/www.abchukuk.com\/index.php\/wp-json\/wp\/v2\/categories?post=42102"},{"taxonomy":"post_tag","embeddable":true,"href":"https:\/\/www.abchukuk.com\/index.php\/wp-json\/wp\/v2\/tags?post=42102"}],"curies":[{"name":"wp","href":"https:\/\/api.w.org\/{rel}","templated":true}]}}