{"id":42100,"date":"2026-09-01T12:44:00","date_gmt":"2026-09-01T12:44:00","guid":{"rendered":"https:\/\/www.abchukuk.com\/index.php\/2026\/09\/01\/izmir-barosu-baskiyla-yargi-olmaz\/"},"modified":"2026-09-01T12:44:00","modified_gmt":"2026-09-01T12:44:00","slug":"izmir-barosu-baskiyla-yargi-olmaz","status":"publish","type":"post","link":"https:\/\/www.abchukuk.com\/index.php\/2026\/09\/01\/izmir-barosu-baskiyla-yargi-olmaz\/","title":{"rendered":"\u0130zmir barosu: &#8216;Bask\u0131yla yarg\u0131 olmaz&#8217;"},"content":{"rendered":"<p>\u0130zmir Barosu Ba\u015fkan\u0131 Sefa Y\u0131lmaz, yeni adli y\u0131l\u0131n yarg\u0131 ba\u011f\u0131ms\u0131zl\u0131\u011f\u0131 ve hukuk devleti a\u00e7\u0131s\u0131ndan a\u011f\u0131r sorunlarla ba\u015flad\u0131\u011f\u0131n\u0131 belirtti. AYM ve A\u0130HM kararlar\u0131n\u0131n uygulanmamas\u0131na, savunman\u0131n bask\u0131 alt\u0131na al\u0131nmas\u0131na ve avukatlar\u0131n t\u00f6rende s\u00f6z hakk\u0131n\u0131n engellenmesine tepki g\u00f6steren Y\u0131lmaz, \u201c\u0130zmir Barosu susmaz\u201d dedi.\u0130zmir Barosu Ba\u015fkan\u0131 Sefa Y\u0131lmaz, yeni adli y\u0131l\u0131n yarg\u0131 ba\u011f\u0131ms\u0131zl\u0131\u011f\u0131 ve hukuk devleti a\u00e7\u0131s\u0131ndan a\u011f\u0131r sorunlarla ba\u015flad\u0131\u011f\u0131n\u0131 belirtti. AYM ve A\u0130HM kararlar\u0131n\u0131n uygulanmamas\u0131na, savunman\u0131n bask\u0131 alt\u0131na al\u0131nmas\u0131na ve avukatlar\u0131n t\u00f6rende s\u00f6z hakk\u0131n\u0131n engellenmesine tepki g\u00f6steren Y\u0131lmaz, \u201c\u0130zmir Barosu susmaz\u201d dedi.\u00a0<a href=\"https:\/\/www.cumhuriyet.com.tr\/cumhuriyet-in-egesi\/izmir-barosu-baskiyla-yargi-olmaz-2534058\" target=\"_blank\" class=\"feedzy-rss-link-icon\">Read More<\/a><\/p>","protected":false},"excerpt":{"rendered":"<p>\u0130zmir Barosu Ba\u015fkan\u0131 Sefa Y\u0131lmaz, yeni adli y\u0131l\u0131n yarg\u0131 ba\u011f\u0131ms\u0131zl\u0131\u011f\u0131 ve hukuk devleti a\u00e7\u0131s\u0131ndan a\u011f\u0131r sorunlarla ba\u015flad\u0131\u011f\u0131n\u0131 belirtti. AYM ve A\u0130HM kararlar\u0131n\u0131n uygulanmamas\u0131na, savunman\u0131n bask\u0131 alt\u0131na al\u0131nmas\u0131na ve avukatlar\u0131n t\u00f6rende s\u00f6z hakk\u0131n\u0131n engellenmesine tepki g\u00f6steren Y\u0131lmaz, \u201c\u0130zmir Barosu susmaz\u201d dedi.\u0130zmir Barosu Ba\u015fkan\u0131 Sefa Y\u0131lmaz, yeni adli y\u0131l\u0131n yarg\u0131 ba\u011f\u0131ms\u0131zl\u0131\u011f\u0131 ve hukuk devleti a\u00e7\u0131s\u0131ndan a\u011f\u0131r sorunlarla [&hellip;]<\/p>\n","protected":false},"author":1,"featured_media":42101,"comment_status":"open","ping_status":"open","sticky":false,"template":"","format":"standard","meta":{"footnotes":"","_links_to":"","_links_to_target":""},"categories":[1],"tags":[],"class_list":["post-42100","post","type-post","status-publish","format-standard","has-post-thumbnail","hentry","category-haberler"],"_links":{"self":[{"href":"https:\/\/www.abchukuk.com\/index.php\/wp-json\/wp\/v2\/posts\/42100","targetHints":{"allow":["GET"]}}],"collection":[{"href":"https:\/\/www.abchukuk.com\/index.php\/wp-json\/wp\/v2\/posts"}],"about":[{"href":"https:\/\/www.abchukuk.com\/index.php\/wp-json\/wp\/v2\/types\/post"}],"author":[{"embeddable":true,"href":"https:\/\/www.abchukuk.com\/index.php\/wp-json\/wp\/v2\/users\/1"}],"replies":[{"embeddable":true,"href":"https:\/\/www.abchukuk.com\/index.php\/wp-json\/wp\/v2\/comments?post=42100"}],"version-history":[{"count":0,"href":"https:\/\/www.abchukuk.com\/index.php\/wp-json\/wp\/v2\/posts\/42100\/revisions"}],"wp:featuredmedia":[{"embeddable":true,"href":"https:\/\/www.abchukuk.com\/index.php\/wp-json\/wp\/v2\/media\/42101"}],"wp:attachment":[{"href":"https:\/\/www.abchukuk.com\/index.php\/wp-json\/wp\/v2\/media?parent=42100"}],"wp:term":[{"taxonomy":"category","embeddable":true,"href":"https:\/\/www.abchukuk.com\/index.php\/wp-json\/wp\/v2\/categories?post=42100"},{"taxonomy":"post_tag","embeddable":true,"href":"https:\/\/www.abchukuk.com\/index.php\/wp-json\/wp\/v2\/tags?post=42100"}],"curies":[{"name":"wp","href":"https:\/\/api.w.org\/{rel}","templated":true}]}}