{"id":42098,"date":"2026-09-01T12:50:00","date_gmt":"2026-09-01T12:50:00","guid":{"rendered":"https:\/\/www.abchukuk.com\/index.php\/2026\/09\/01\/eski-icisleri-bakani-idris-naim-sahin-alihan-kuris-sorusturmasi-kapsaminda-ifade-vermek-icin-adliyeye-geldi\/"},"modified":"2026-09-01T12:50:00","modified_gmt":"2026-09-01T12:50:00","slug":"eski-icisleri-bakani-idris-naim-sahin-alihan-kuris-sorusturmasi-kapsaminda-ifade-vermek-icin-adliyeye-geldi","status":"publish","type":"post","link":"https:\/\/www.abchukuk.com\/index.php\/2026\/09\/01\/eski-icisleri-bakani-idris-naim-sahin-alihan-kuris-sorusturmasi-kapsaminda-ifade-vermek-icin-adliyeye-geldi\/","title":{"rendered":"Eski \u0130\u00e7i\u015fleri Bakan\u0131 \u0130dris Naim \u015eahin &#8216;Alihan Kuri\u015f Soru\u015fturmas\u0131&#8217; Kapsam\u0131nda \u0130fade Vermek \u0130\u00e7in Adliyeye Geldi"},"content":{"rendered":"<p><a href=\"https:\/\/www.gercekgundem.com\/guncel\/eski-icisleri-bakani-idris-naim-sahin-alihan-kuris-sorusturmasi-kapsaminda-ifade-vermek-icin-adliyeye-geldi-577821\"><br \/>\n                                                            <img decoding=\"async\" src=\"https:\/\/i.gercekgundem.com\/2\/150\/84\/storage\/files\/images\/2026\/09\/01\/eski-icisleri-bakani-idris-naim-sahin-alihan-kuris-sorusturmasi-kapsaminda-ifade-vermek-icin-adliyeye-geldi-ht8v.jpg\" width=\"150\" height=\"84\" border=\"0\" align=\"right\" \/><br \/>\n                                                    <\/a><\/p>\n<h4>Eski \u0130\u00e7i\u015fleri Bakan\u0131 \u0130dris Naim \u015eahin, &#8216;Alihan Kuri\u015f soru\u015fturmas\u0131&#8217; kapsam\u0131nda ifade vermek \u00fczere Ankara Adliyesi&#8217;ne geldi.<\/h4>\n<p>Eski \u0130\u00e7i\u015fleri Bakan\u0131 \u0130dris Naim \u015eahin, &#8216;Alihan Kuri\u015f soru\u015fturmas\u0131&#8217; kapsam\u0131nda ifade vermek \u00fczere Ankara Adliyesi&#8217;ne geldi.\u00a0<a href=\"https:\/\/www.gercekgundem.com\/guncel\/eski-icisleri-bakani-idris-naim-sahin-alihan-kuris-sorusturmasi-kapsaminda-ifade-vermek-icin-adliyeye-geldi-577821\" target=\"_blank\" class=\"feedzy-rss-link-icon\">Read More<\/a><\/p>","protected":false},"excerpt":{"rendered":"<p>Eski \u0130\u00e7i\u015fleri Bakan\u0131 \u0130dris Naim \u015eahin, &#8216;Alihan Kuri\u015f soru\u015fturmas\u0131&#8217; kapsam\u0131nda ifade vermek \u00fczere Ankara Adliyesi&#8217;ne geldi. Eski \u0130\u00e7i\u015fleri Bakan\u0131 \u0130dris Naim \u015eahin, &#8216;Alihan Kuri\u015f soru\u015fturmas\u0131&#8217; kapsam\u0131nda ifade vermek \u00fczere Ankara Adliyesi&#8217;ne geldi.\u00a0Read More<\/p>\n","protected":false},"author":1,"featured_media":42099,"comment_status":"open","ping_status":"open","sticky":false,"template":"","format":"standard","meta":{"footnotes":"","_links_to":"","_links_to_target":""},"categories":[1],"tags":[],"class_list":["post-42098","post","type-post","status-publish","format-standard","has-post-thumbnail","hentry","category-haberler"],"_links":{"self":[{"href":"https:\/\/www.abchukuk.com\/index.php\/wp-json\/wp\/v2\/posts\/42098","targetHints":{"allow":["GET"]}}],"collection":[{"href":"https:\/\/www.abchukuk.com\/index.php\/wp-json\/wp\/v2\/posts"}],"about":[{"href":"https:\/\/www.abchukuk.com\/index.php\/wp-json\/wp\/v2\/types\/post"}],"author":[{"embeddable":true,"href":"https:\/\/www.abchukuk.com\/index.php\/wp-json\/wp\/v2\/users\/1"}],"replies":[{"embeddable":true,"href":"https:\/\/www.abchukuk.com\/index.php\/wp-json\/wp\/v2\/comments?post=42098"}],"version-history":[{"count":0,"href":"https:\/\/www.abchukuk.com\/index.php\/wp-json\/wp\/v2\/posts\/42098\/revisions"}],"wp:featuredmedia":[{"embeddable":true,"href":"https:\/\/www.abchukuk.com\/index.php\/wp-json\/wp\/v2\/media\/42099"}],"wp:attachment":[{"href":"https:\/\/www.abchukuk.com\/index.php\/wp-json\/wp\/v2\/media?parent=42098"}],"wp:term":[{"taxonomy":"category","embeddable":true,"href":"https:\/\/www.abchukuk.com\/index.php\/wp-json\/wp\/v2\/categories?post=42098"},{"taxonomy":"post_tag","embeddable":true,"href":"https:\/\/www.abchukuk.com\/index.php\/wp-json\/wp\/v2\/tags?post=42098"}],"curies":[{"name":"wp","href":"https:\/\/api.w.org\/{rel}","templated":true}]}}