{"id":42096,"date":"2026-09-01T10:19:00","date_gmt":"2026-09-01T10:19:00","guid":{"rendered":"https:\/\/www.abchukuk.com\/index.php\/2026\/09\/01\/sezgin-tanrikulundan-yeni-adli-yil-mesaji-yargi-cumhuriyet-tarihinin-en-agir-guven-krizlerinden-birini-yasiyor\/"},"modified":"2026-09-01T10:19:00","modified_gmt":"2026-09-01T10:19:00","slug":"sezgin-tanrikulundan-yeni-adli-yil-mesaji-yargi-cumhuriyet-tarihinin-en-agir-guven-krizlerinden-birini-yasiyor","status":"publish","type":"post","link":"https:\/\/www.abchukuk.com\/index.php\/2026\/09\/01\/sezgin-tanrikulundan-yeni-adli-yil-mesaji-yargi-cumhuriyet-tarihinin-en-agir-guven-krizlerinden-birini-yasiyor\/","title":{"rendered":"Sezgin Tanr\u0131kulu&#8217;ndan &#8216;yeni adli y\u0131l&#8217; mesaj\u0131: &#8216;Yarg\u0131, Cumhuriyet tarihinin en a\u011f\u0131r g\u00fcven krizlerinden birini ya\u015f\u0131yor&#8217;"},"content":{"rendered":"<p>YEN\u0130 Parti Diyarbak\u0131r Milletvekili Sezgin Tanr\u0131kulu, adli y\u0131l a\u00e7\u0131l\u0131\u015f\u0131 dolay\u0131s\u0131yla yapt\u0131\u011f\u0131 a\u00e7\u0131klamada, &#8220;Yarg\u0131, Cumhuriyet tarihinin en a\u011f\u0131r g\u00fcven krizlerinden birini ya\u015f\u0131yor. Yarg\u0131 kurumsal olarak ba\u011f\u0131ms\u0131z ve tarafs\u0131z de\u011fil. Bu a\u011f\u0131r y\u00fck\u00fc ta\u015f\u0131yan barolar b\u00fcy\u00fck bask\u0131 alt\u0131nda. B\u00f6yle bir ortamda 1 Eyl\u00fcl\u2019de adli y\u0131l a\u00e7\u0131l\u0131\u015f\u0131 yap\u0131lacak ve b\u00fcy\u00fck, hamasi nutuklar at\u0131lacak&#8221; dedi.YEN\u0130 Parti Diyarbak\u0131r Milletvekili Sezgin Tanr\u0131kulu, adli y\u0131l a\u00e7\u0131l\u0131\u015f\u0131 dolay\u0131s\u0131yla yapt\u0131\u011f\u0131 a\u00e7\u0131klamada, &#8220;Yarg\u0131, Cumhuriyet tarihinin en a\u011f\u0131r g\u00fcven krizlerinden birini ya\u015f\u0131yor. Yarg\u0131 kurumsal olarak ba\u011f\u0131ms\u0131z ve tarafs\u0131z de\u011fil. Bu a\u011f\u0131r y\u00fck\u00fc ta\u015f\u0131yan barolar b\u00fcy\u00fck bask\u0131 alt\u0131nda. B\u00f6yle bir ortamda 1 Eyl\u00fcl\u2019de adli y\u0131l a\u00e7\u0131l\u0131\u015f\u0131 yap\u0131lacak ve b\u00fcy\u00fck, hamasi nutuklar at\u0131lacak&#8221; dedi.\u00a0<a href=\"https:\/\/www.cumhuriyet.com.tr\/siyaset\/sezgin-tanrikulu-ndan-yeni-adli-yil-mesaji-yargi-cumhuriyet-tarihinin-en-agir-guven-krizlerinden-birini-yasiyor-2534019\" target=\"_blank\" class=\"feedzy-rss-link-icon\">Read More<\/a><\/p>","protected":false},"excerpt":{"rendered":"<p>YEN\u0130 Parti Diyarbak\u0131r Milletvekili Sezgin Tanr\u0131kulu, adli y\u0131l a\u00e7\u0131l\u0131\u015f\u0131 dolay\u0131s\u0131yla yapt\u0131\u011f\u0131 a\u00e7\u0131klamada, &#8220;Yarg\u0131, Cumhuriyet tarihinin en a\u011f\u0131r g\u00fcven krizlerinden birini ya\u015f\u0131yor. Yarg\u0131 kurumsal olarak ba\u011f\u0131ms\u0131z ve tarafs\u0131z de\u011fil. Bu a\u011f\u0131r y\u00fck\u00fc ta\u015f\u0131yan barolar b\u00fcy\u00fck bask\u0131 alt\u0131nda. B\u00f6yle bir ortamda 1 Eyl\u00fcl\u2019de adli y\u0131l a\u00e7\u0131l\u0131\u015f\u0131 yap\u0131lacak ve b\u00fcy\u00fck, hamasi nutuklar at\u0131lacak&#8221; dedi.YEN\u0130 Parti Diyarbak\u0131r Milletvekili Sezgin [&hellip;]<\/p>\n","protected":false},"author":1,"featured_media":42097,"comment_status":"open","ping_status":"open","sticky":false,"template":"","format":"standard","meta":{"footnotes":"","_links_to":"","_links_to_target":""},"categories":[1],"tags":[],"class_list":["post-42096","post","type-post","status-publish","format-standard","has-post-thumbnail","hentry","category-haberler"],"_links":{"self":[{"href":"https:\/\/www.abchukuk.com\/index.php\/wp-json\/wp\/v2\/posts\/42096","targetHints":{"allow":["GET"]}}],"collection":[{"href":"https:\/\/www.abchukuk.com\/index.php\/wp-json\/wp\/v2\/posts"}],"about":[{"href":"https:\/\/www.abchukuk.com\/index.php\/wp-json\/wp\/v2\/types\/post"}],"author":[{"embeddable":true,"href":"https:\/\/www.abchukuk.com\/index.php\/wp-json\/wp\/v2\/users\/1"}],"replies":[{"embeddable":true,"href":"https:\/\/www.abchukuk.com\/index.php\/wp-json\/wp\/v2\/comments?post=42096"}],"version-history":[{"count":0,"href":"https:\/\/www.abchukuk.com\/index.php\/wp-json\/wp\/v2\/posts\/42096\/revisions"}],"wp:featuredmedia":[{"embeddable":true,"href":"https:\/\/www.abchukuk.com\/index.php\/wp-json\/wp\/v2\/media\/42097"}],"wp:attachment":[{"href":"https:\/\/www.abchukuk.com\/index.php\/wp-json\/wp\/v2\/media?parent=42096"}],"wp:term":[{"taxonomy":"category","embeddable":true,"href":"https:\/\/www.abchukuk.com\/index.php\/wp-json\/wp\/v2\/categories?post=42096"},{"taxonomy":"post_tag","embeddable":true,"href":"https:\/\/www.abchukuk.com\/index.php\/wp-json\/wp\/v2\/tags?post=42096"}],"curies":[{"name":"wp","href":"https:\/\/api.w.org\/{rel}","templated":true}]}}