{"id":42095,"date":"2026-09-01T10:23:54","date_gmt":"2026-09-01T10:23:54","guid":{"rendered":"https:\/\/www.abchukuk.com\/index.php\/2026\/09\/01\/doku-sorusturmasinda-1-tutuklama-daha\/"},"modified":"2026-09-01T10:23:54","modified_gmt":"2026-09-01T10:23:54","slug":"doku-sorusturmasinda-1-tutuklama-daha","status":"publish","type":"post","link":"https:\/\/www.abchukuk.com\/index.php\/2026\/09\/01\/doku-sorusturmasinda-1-tutuklama-daha\/","title":{"rendered":"Doku soru\u015fturmas\u0131nda 1 tutuklama daha"},"content":{"rendered":"<p>Tunceli\u2019de 5 Ocak 2020\u2019den bu yana kay\u0131p olan \u00fcniversite \u00f6\u011frencisi G\u00fclistan Doku soru\u015fturmas\u0131n\u0131n 5\u2019inci dalga operasyonunda g\u00f6zalt\u0131na al\u0131nan 10 \u015f\u00fcpheliden 2\u2019si tutukland\u0131. \u0130lk g\u00fcn adliyeye sevk edilen 3 \u015f\u00fcpheliden dalg\u0131\u00e7 polis G\u00fcrkan G\u00fcrdal tutuklan\u0131rken, A.K. ile V.\u0130. adli kontrol \u015fart\u0131yla serbest b\u0131rak\u0131ld\u0131. Bug\u00fcn adliyeye sevk edilen di\u011fer 7 \u015f\u00fcpheliden 1\u2019i daha tutuklan\u0131rken, 6 \u015f\u00fcphelinin ifade i\u015flemlerinin s\u00fcrd\u00fc\u011f\u00fc bildirildiTunceli\u2019de 5 Ocak 2020\u2019den bu yana kay\u0131p olan \u00fcniversite \u00f6\u011frencisi G\u00fclistan Doku soru\u015fturmas\u0131n\u0131n 5\u2019inci dalga operasyonunda g\u00f6zalt\u0131na al\u0131nan 10 \u015f\u00fcpheliden 2\u2019si tutukland\u0131. \u0130lk g\u00fcn adliyeye sevk edilen 3 \u015f\u00fcpheliden dalg\u0131\u00e7 polis G\u00fcrkan G\u00fcrdal tutuklan\u0131rken, A.K. ile V.\u0130. adli kontrol \u015fart\u0131yla serbest b\u0131rak\u0131ld\u0131. Bug\u00fcn adliyeye sevk edilen di\u011fer 7 \u015f\u00fcpheliden 1\u2019i daha tutuklan\u0131rken, 6 \u015f\u00fcphelinin ifade i\u015flemlerinin s\u00fcrd\u00fc\u011f\u00fc bildirildi\u00a0<a href=\"https:\/\/www.haberturk.com\/son-dakika-haberler-gulistan-doku-dosyasinda-5-dalga-operasyon-gozaltina-alinan-10-supheliden-2si-tutuklandi-3909525\" target=\"_blank\" class=\"feedzy-rss-link-icon\">Read More<\/a><\/p>","protected":false},"excerpt":{"rendered":"<p>Tunceli\u2019de 5 Ocak 2020\u2019den bu yana kay\u0131p olan \u00fcniversite \u00f6\u011frencisi G\u00fclistan Doku soru\u015fturmas\u0131n\u0131n 5\u2019inci dalga operasyonunda g\u00f6zalt\u0131na al\u0131nan 10 \u015f\u00fcpheliden 2\u2019si tutukland\u0131. \u0130lk g\u00fcn adliyeye sevk edilen 3 \u015f\u00fcpheliden dalg\u0131\u00e7 polis G\u00fcrkan G\u00fcrdal tutuklan\u0131rken, A.K. ile V.\u0130. adli kontrol \u015fart\u0131yla serbest b\u0131rak\u0131ld\u0131. Bug\u00fcn adliyeye sevk edilen di\u011fer 7 \u015f\u00fcpheliden 1\u2019i daha tutuklan\u0131rken, 6 \u015f\u00fcphelinin ifade [&hellip;]<\/p>\n","protected":false},"author":1,"featured_media":0,"comment_status":"open","ping_status":"open","sticky":false,"template":"","format":"standard","meta":{"footnotes":"","_links_to":"","_links_to_target":""},"categories":[1],"tags":[],"class_list":["post-42095","post","type-post","status-publish","format-standard","hentry","category-haberler"],"_links":{"self":[{"href":"https:\/\/www.abchukuk.com\/index.php\/wp-json\/wp\/v2\/posts\/42095","targetHints":{"allow":["GET"]}}],"collection":[{"href":"https:\/\/www.abchukuk.com\/index.php\/wp-json\/wp\/v2\/posts"}],"about":[{"href":"https:\/\/www.abchukuk.com\/index.php\/wp-json\/wp\/v2\/types\/post"}],"author":[{"embeddable":true,"href":"https:\/\/www.abchukuk.com\/index.php\/wp-json\/wp\/v2\/users\/1"}],"replies":[{"embeddable":true,"href":"https:\/\/www.abchukuk.com\/index.php\/wp-json\/wp\/v2\/comments?post=42095"}],"version-history":[{"count":0,"href":"https:\/\/www.abchukuk.com\/index.php\/wp-json\/wp\/v2\/posts\/42095\/revisions"}],"wp:attachment":[{"href":"https:\/\/www.abchukuk.com\/index.php\/wp-json\/wp\/v2\/media?parent=42095"}],"wp:term":[{"taxonomy":"category","embeddable":true,"href":"https:\/\/www.abchukuk.com\/index.php\/wp-json\/wp\/v2\/categories?post=42095"},{"taxonomy":"post_tag","embeddable":true,"href":"https:\/\/www.abchukuk.com\/index.php\/wp-json\/wp\/v2\/tags?post=42095"}],"curies":[{"name":"wp","href":"https:\/\/api.w.org\/{rel}","templated":true}]}}