{"id":42094,"date":"2026-09-01T10:24:49","date_gmt":"2026-09-01T10:24:49","guid":{"rendered":"https:\/\/www.abchukuk.com\/index.php\/2026\/09\/01\/karsiyakada-2026-2027-adli-yili-torenle-basladi-yargi-mensuplari-yeni-donem-icin-bir-araya-geldi\/"},"modified":"2026-09-01T10:24:49","modified_gmt":"2026-09-01T10:24:49","slug":"karsiyakada-2026-2027-adli-yili-torenle-basladi-yargi-mensuplari-yeni-donem-icin-bir-araya-geldi","status":"publish","type":"post","link":"https:\/\/www.abchukuk.com\/index.php\/2026\/09\/01\/karsiyakada-2026-2027-adli-yili-torenle-basladi-yargi-mensuplari-yeni-donem-icin-bir-araya-geldi\/","title":{"rendered":"Kar\u015f\u0131yaka\u2019da 2026-2027 adli y\u0131l\u0131 t\u00f6renle ba\u015flad\u0131: Yarg\u0131 mensuplar\u0131 yeni d\u00f6nem i\u00e7in bir araya geldi"},"content":{"rendered":"<p><strong>SON.TV\/\u0130ZM\u0130R<\/strong><\/p>\n<p><strong>20 Temmuz\u2019<\/strong>da ba\u015flayan adli tatilin sona ermesinin ard\u0131ndan <strong>2026-2027 adli y\u0131l\u0131<\/strong> <strong>Kar\u015f\u0131yaka\u2019<\/strong>da d\u00fczenlenen t\u00f6renle ba\u015flad\u0131. <strong>Kar\u015f\u0131yaka H\u00fck\u00fcmet Kona\u011f\u0131<\/strong> bah\u00e7esinde ger\u00e7ekle\u015ftirilen programa yarg\u0131 mensuplar\u0131, avukatlar ve adliye personeli kat\u0131ld\u0131.<\/p>\n<p><strong>ATAT\u00dcRK ANITI\u2019NA \u00c7ELENK SUNULDU<\/strong><\/p>\n<p><strong>T\u00f6rende Kar\u015f\u0131yaka Cumhuriyet Ba\u015fsavc\u0131s\u0131 Tuncay \u00c7elik, Adli Yarg\u0131 Adalet Komisyonu Ba\u015fkan\u0131 Ersin Ery\u0131lmaz<\/strong> ve <strong>\u0130zmir Barosu temsilcisi<\/strong> taraf\u0131ndan <strong>Atat\u00fcrk An\u0131t\u0131<\/strong>\u2019na \u00e7elenk sunuldu.<\/p>\n<p>\u00c7elenk sunumunun ard\u0131ndan sayg\u0131 duru\u015funda bulunuldu ve <strong>\u0130stiklal Mar\u015f\u0131<\/strong> okundu.<\/p>\n<p><strong>YARGI MENSUPLARI T\u00d6RENDE BULU\u015eTU<\/strong><\/p>\n<p><strong>2026-2027 adli y\u0131l a\u00e7\u0131l\u0131\u015f t\u00f6renine Kar\u015f\u0131yaka Cumhuriyet Ba\u015fsavc\u0131s\u0131 Tuncay \u00c7elik, Kar\u015f\u0131yaka Adalet Komisyonu Ba\u015fkan\u0131 Ersin Ery\u0131lmaz, Kar\u015f\u0131yaka Belediye Ba\u015fkan\u0131 Y\u0131ld\u0131z \u00dcnsal, Ticaret Mahkemesi Ba\u015fkan\u0131 S\u00fcleyman \u00dcnal, 1. A\u011f\u0131r Ceza Mahkemesi Ba\u015fkan\u0131 Nimet \u00d6zkavalc\u0131, 2. A\u011f\u0131r Ceza Mahkemesi Ba\u015fkan\u0131 Mehmet Bur\u00e7in \u00c7etinkaya, \u0130zmir Barosu temsilcisi Cemile Gemici ile cumhuriyet savc\u0131lar\u0131, hakimler, avukatlar ve adliye personeli kat\u0131ld\u0131.<\/strong><\/p>\n<p><strong>\u201cADALETE DUYULAN G\u00dcVEN\u0130 KORUMAK G\u00d6REV\u0130M\u0130Z\u201d<\/strong><\/p>\n<p><strong>Kar\u015f\u0131yaka Cumhuriyet Ba\u015fsavc\u0131s\u0131 Tuncay \u00c7elik,<\/strong> t\u00f6rende yapt\u0131\u011f\u0131 konu\u015fmada yeni adli y\u0131l\u0131n ba\u015flamas\u0131n\u0131n heyecan\u0131n\u0131 ve sorumlulu\u011funu birlikte ya\u015fad\u0131klar\u0131n\u0131 belirtti.<\/p>\n<p><strong>\u00c7elik<\/strong>, adaletin yaln\u0131zca adliyelerde verilen kararlarla s\u0131n\u0131rl\u0131 olmad\u0131\u011f\u0131n\u0131 vurgulayarak, adaletin toplumun vicdan\u0131nda kar\u015f\u0131l\u0131k bulan ve insanlar\u0131n devlete olan g\u00fcvenini ayakta tutan temel de\u011ferlerden biri oldu\u011funa dikkat \u00e7ekti.<\/p>\n<p><strong>Ba\u015fsavc\u0131 \u00c7elik,<\/strong> hukuk\u00e7ular\u0131n g\u00f6revinin yaln\u0131zca kanunlar\u0131 uygulamakla s\u0131n\u0131rl\u0131 olmad\u0131\u011f\u0131n\u0131 ifade ederek, <strong>\u201cBizim g\u00f6revimiz ayn\u0131 zamanda adalete duyulan g\u00fcveni korumakt\u0131r\u201d<\/strong> dedi.<\/p>\n<p><strong>HIZLI VE ETK\u0130N YARGILAMA VURGUSU<\/strong><\/p>\n<p>Yeni adli y\u0131l\u0131n hukukun \u00fcst\u00fcnl\u00fc\u011f\u00fcn\u00fcn g\u00fc\u00e7lendi\u011fi, adalete g\u00fcvenin artt\u0131\u011f\u0131 ve hak arama \u00f6zg\u00fcrl\u00fc\u011f\u00fcn\u00fcn daha da geli\u015fti\u011fi bir d\u00f6nem olmas\u0131 temennisinde bulunan <strong>\u00c7elik<\/strong>, yarg\u0131lamalar\u0131n daha h\u0131zl\u0131 ve etkin y\u00fcr\u00fct\u00fclmesinin \u00f6nemine de vurgu yapt\u0131.<\/p>\n<p><strong>\u00c7elik<\/strong>, adaletin hakk\u0131n sahibine teslim edilmesi ve insanlar\u0131n hukuk \u00f6n\u00fcnde kendilerini g\u00fcvende hissetmeleri anlam\u0131na geldi\u011fini ifade etti.<\/p>\n<p><strong>YEN\u0130 ADL\u0130 YIL \u0130\u00c7\u0130N \u0130Y\u0130 D\u0130LEKLER<\/strong><\/p>\n<p><strong>Kar\u015f\u0131yaka Cumhuriyet Ba\u015fsavc\u0131s\u0131 Tuncay \u00c7elik, 2026-2027 Adli Y\u0131l\u0131\u2019<\/strong>n\u0131n yarg\u0131 camias\u0131 ve vatanda\u015flar a\u00e7\u0131s\u0131ndan hay\u0131rl\u0131 olmas\u0131n\u0131 diledi.<\/p>\n<p>T\u00f6rende <strong>Adalet Komisyonu Ba\u015fkan\u0131 Ersin Ery\u0131lmaz<\/strong> ile <strong>\u0130zmir Barosu temsilcisi Cemile Gemici<\/strong> de konu\u015fma yapt\u0131.<\/p>\n<p><strong>TEBR\u0130KLER\u0130 KABUL ETT\u0130LER<\/strong><\/p>\n<p>Adli y\u0131l a\u00e7\u0131l\u0131\u015f program\u0131 kapsam\u0131nda <strong>Ba\u015fsavc\u0131 Tuncay \u00c7elik<\/strong> ile <strong>Adalet Komisyonu Ba\u015fkan\u0131 Ersin Ery\u0131lmaz<\/strong> tebrikleri kabul etti.<\/p>\n<p>T\u00f6renin ard\u0131ndan yarg\u0131 mensuplar\u0131 ve kat\u0131l\u0131mc\u0131lar <strong>Kar\u015f\u0131yaka Adliyesi<\/strong> \u00f6n\u00fcnde hat\u0131ra foto\u011fraf\u0131 \u00e7ektirdi. Program, <strong>Kar\u015f\u0131yaka Adliye Saray\u0131<\/strong>\u2019nda d\u00fczenlenen kokteyl ve etkinlikle devam etti.<\/p>\n<p><strong>ET\u0130KETLER: #Kar\u015f\u0131yaka #Kar\u015f\u0131yakaAdliyesi #Tuncay\u00c7elik #ErsinEry\u0131lmaz #AdliY\u0131l #20262027AdliY\u0131l\u0131 #\u0130zmir #Yarg\u0131 #Adalet #SonTV<\/strong><\/p>\n<p>2026-2027 adli y\u0131l\u0131n\u0131n ba\u015flamas\u0131 dolay\u0131s\u0131yla \u0130zmir\u2019in Kar\u015f\u0131yaka il\u00e7esinde yarg\u0131 mensuplar\u0131n\u0131n geni\u015f kat\u0131l\u0131m\u0131yla t\u00f6ren d\u00fczenlendi. Kar\u015f\u0131yaka Cumhuriyet Ba\u015fsavc\u0131s\u0131 Tuncay \u00c7elik, yeni adli y\u0131l\u0131n hukukun \u00fcst\u00fcnl\u00fc\u011f\u00fcn\u00fcn g\u00fc\u00e7lendi\u011fi, adalete g\u00fcvenin artt\u0131\u011f\u0131 ve yarg\u0131lamalar\u0131n daha h\u0131zl\u0131 ve etkin y\u00fcr\u00fct\u00fcld\u00fc\u011f\u00fc bir d\u00f6nem olmas\u0131 temennisinde bulundu.\u00a0<a href=\"https:\/\/www.son.tv\/karsiyakada-2026-2027-adli-yili-torenle-basladi-yargi-mensuplari-yeni-donem-icin-bir-araya-geldi\/\" target=\"_blank\" class=\"feedzy-rss-link-icon\">Read More<\/a><\/p>","protected":false},"excerpt":{"rendered":"<p>SON.TV\/\u0130ZM\u0130R 20 Temmuz\u2019da ba\u015flayan adli tatilin sona ermesinin ard\u0131ndan 2026-2027 adli y\u0131l\u0131 Kar\u015f\u0131yaka\u2019da d\u00fczenlenen t\u00f6renle ba\u015flad\u0131. Kar\u015f\u0131yaka H\u00fck\u00fcmet Kona\u011f\u0131 bah\u00e7esinde ger\u00e7ekle\u015ftirilen programa yarg\u0131 mensuplar\u0131, avukatlar ve adliye personeli kat\u0131ld\u0131. ATAT\u00dcRK ANITI\u2019NA \u00c7ELENK SUNULDU T\u00f6rende Kar\u015f\u0131yaka Cumhuriyet Ba\u015fsavc\u0131s\u0131 Tuncay \u00c7elik, Adli Yarg\u0131 Adalet Komisyonu Ba\u015fkan\u0131 Ersin Ery\u0131lmaz ve \u0130zmir Barosu temsilcisi taraf\u0131ndan Atat\u00fcrk An\u0131t\u0131\u2019na \u00e7elenk sunuldu. [&hellip;]<\/p>\n","protected":false},"author":1,"featured_media":0,"comment_status":"open","ping_status":"open","sticky":false,"template":"","format":"standard","meta":{"footnotes":"","_links_to":"","_links_to_target":""},"categories":[1],"tags":[],"class_list":["post-42094","post","type-post","status-publish","format-standard","hentry","category-haberler"],"_links":{"self":[{"href":"https:\/\/www.abchukuk.com\/index.php\/wp-json\/wp\/v2\/posts\/42094","targetHints":{"allow":["GET"]}}],"collection":[{"href":"https:\/\/www.abchukuk.com\/index.php\/wp-json\/wp\/v2\/posts"}],"about":[{"href":"https:\/\/www.abchukuk.com\/index.php\/wp-json\/wp\/v2\/types\/post"}],"author":[{"embeddable":true,"href":"https:\/\/www.abchukuk.com\/index.php\/wp-json\/wp\/v2\/users\/1"}],"replies":[{"embeddable":true,"href":"https:\/\/www.abchukuk.com\/index.php\/wp-json\/wp\/v2\/comments?post=42094"}],"version-history":[{"count":0,"href":"https:\/\/www.abchukuk.com\/index.php\/wp-json\/wp\/v2\/posts\/42094\/revisions"}],"wp:attachment":[{"href":"https:\/\/www.abchukuk.com\/index.php\/wp-json\/wp\/v2\/media?parent=42094"}],"wp:term":[{"taxonomy":"category","embeddable":true,"href":"https:\/\/www.abchukuk.com\/index.php\/wp-json\/wp\/v2\/categories?post=42094"},{"taxonomy":"post_tag","embeddable":true,"href":"https:\/\/www.abchukuk.com\/index.php\/wp-json\/wp\/v2\/tags?post=42094"}],"curies":[{"name":"wp","href":"https:\/\/api.w.org\/{rel}","templated":true}]}}