{"id":42092,"date":"2026-09-01T10:43:00","date_gmt":"2026-09-01T10:43:00","guid":{"rendered":"https:\/\/www.abchukuk.com\/index.php\/2026\/09\/01\/adalet-bakani-gurlekten-yeni-adli-yilda-yeni-hizmetler-alo-adalet-135-ve-etkinlik-burolari-devrede\/"},"modified":"2026-09-01T10:43:00","modified_gmt":"2026-09-01T10:43:00","slug":"adalet-bakani-gurlekten-yeni-adli-yilda-yeni-hizmetler-alo-adalet-135-ve-etkinlik-burolari-devrede","status":"publish","type":"post","link":"https:\/\/www.abchukuk.com\/index.php\/2026\/09\/01\/adalet-bakani-gurlekten-yeni-adli-yilda-yeni-hizmetler-alo-adalet-135-ve-etkinlik-burolari-devrede\/","title":{"rendered":"Adalet Bakan\u0131 G\u00fcrlek\u2019ten yeni adli y\u0131lda yeni hizmetler: Alo Adalet 135 ve etkinlik b\u00fcrolar\u0131 devrede"},"content":{"rendered":"<p><strong>SON.TV\/ANKARA<\/strong><\/p>\n<p><strong>Adalet Bakan\u0131 Ak\u0131n G\u00fcrlek, 2026-2027<\/strong> adli y\u0131l\u0131n\u0131n ba\u015flamas\u0131yla birlikte adalet hizmetlerinin daha h\u0131zl\u0131, etkin ve eri\u015filebilir hale getirilmesine y\u00f6nelik yeni uygulamalar\u0131n hayata ge\u00e7irildi\u011fini a\u00e7\u0131klad\u0131.<\/p>\n<p><strong>G\u00fcrlek, Alo Adalet 135<\/strong> hatt\u0131n\u0131n pilot uygulama noktalar\u0131ndan <strong>Ankara Bat\u0131 Adliyesi\u2019<\/strong>ni ziyaret ederek sistem hakk\u0131nda bilgi ald\u0131. Ard\u0131ndan Yarg\u0131 Hizmetlerinin Etkinli\u011fi B\u00fcrosu\u2019nun a\u00e7\u0131l\u0131\u015f\u0131n\u0131 ger\u00e7ekle\u015ftirdi.<\/p>\n<p><img loading=\"lazy\" decoding=\"async\" loading=\"lazy\" class=\"alignnone size-medium wp-image-196805\" src=\"https:\/\/www.son.tv\/wp-content\/uploads\/2026\/09\/IMG_7525-300x169.jpeg\" alt=\"\" width=\"300\" height=\"169\" \/><\/p>\n<p><strong>ALO ADALET 135 H\u0130ZMETE G\u0130RD\u0130<\/strong><\/p>\n<p><strong>Alo Adalet 135<\/strong> hatt\u0131 <strong>1 Eyl\u00fcl 2026 i<\/strong>tibar\u0131yla <strong>Ankara<\/strong> <strong>Bat\u0131, \u0130zmir<\/strong> ve <strong>Kayseri<\/strong> adliyelerinde pilot olarak hizmet vermeye ba\u015flad\u0131.<\/p>\n<p>Yeni sistem kapsam\u0131nda uzun s\u00fcren dava ve soru\u015fturmalara ili\u015fkin vatanda\u015flar\u0131n ba\u015fvurular\u0131n\u0131 h\u0131zl\u0131 ve g\u00fcvenli \u015fekilde iletebilmesi ama\u00e7lan\u0131yor.<\/p>\n<p><img loading=\"lazy\" decoding=\"async\" loading=\"lazy\" class=\"alignnone size-medium wp-image-196806\" src=\"https:\/\/www.son.tv\/wp-content\/uploads\/2026\/09\/IMG_7523-300x169.jpeg\" alt=\"\" width=\"300\" height=\"169\" \/><\/p>\n<p><strong>DAVA DOSYASI 5 YILI, SORU\u015eTURMA DOSYASI 3 YILI A\u015eANLAR BA\u015eVURAB\u0130LECEK<\/strong><\/p>\n<p><strong>Alo Adalet 135<\/strong> kapsam\u0131nda ilk derece mahkemeleri, b\u00f6lge adliye mahkemeleri ve b\u00f6lge idare mahkemelerinde 5 y\u0131l\u0131 a\u015fan dava dosyalar\u0131 ile 3 y\u0131l\u0131 a\u015fan soru\u015fturma dosyalar\u0131 hakk\u0131nda ba\u015fvuru yap\u0131labilecek.<\/p>\n<p>Vatanda\u015flar <strong>135\u2019<\/strong>i arad\u0131ktan sonra g\u00fcvenli kimlik ve ileti\u015fim do\u011frulamas\u0131n\u0131 tamamlayacak. Ba\u015fvurular yapay zeka destekli sesli asistan veya uzman temsilciler arac\u0131l\u0131\u011f\u0131yla al\u0131nacak.<\/p>\n<p><img loading=\"lazy\" decoding=\"async\" loading=\"lazy\" class=\"alignnone size-medium wp-image-196807\" src=\"https:\/\/www.son.tv\/wp-content\/uploads\/2026\/09\/IMG_7524-300x169.jpeg\" alt=\"\" width=\"300\" height=\"169\" \/><\/p>\n<p><strong>YARGI H\u0130ZMETLER\u0130N\u0130N ETK\u0130NL\u0130\u011e\u0130 B\u00dcROLARI DEVREDE<\/strong><\/p>\n<p>Ba\u015fvurular <strong>Yarg\u0131 Hizmetlerinin Etkinli\u011fi B\u00fcrolar<\/strong>\u0131na ula\u015ft\u0131r\u0131lacak. Gerekli g\u00f6r\u00fclmesi halinde ba\u015fvurular ilgili mahkeme veya cumhuriyet ba\u015fsavc\u0131l\u0131\u011f\u0131n\u0131n de\u011ferlendirmesine sunulacak.<\/p>\n<p>Dava dosyalar\u0131na ili\u015fkin s\u00fcre\u00e7 hakk\u0131nda ba\u015fvuru sahiplerine SMS yoluyla bilgi verilecek. Soru\u015fturma dosyalar\u0131nda ise gizlilik h\u00fck\u00fcmleri kapsam\u0131nda bilgilendirme yaln\u0131zca ilgili ki\u015fiye yap\u0131lacak.<\/p>\n<p><strong>HEDEF S\u00dcRE UYGULAMASININ ETK\u0130NL\u0130\u011e\u0130 ARTIRILACAK<\/strong><\/p>\n<p><strong>Adalet Bakan\u0131 Ak\u0131n G\u00fcrlek, Alo Adalet 135<\/strong> ve <strong>Yarg\u0131 Hizmetlerinin Etkinli\u011fi B\u00fcrolar\u0131<\/strong>yla birlikte hedef s\u00fcre uygulamas\u0131n\u0131n etkinli\u011finin art\u0131r\u0131laca\u011f\u0131n\u0131 bildirdi.<\/p>\n<p>Uzun s\u00fcren dava ve soru\u015fturmalarda gecikmenin nedenlerinin tespit edilmesi, s\u00fcrecin takip edilmesi ve gerekli \u00e7\u00f6z\u00fcm ad\u0131mlar\u0131n\u0131n at\u0131lmas\u0131 yeni sistemin temel hedefleri aras\u0131nda yer al\u0131yor.<\/p>\n<p><img loading=\"lazy\" decoding=\"async\" loading=\"lazy\" class=\"alignnone size-medium wp-image-196809\" src=\"https:\/\/www.son.tv\/wp-content\/uploads\/2026\/09\/IMG_7527-300x169.jpeg\" alt=\"\" width=\"300\" height=\"169\" \/><\/p>\n<p>\u201c<strong>ADALET H\u0130ZMETLER\u0130NDE MEMNUN\u0130YET ARTACAK\u201d<\/strong><\/p>\n<p><strong>G\u00fcrlek, Cumhurba\u015fkan\u0131 Recep Tayyip Erdo\u011fan<\/strong>\u2019\u0131n liderli\u011finde vatanda\u015flar\u0131n adalet hizmetlerinden duydu\u011fu memnuniyeti art\u0131rmaya y\u00f6nelik \u00e7al\u0131\u015fmalar\u0131n devam edece\u011fini belirtti.<\/p>\n<p>Bu kapsamda yarg\u0131 te\u015fkilat\u0131n\u0131n kurumsal kapasitesinin g\u00fc\u00e7lendirilmesi, fiziki ve teknik altyap\u0131n\u0131n geli\u015ftirilmesi ve vatanda\u015flar\u0131n adalet hizmetlerine eri\u015fiminin kolayla\u015ft\u0131r\u0131lmas\u0131 hedefleniyor.<\/p>\n<p><strong>T\u00dcRK\u0130YE GENEL\u0130NE YAYGINLA\u015eTIRILACAK<\/strong><\/p>\n<p><strong>Alo Adalet 135 hatt\u0131n<\/strong>\u0131n <strong>Ankara Bat\u0131, \u0130zmir<\/strong> ve <strong>Kayseri<\/strong>\u2019de ba\u015flayan pilot uygulamas\u0131n\u0131n ard\u0131ndan k\u0131sa s\u00fcre i\u00e7inde <strong>T\u00fcrkiye<\/strong> genelinde yayg\u0131nla\u015ft\u0131r\u0131lmas\u0131 planlan\u0131yor.<\/p>\n<p><strong>Bakan G\u00fcrlek<\/strong>, uygulaman\u0131n yarg\u0131lama s\u00fcre\u00e7lerinin h\u0131zland\u0131r\u0131lmas\u0131na katk\u0131 sunaca\u011f\u0131n\u0131 ve gecikmelerin etkin \u015fekilde takip edilmesini sa\u011flayaca\u011f\u0131n\u0131 belirtti.<\/p>\n<p><strong>G\u00dcRLEK\u2019TEN EME\u011e\u0130 GE\u00c7ENLERE TE\u015eEKK\u00dcR<\/strong><\/p>\n<p><strong>Adalet Bakan\u0131 Ak\u0131n G\u00fcrlek, Alo Adalet 135 hatt\u0131<\/strong> ile <strong>Yarg\u0131 Hizmetlerinin Etkinli\u011fi B\u00fcrolar\u0131<\/strong>n\u0131n hayata<span class=\"Apple-converted-space\">\u00a0<\/span>ge\u00e7irilmesinde g\u00f6rev alan personele te\u015fekk\u00fcr etti.<\/p>\n<p><strong>G\u00fcrlek<\/strong>, yeni hizmet modelinin <strong>T\u00fcrkiye<\/strong>\u2019ye, millete ve adalet camias\u0131na hay\u0131rl\u0131 olmas\u0131 temennisinde bulundu.<\/p>\n<p><strong>ET\u0130KETLER: #Ak\u0131nG\u00fcrlek #AdaletBakanl\u0131\u011f\u0131 #AloAdalet135 #AnkaraBat\u0131Adliyesi #Yarg\u0131Hizmetleri #YeniAdliY\u0131l #Adalet #Yarg\u0131 #HedefS\u00fcre #SonTV<\/strong><\/p>\n<p>Yeni adli y\u0131l\u0131n ba\u015flamas\u0131yla birlikte adalet hizmetlerinde yeni uygulamalar devreye al\u0131nd\u0131. Adalet Bakan\u0131 Ak\u0131n G\u00fcrlek, Ankara Bat\u0131 Adliyesi\u2019nde Alo Adalet 135 Hizmet Merkezi\u2019nde incelemelerde bulunurken Yarg\u0131 Hizmetlerinin Etkinli\u011fi B\u00fcrosu\u2019nun da a\u00e7\u0131l\u0131\u015f\u0131n\u0131 ger\u00e7ekle\u015ftirdi.\u00a0<a href=\"https:\/\/www.son.tv\/adalet-bakani-gurlekten-yeni-adli-yilda-yeni-hizmetler-alo-adalet-135-ve-etkinlik-burolari-devrede\/\" target=\"_blank\" class=\"feedzy-rss-link-icon\">Read More<\/a><\/p>","protected":false},"excerpt":{"rendered":"<p>SON.TV\/ANKARA Adalet Bakan\u0131 Ak\u0131n G\u00fcrlek, 2026-2027 adli y\u0131l\u0131n\u0131n ba\u015flamas\u0131yla birlikte adalet hizmetlerinin daha h\u0131zl\u0131, etkin ve eri\u015filebilir hale getirilmesine y\u00f6nelik yeni uygulamalar\u0131n hayata ge\u00e7irildi\u011fini a\u00e7\u0131klad\u0131. G\u00fcrlek, Alo Adalet 135 hatt\u0131n\u0131n pilot uygulama noktalar\u0131ndan Ankara Bat\u0131 Adliyesi\u2019ni ziyaret ederek sistem hakk\u0131nda bilgi ald\u0131. Ard\u0131ndan Yarg\u0131 Hizmetlerinin Etkinli\u011fi B\u00fcrosu\u2019nun a\u00e7\u0131l\u0131\u015f\u0131n\u0131 ger\u00e7ekle\u015ftirdi. ALO ADALET 135 H\u0130ZMETE G\u0130RD\u0130 Alo [&hellip;]<\/p>\n","protected":false},"author":1,"featured_media":42093,"comment_status":"open","ping_status":"open","sticky":false,"template":"","format":"standard","meta":{"footnotes":"","_links_to":"","_links_to_target":""},"categories":[1],"tags":[],"class_list":["post-42092","post","type-post","status-publish","format-standard","has-post-thumbnail","hentry","category-haberler"],"_links":{"self":[{"href":"https:\/\/www.abchukuk.com\/index.php\/wp-json\/wp\/v2\/posts\/42092","targetHints":{"allow":["GET"]}}],"collection":[{"href":"https:\/\/www.abchukuk.com\/index.php\/wp-json\/wp\/v2\/posts"}],"about":[{"href":"https:\/\/www.abchukuk.com\/index.php\/wp-json\/wp\/v2\/types\/post"}],"author":[{"embeddable":true,"href":"https:\/\/www.abchukuk.com\/index.php\/wp-json\/wp\/v2\/users\/1"}],"replies":[{"embeddable":true,"href":"https:\/\/www.abchukuk.com\/index.php\/wp-json\/wp\/v2\/comments?post=42092"}],"version-history":[{"count":0,"href":"https:\/\/www.abchukuk.com\/index.php\/wp-json\/wp\/v2\/posts\/42092\/revisions"}],"wp:featuredmedia":[{"embeddable":true,"href":"https:\/\/www.abchukuk.com\/index.php\/wp-json\/wp\/v2\/media\/42093"}],"wp:attachment":[{"href":"https:\/\/www.abchukuk.com\/index.php\/wp-json\/wp\/v2\/media?parent=42092"}],"wp:term":[{"taxonomy":"category","embeddable":true,"href":"https:\/\/www.abchukuk.com\/index.php\/wp-json\/wp\/v2\/categories?post=42092"},{"taxonomy":"post_tag","embeddable":true,"href":"https:\/\/www.abchukuk.com\/index.php\/wp-json\/wp\/v2\/tags?post=42092"}],"curies":[{"name":"wp","href":"https:\/\/api.w.org\/{rel}","templated":true}]}}