{"id":42088,"date":"2026-09-01T11:02:34","date_gmt":"2026-09-01T11:02:34","guid":{"rendered":"https:\/\/www.abchukuk.com\/index.php\/2026\/09\/01\/nevsehir-bassavcisi-adem-calistan-yeni-adli-yil-mesaji-hukuki-bilgi-tek-basina-yeterli-degil\/"},"modified":"2026-09-01T11:02:34","modified_gmt":"2026-09-01T11:02:34","slug":"nevsehir-bassavcisi-adem-calistan-yeni-adli-yil-mesaji-hukuki-bilgi-tek-basina-yeterli-degil","status":"publish","type":"post","link":"https:\/\/www.abchukuk.com\/index.php\/2026\/09\/01\/nevsehir-bassavcisi-adem-calistan-yeni-adli-yil-mesaji-hukuki-bilgi-tek-basina-yeterli-degil\/","title":{"rendered":"Nev\u015fehir Ba\u015fsavc\u0131s\u0131 Adem \u00c7al\u0131\u015f\u2019tan yeni adli y\u0131l mesaj\u0131: Hukuki bilgi tek ba\u015f\u0131na yeterli de\u011fil"},"content":{"rendered":"<p><strong>SON.TV\/NEV\u015eEH\u0130R<\/strong><\/p>\n<p>Adli tatilin sona ermesiyle birlikte Nev\u015fehir\u2019de 2026-2027 adli y\u0131l\u0131 ba\u015flad\u0131. <strong>Nev\u015fehir Adliyesi<\/strong> B Kap\u0131s\u0131 giri\u015f alan\u0131nda d\u00fczenlenen t\u00f6rene yarg\u0131 mensuplar\u0131, avukatlar, adliye personeli ve kent protokol\u00fc kat\u0131ld\u0131.<\/p>\n<p><strong>Nev\u015fehir Cumhuriyet Ba\u015fsavc\u0131s\u0131 Adem \u00c7al\u0131\u015f<\/strong>\u2019\u0131n konu\u015fmas\u0131nda adalet hizmetlerinin y\u00fcr\u00fct\u00fclmesinde yarg\u0131 mensuplar\u0131na d\u00fc\u015fen sorumluluklara yapt\u0131\u011f\u0131 vurgu dikkat \u00e7ekti.<\/p>\n<p><img loading=\"lazy\" decoding=\"async\" loading=\"lazy\" class=\"alignnone size-medium wp-image-196813\" src=\"https:\/\/www.son.tv\/wp-content\/uploads\/2026\/09\/IMG_7536-300x200.webp\" alt=\"\" width=\"300\" height=\"200\" \/><\/p>\n<p><strong>BA\u015eSAVCI ADEM \u00c7ALI\u015e YEN\u0130 ADL\u0130 YIL MESAJINI VERD\u0130<\/strong><\/p>\n<p><strong>Nev\u015fehir Cumhuriyet Ba\u015fsavc\u0131s\u0131 Adem \u00c7al\u0131\u015f,<\/strong> t\u00f6rende yapt\u0131\u011f\u0131 konu\u015fmada adli uyu\u015fmazl\u0131klar\u0131n hakkaniyetli \u015fekilde sonu\u00e7land\u0131r\u0131lmas\u0131nda yaln\u0131zca hukuki bilginin yeterli olmad\u0131\u011f\u0131n\u0131 belirtti.<\/p>\n<p><strong>\u00c7al\u0131\u015f<\/strong>, yarg\u0131 g\u00f6revinin yerine getirilmesinde sab\u0131r, fedak\u00e2rl\u0131k ve mesleki tecr\u00fcbenin de b\u00fcy\u00fck \u00f6nem ta\u015f\u0131d\u0131\u011f\u0131n\u0131 ifade etti.<\/p>\n<p><img loading=\"lazy\" decoding=\"async\" loading=\"lazy\" class=\"alignnone size-medium wp-image-196814\" src=\"https:\/\/www.son.tv\/wp-content\/uploads\/2026\/09\/IMG_7535-300x200.webp\" alt=\"\" width=\"300\" height=\"200\" \/><\/p>\n<p>\u201c<strong>HUKUK\u0130 B\u0130LG\u0130 TEK BA\u015eINA YETERL\u0130 DE\u011e\u0130L\u201d<\/strong><\/p>\n<p><strong>Ba\u015fsavc\u0131 \u00c7al\u0131\u015f,<\/strong> hukuk ve ceza davalar\u0131nda \u00e7ok say\u0131da iddia ve hukuki de\u011ferlendirme i\u00e7eren, \u00e7\u00f6z\u00fcm\u00fc yo\u011fun \u00e7al\u0131\u015fma ve zaman gerektiren dosyalarla kar\u015f\u0131la\u015f\u0131ld\u0131\u011f\u0131n\u0131 s\u00f6yledi.<\/p>\n<p><strong>Nev\u015fehir Adliyesi\u2019<\/strong>nin hukuki bilgi bak\u0131m\u0131ndan donan\u0131ml\u0131 ve mesleki tecr\u00fcbeye sahip hakim ve Cumhuriyet savc\u0131lar\u0131ndan olu\u015fan g\u00fc\u00e7l\u00fc bir kadroya sahip oldu\u011funu belirten <strong>\u00c7al\u0131\u015f<\/strong>, adalet hizmetlerinin bu sorumluluk bilinciyle s\u00fcrd\u00fcr\u00fcld\u00fc\u011f\u00fcn\u00fc kaydetti.<\/p>\n<p><strong>TEMEL HAK VE \u00d6ZG\u00dcRL\u00dcKLERE VURGU<\/strong><\/p>\n<p><strong>Ba\u015fsavc\u0131 Adem \u00c7al\u0131\u015f<\/strong>, Anayasa ve Avrupa \u0130nsan Haklar\u0131 S\u00f6zle\u015fmesi\u2019nde g\u00fcvence alt\u0131na al\u0131nan ki\u015fi h\u00fcrriyeti ve g\u00fcvenli\u011fi ba\u015fta olmak \u00fczere temel hak ve \u00f6zg\u00fcrl\u00fcklerin korunmas\u0131nda yarg\u0131 mensuplar\u0131na \u00f6nemli g\u00f6revler d\u00fc\u015ft\u00fc\u011f\u00fcn\u00fc vurgulad\u0131.<\/p>\n<p><strong>\u00c7al\u0131\u015f<\/strong>, 2026-2027 adli y\u0131l\u0131n\u0131n adalet camias\u0131 ve vatanda\u015flar a\u00e7\u0131s\u0131ndan hay\u0131rl\u0131 olmas\u0131 temennisinde bulundu.<\/p>\n<p><strong>GEN\u0130\u015e KATILIMLI T\u00d6REN<\/strong><\/p>\n<p><strong>Yeni adli y\u0131l a\u00e7\u0131l\u0131\u015f program\u0131na Nev\u015fehir Valisi H\u00fcseyin K\u00f6k, Nev\u015fehir Belediye Ba\u015fkan\u0131 Rasim Ar\u0131, Nev\u015fehir Cumhuriyet Ba\u015fsavc\u0131s\u0131 Adem \u00c7al\u0131\u015f, Adalet Komisyonu Ba\u015fkan\u0131 Ali \u0130hsan Tabak, \u0130dare Mahkemesi Ba\u015fkan\u0131 Burak \u00c7ak\u0131r, Nev\u015fehir \u0130l Jandarma Komutan\u0131 K\u0131demli Albay Mehmet \u00c7elik, \u0130l Emniyet M\u00fcd\u00fcr\u00fc Serkan Karaman, Kapadokya \u00dcniversitesi Rekt\u00f6r\u00fc Prof. Dr. Hasan Ali Karasar ve Nev\u015fehir Baro Ba\u015fkan\u0131 Av. Mustafa Necmi \u00d6nc\u00fcl kat\u0131ld\u0131.<\/strong><\/p>\n<p>Hakim, Cumhuriyet savc\u0131s\u0131, avukat ve adliye personelinin de yer ald\u0131\u011f\u0131 program, sayg\u0131 duru\u015funda bulunulmas\u0131 ve \u0130stiklal Mar\u015f\u0131\u2019n\u0131n okunmas\u0131yla ba\u015flad\u0131.<\/p>\n<p><img loading=\"lazy\" decoding=\"async\" loading=\"lazy\" class=\"alignnone size-medium wp-image-196815\" src=\"https:\/\/www.son.tv\/wp-content\/uploads\/2026\/09\/IMG_7530-300x200.webp\" alt=\"\" width=\"300\" height=\"200\" \/><\/p>\n<p><strong>ADALET KOM\u0130SYONU BA\u015eKANI TABAK\u2019TAN \u0130\u015e B\u0130RL\u0130\u011e\u0130 MESAJI<\/strong><\/p>\n<p><strong>Nev\u015fehir Adalet Komisyonu Ba\u015fkan\u0131 Ali \u0130hsan Tabak<\/strong> da t\u00f6rendeki konu\u015fmas\u0131nda adaletin tecellisi i\u00e7in yarg\u0131 te\u015fkilat\u0131n\u0131n t\u00fcm unsurlar\u0131n\u0131n uyum i\u00e7inde \u00e7al\u0131\u015fmas\u0131n\u0131n \u00f6nemini vurgulad\u0131.<\/p>\n<p><strong>Tabak<\/strong>, 2026-2027 adli y\u0131l\u0131nda adalet te\u015fkilat\u0131 ve baronun huzur ve g\u00fcven i\u00e7erisinde birlikte \u00e7al\u0131\u015fmas\u0131 gerekti\u011fini belirterek yeni adli y\u0131l\u0131n adalet camias\u0131na hay\u0131rl\u0131 olmas\u0131n\u0131 diledi.<\/p>\n<p><img loading=\"lazy\" decoding=\"async\" loading=\"lazy\" class=\"alignnone size-medium wp-image-196818\" src=\"https:\/\/www.son.tv\/wp-content\/uploads\/2026\/09\/IMG_7532-1-300x200.webp\" alt=\"\" width=\"300\" height=\"200\" \/><\/p>\n<p><strong>BARO BA\u015eKANI \u00d6NC\u00dcL YARGI MENSUPLARININ ADL\u0130 YILINI KUTLADI<\/strong><\/p>\n<p><strong>Nev\u015fehir Baro Ba\u015fkan\u0131 Av. Mustafa Necmi \u00d6nc\u00fcl<\/strong> de yeni adli y\u0131l\u0131n \u00fclke ve millet i\u00e7in hay\u0131rl\u0131 olmas\u0131n\u0131 diledi.<\/p>\n<p><strong>\u00d6nc\u00fcl<\/strong>, adaletin sa\u011flanmas\u0131 i\u00e7in g\u00f6rev yapan hakim, savc\u0131, avukat ve adliye personelinin yeni adli y\u0131l\u0131n\u0131 kutlayarak ba\u015far\u0131 dileklerini iletti.<\/p>\n<p><strong><img loading=\"lazy\" decoding=\"async\" loading=\"lazy\" class=\"alignnone size-medium wp-image-196819\" src=\"https:\/\/www.son.tv\/wp-content\/uploads\/2026\/09\/IMG_7533-300x200.webp\" alt=\"\" width=\"300\" height=\"200\" \/>VAL\u0130 K\u00d6K\u2019TEN ADALET VE HUKUK DEVLET\u0130 VURGUSU<\/strong><\/p>\n<p><strong>Nev\u015fehir Valisi H\u00fcseyin K\u00f6k<\/strong> ise adaletin devlet d\u00fczeni, toplumsal huzur ve vatanda\u015flar\u0131n devlete duydu\u011fu g\u00fcven a\u00e7\u0131s\u0131ndan temel \u00f6neme sahip oldu\u011funu belirtti.<\/p>\n<p><strong>K\u00f6k<\/strong>, hukukun \u00fcst\u00fcnl\u00fc\u011f\u00fcn\u00fcn sa\u011flanmas\u0131 ve adaletin herkes i\u00e7in e\u015fit, tarafs\u0131z ve g\u00fcvenilir \u015fekilde ger\u00e7ekle\u015fmesinin \u00f6nemine dikkat \u00e7ekti.<\/p>\n<p><img loading=\"lazy\" decoding=\"async\" loading=\"lazy\" class=\"alignnone size-medium wp-image-196820\" src=\"https:\/\/www.son.tv\/wp-content\/uploads\/2026\/09\/IMG_7534-1-300x200.webp\" alt=\"\" width=\"300\" height=\"200\" \/><\/p>\n<p><strong>YARGI S\u00dcRE\u00c7LER\u0130NDE MAKUL S\u00dcRE HEDEF\u0130<\/strong><\/p>\n<p>T\u00f6rende yarg\u0131 s\u00fcre\u00e7lerinin makul s\u00fcrede tamamlanmas\u0131, adalet hizmetlerinin daha h\u0131zl\u0131, etkin ve nitelikli sunulmas\u0131 da \u00f6ne \u00e7\u0131kan ba\u015fl\u0131klar aras\u0131nda yer ald\u0131.<\/p>\n<p>Adli tatilin sona ermesiyle birlikte mahkemelerde duru\u015fmalar ve di\u011fer adli i\u015flemler de normal \u00e7al\u0131\u015fma d\u00fczenine d\u00f6nd\u00fc.<\/p>\n<p><img loading=\"lazy\" decoding=\"async\" loading=\"lazy\" class=\"alignnone size-medium wp-image-196823\" src=\"https:\/\/www.son.tv\/wp-content\/uploads\/2026\/09\/IMG_7537-300x200.webp\" alt=\"\" width=\"300\" height=\"200\" \/><\/p>\n<p><strong>HATIRA FOTO\u011eRAFIYLA SONA ERD\u0130<\/strong><\/p>\n<p>2026-2027 Adli Y\u0131l A\u00e7\u0131l\u0131\u015f Program\u0131, konu\u015fmalar\u0131n ard\u0131ndan kat\u0131l\u0131mc\u0131lar\u0131n g\u00fcn\u00fcn an\u0131s\u0131na hat\u0131ra foto\u011fraf\u0131 \u00e7ektirmesiyle sona erdi.<\/p>\n<p><strong>ET\u0130KETLER: #Adem\u00c7al\u0131\u015f #Nev\u015fehir #Nev\u015fehirAdliyesi #AdliY\u0131l #YeniAdliY\u0131l #20262027AdliY\u0131l\u0131 #Ali\u0130hsanTabak #Yarg\u0131 #Adalet #Hukukun\u00dcst\u00fcnl\u00fc\u011f\u00fc #SonTV<\/strong><\/p>\n<p>Nev\u015fehir\u2019de 2026-2027 adli y\u0131l\u0131 d\u00fczenlenen t\u00f6renle ba\u015flad\u0131. Nev\u015fehir Cumhuriyet Ba\u015fsavc\u0131s\u0131 Adem \u00c7al\u0131\u015f, yeni adli y\u0131l a\u00e7\u0131l\u0131\u015f\u0131nda yapt\u0131\u011f\u0131 konu\u015fmada yarg\u0131 hizmetlerinde hukuki bilginin yan\u0131 s\u0131ra sab\u0131r, fedak\u00e2rl\u0131k ve mesleki tecr\u00fcbenin \u00f6nemine dikkat \u00e7ekti.\u00a0<a href=\"https:\/\/www.son.tv\/nevsehir-bassavcisi-adem-calistan-yeni-adli-yil-mesaji-hukuki-bilgi-tek-basina-yeterli-degil\/\" target=\"_blank\" class=\"feedzy-rss-link-icon\">Read More<\/a><\/p>","protected":false},"excerpt":{"rendered":"<p>SON.TV\/NEV\u015eEH\u0130R Adli tatilin sona ermesiyle birlikte Nev\u015fehir\u2019de 2026-2027 adli y\u0131l\u0131 ba\u015flad\u0131. Nev\u015fehir Adliyesi B Kap\u0131s\u0131 giri\u015f alan\u0131nda d\u00fczenlenen t\u00f6rene yarg\u0131 mensuplar\u0131, avukatlar, adliye personeli ve kent protokol\u00fc kat\u0131ld\u0131. Nev\u015fehir Cumhuriyet Ba\u015fsavc\u0131s\u0131 Adem \u00c7al\u0131\u015f\u2019\u0131n konu\u015fmas\u0131nda adalet hizmetlerinin y\u00fcr\u00fct\u00fclmesinde yarg\u0131 mensuplar\u0131na d\u00fc\u015fen sorumluluklara yapt\u0131\u011f\u0131 vurgu dikkat \u00e7ekti. BA\u015eSAVCI ADEM \u00c7ALI\u015e YEN\u0130 ADL\u0130 YIL MESAJINI VERD\u0130 Nev\u015fehir Cumhuriyet [&hellip;]<\/p>\n","protected":false},"author":1,"featured_media":42089,"comment_status":"open","ping_status":"open","sticky":false,"template":"","format":"standard","meta":{"footnotes":"","_links_to":"","_links_to_target":""},"categories":[1],"tags":[],"class_list":["post-42088","post","type-post","status-publish","format-standard","has-post-thumbnail","hentry","category-haberler"],"_links":{"self":[{"href":"https:\/\/www.abchukuk.com\/index.php\/wp-json\/wp\/v2\/posts\/42088","targetHints":{"allow":["GET"]}}],"collection":[{"href":"https:\/\/www.abchukuk.com\/index.php\/wp-json\/wp\/v2\/posts"}],"about":[{"href":"https:\/\/www.abchukuk.com\/index.php\/wp-json\/wp\/v2\/types\/post"}],"author":[{"embeddable":true,"href":"https:\/\/www.abchukuk.com\/index.php\/wp-json\/wp\/v2\/users\/1"}],"replies":[{"embeddable":true,"href":"https:\/\/www.abchukuk.com\/index.php\/wp-json\/wp\/v2\/comments?post=42088"}],"version-history":[{"count":0,"href":"https:\/\/www.abchukuk.com\/index.php\/wp-json\/wp\/v2\/posts\/42088\/revisions"}],"wp:featuredmedia":[{"embeddable":true,"href":"https:\/\/www.abchukuk.com\/index.php\/wp-json\/wp\/v2\/media\/42089"}],"wp:attachment":[{"href":"https:\/\/www.abchukuk.com\/index.php\/wp-json\/wp\/v2\/media?parent=42088"}],"wp:term":[{"taxonomy":"category","embeddable":true,"href":"https:\/\/www.abchukuk.com\/index.php\/wp-json\/wp\/v2\/categories?post=42088"},{"taxonomy":"post_tag","embeddable":true,"href":"https:\/\/www.abchukuk.com\/index.php\/wp-json\/wp\/v2\/tags?post=42088"}],"curies":[{"name":"wp","href":"https:\/\/api.w.org\/{rel}","templated":true}]}}