{"id":42086,"date":"2026-09-01T11:19:08","date_gmt":"2026-09-01T11:19:08","guid":{"rendered":"https:\/\/www.abchukuk.com\/index.php\/2026\/09\/01\/balikesirde-yeni-adli-yil-basladi-bassavci-abdulkadir-akindan-adalet-ve-hizli-yargilama-mesaji\/"},"modified":"2026-09-01T11:19:08","modified_gmt":"2026-09-01T11:19:08","slug":"balikesirde-yeni-adli-yil-basladi-bassavci-abdulkadir-akindan-adalet-ve-hizli-yargilama-mesaji","status":"publish","type":"post","link":"https:\/\/www.abchukuk.com\/index.php\/2026\/09\/01\/balikesirde-yeni-adli-yil-basladi-bassavci-abdulkadir-akindan-adalet-ve-hizli-yargilama-mesaji\/","title":{"rendered":"Bal\u0131kesir\u2019de yeni adli y\u0131l ba\u015flad\u0131: Ba\u015fsavc\u0131 Abdulkadir Ak\u0131n\u2019dan adalet ve h\u0131zl\u0131 yarg\u0131lama mesaj\u0131"},"content":{"rendered":"<p><strong>SON.TV\/BALIKES\u0130R<\/strong><\/p>\n<p>Adli tatilin sona ermesinin ard\u0131ndan <strong>Bal\u0131kesir<\/strong>\u2019de 2026-2027 adli y\u0131l\u0131 ba\u015flad\u0131. Bal\u0131kesir Adliyesi\u2019nde d\u00fczenlenen a\u00e7\u0131l\u0131\u015f t\u00f6reni sayg\u0131 duru\u015funda bulunulmas\u0131 ve <strong>\u0130stiklal Mar\u015f\u0131\u2019<\/strong>n\u0131n okunmas\u0131yla ba\u015flad\u0131.<\/p>\n<p><img loading=\"lazy\" decoding=\"async\" loading=\"lazy\" class=\"alignnone size-medium wp-image-196831\" src=\"https:\/\/www.son.tv\/wp-content\/uploads\/2026\/09\/9d11cf4e-36dc-475d-b164-8a874aed8e8a-1-300x200.jpeg\" alt=\"\" width=\"300\" height=\"200\" \/><\/p>\n<p><strong>Programa Bal\u0131kesir Valisi \u0130smail Ustao\u011flu, Cumhuriyet Ba\u015fsavc\u0131s\u0131 Abdulkadir Ak\u0131n, Adli Yarg\u0131 \u0130lk Derece Mahkemesi Adalet Komisyonu Ba\u015fkan\u0131 Mehmet Soner Sa\u011f\u0131ro\u011flu, Bal\u0131kesir \u00dcniversitesi Rekt\u00f6r\u00fc Prof. Dr. Y\u00fccel O\u011furlu, Karesi Kaymakam\u0131 Murat B\u00fcy\u00fckk\u00f6se, Bal\u0131kesir Barosu Ba\u015fkan\u0131 Hakan Topalo\u011flu ile hakimler, Cumhuriyet savc\u0131lar\u0131 ve adliye personeli kat\u0131ld\u0131.<\/strong><\/p>\n<p><img loading=\"lazy\" decoding=\"async\" loading=\"lazy\" class=\"alignnone size-medium wp-image-196832\" src=\"https:\/\/www.son.tv\/wp-content\/uploads\/2026\/09\/ae446224-36a8-402f-9165-5a4249f48e83-1-300x200.jpeg\" alt=\"\" width=\"300\" height=\"200\" \/><\/p>\n<p><strong>BA\u015eSAVCI AKIN: ADALET TOPLUM \u0130\u00c7\u0130N HAYAT\u0130 \u00d6NEM TA\u015eIYOR<\/strong><\/p>\n<p>Adli y\u0131l a\u00e7\u0131l\u0131\u015f konu\u015fmas\u0131n\u0131 yapan <strong>Bal\u0131kesir Cumhuriyet Ba\u015fsavc\u0131s\u0131 Abdulkadir Ak\u0131n,<\/strong> adalet kavram\u0131n\u0131n toplum hayat\u0131ndaki temel yerine dikkat \u00e7ekti.<\/p>\n<p><strong>Ak\u0131n, \u201cCanl\u0131lar i\u00e7in oksijen ne denli \u00f6nemli ise toplum i\u00e7in de adalet o derece \u00f6nemlidir. Bir arada ya\u015faman\u0131n ve toplumsal uzla\u015f\u0131n\u0131n temel harc\u0131 olan adaletin tesisine y\u00f6nelik hem dinimizin referans kaynaklar\u0131nda hem de tarihi referanslar\u0131m\u0131zda say\u0131s\u0131z vurgular oldu\u011funu biliyoruz. Biz hukuk\u00e7ular\u0131n kutup y\u0131ld\u0131z\u0131 da, k\u0131z\u0131l elmas\u0131 da adalettir\u201d<\/strong> ifadelerini kulland\u0131.<\/p>\n<p><img loading=\"lazy\" decoding=\"async\" loading=\"lazy\" class=\"alignnone size-medium wp-image-196827\" src=\"https:\/\/www.son.tv\/wp-content\/uploads\/2026\/09\/ff8474d4-e8a4-4360-889a-415c2a447b13-300x200.jpeg\" alt=\"\" width=\"300\" height=\"200\" \/><\/p>\n<p>\u201c<strong>ADALET H\u0130ZMET\u0130N\u0130 HIZLI, ETK\u0130N VE AD\u0130L \u015eEK\u0130LDE SUNUYORUZ\u201d<\/strong><\/p>\n<p><strong>Ba\u015fsavc\u0131 Ak\u0131n, Bal\u0131kesir Adliyesi<\/strong>\u2019nin yarg\u0131 hizmetlerinin i\u015fleyi\u015fine ili\u015fkin de de\u011ferlendirmelerde bulundu.<\/p>\n<p>Adliyede yeterli say\u0131da hakim, Cumhuriyet savc\u0131s\u0131 ve personelin g\u00f6rev yapt\u0131\u011f\u0131n\u0131 belirten Ak\u0131n, Bal\u0131kesir\u2019e sunulan adalet hizmetinin h\u0131zl\u0131, etkin ve adil \u015fekilde s\u00fcrd\u00fcr\u00fcld\u00fc\u011f\u00fcn\u00fc ifade etti.<\/p>\n<p><strong>Ak\u0131n, Adalet Bakanl\u0131\u011f\u0131<\/strong> taraf\u0131ndan belirlenen hedef s\u00fcrelere uyularak soru\u015fturma ve yarg\u0131lamalar\u0131n makul s\u00fcre i\u00e7erisinde tamamlanmas\u0131na y\u00f6nelik \u00e7al\u0131\u015fmalar\u0131n devam etti\u011fini s\u00f6yledi.<\/p>\n<p><strong>KAMU V\u0130CDANINI TATM\u0130N EDEN KARARLAR VURGUSU<\/strong><\/p>\n<p><strong>Cumhuriyet Ba\u015fsavc\u0131s\u0131 Abdulkadir Ak\u0131n,<\/strong> yeni adli y\u0131lda da hukuk kurallar\u0131 \u00e7er\u00e7evesinde, adalet duygusunu g\u00fc\u00e7lendiren ve kamu vicdan\u0131n\u0131 tatmin eden kararlar\u0131n verilmesi temennisinde bulundu.<\/p>\n<p><strong>Ak\u0131n<\/strong>, konu\u015fmas\u0131n\u0131n sonunda 2026-2027 adli y\u0131l\u0131n\u0131n yarg\u0131 camias\u0131na ve vatanda\u015flara hay\u0131rl\u0131 olmas\u0131n\u0131 dileyerek programa kat\u0131lanlara te\u015fekk\u00fcr etti.<\/p>\n<p><img loading=\"lazy\" decoding=\"async\" loading=\"lazy\" class=\"size-medium wp-image-196833 alignleft\" src=\"https:\/\/www.son.tv\/wp-content\/uploads\/2026\/09\/a934a74d-1047-4b2e-92a2-b3b52ba18e25-300x200.jpeg\" alt=\"\" width=\"300\" height=\"200\" \/><\/p>\n<p>\u00a0<\/p>\n<p>\u00a0<\/p>\n<p>\u00a0<\/p>\n<p>\u00a0<\/p>\n<p>\u00a0<\/p>\n<p><strong>BALIKES\u0130R ADL\u0130YES\u0130N\u0130N DOSYA RAKAMLARI A\u00c7IKLANDI<\/strong><\/p>\n<p><strong>Bal\u0131kesir Adli Yarg\u0131 \u0130lk Derece Mahkemesi Adalet Komisyonu Ba\u015fkan\u0131 Mehmet Soner Sa\u011f\u0131ro\u011flu<\/strong> da t\u00f6rende yapt\u0131\u011f\u0131 konu\u015fmada ge\u00e7ti\u011fimiz d\u00f6neme ili\u015fkin yarg\u0131 istatistiklerini a\u00e7\u0131klad\u0131.<\/p>\n<p><strong>Sa\u011f\u0131ro\u011flu\u2019<\/strong>nun verdi\u011fi bilgilere g\u00f6re <strong>Bal\u0131kesir Merkez Adliyesi<\/strong>\u2019nde ge\u00e7ti\u011fimiz d\u00f6nemde ceza mahkemelerinde 12 bin 854, hukuk mahkemelerinde 14 bin 293 dava dosyas\u0131 sonu\u00e7land\u0131r\u0131ld\u0131.<\/p>\n<p><strong>Bal\u0131kesir Cumhuriyet Ba\u015fsavc\u0131l\u0131\u011f\u0131<\/strong> b\u00fcnyesinde ise 26 bin 341 soru\u015fturma dosyas\u0131 neticelendirildi.<\/p>\n<p><img loading=\"lazy\" decoding=\"async\" loading=\"lazy\" class=\"alignnone size-medium wp-image-196829\" src=\"https:\/\/www.son.tv\/wp-content\/uploads\/2026\/09\/08183713-15b4-40d5-9337-fe18432e8ef9-300x200.jpeg\" alt=\"\" width=\"300\" height=\"200\" \/><\/p>\n<p><strong>ADL\u0130 TAT\u0130LDE KADROLAR TAMAMLANDI<\/strong><\/p>\n<p><strong>Sa\u011f\u0131ro\u011flu<\/strong>, adli tatil d\u00f6neminde <strong>Bal\u0131kesir Adliyesi\u2019<\/strong>nin personel ve idari yap\u0131lanmas\u0131na y\u00f6nelik baz\u0131 d\u00fczenlemelerin de ger\u00e7ekle\u015ftirildi\u011fini a\u00e7\u0131klad\u0131.<\/p>\n<p>Eksik kadrolar\u0131n tamamland\u0131\u011f\u0131n\u0131 belirten <strong>Sa\u011f\u0131ro\u011flu<\/strong>, Sat\u0131\u015f M\u00fcd\u00fcrl\u00fc\u011f\u00fcne ikinci m\u00fcd\u00fcr takviyesi yap\u0131ld\u0131\u011f\u0131n\u0131, \u00f6n b\u00fcro ile veznenin ise m\u00fcstakil m\u00fcd\u00fcrl\u00fck haline getirildi\u011fini bildirdi.<\/p>\n<p><strong>\u201cSIFIR GEC\u0130KMEL\u0130 YARGI\u201d HEDEF\u0130<\/strong><\/p>\n<p><strong>Adalet Komisyonu Ba\u015fkan\u0131 Sa\u011f\u0131ro\u011flu<\/strong>, yeni d\u00f6nemde yarg\u0131lamalardaki gecikmelerin azalt\u0131lmas\u0131na y\u00f6nelik \u00e7al\u0131\u015fmalara da a\u011f\u0131rl\u0131k verilece\u011fini s\u00f6yledi.<\/p>\n<p><strong>HSK<\/strong>\u2019n\u0131n<strong> 7 A\u011fustos 2026<\/strong> tarihli karar\u0131yla olu\u015fturulan yeni b\u00fcro kapsam\u0131nda, yarg\u0131 ba\u011f\u0131ms\u0131zl\u0131\u011f\u0131 ve tarafs\u0131zl\u0131\u011f\u0131 ilkelerinden \u00f6d\u00fcn verilmeden \u201c<strong>s\u0131f\u0131r gecikmeli yarg\u0131\u201d<\/strong> hedefi do\u011frultusunda \u00e7al\u0131\u015fma y\u00fcr\u00fct\u00fclece\u011fini ifade etti.<\/p>\n<p><img loading=\"lazy\" decoding=\"async\" loading=\"lazy\" class=\"alignnone size-medium wp-image-196834\" src=\"https:\/\/www.son.tv\/wp-content\/uploads\/2026\/09\/62c75b1f-e963-4c1a-aa05-c31009dc9122-300x200.jpeg\" alt=\"\" width=\"300\" height=\"200\" \/><\/p>\n<p><strong>ALO 135 ADALET HATTI \u0130\u00c7\u0130N 1 KASIM TAR\u0130H\u0130<\/strong><\/p>\n<p><strong>Sa\u011f\u0131ro\u011flu, Bal\u0131kesir\u2019de Alo 135 Adalet Hatt\u0131\u2019<\/strong>n\u0131n <strong>1<\/strong> <strong>Kas\u0131m<\/strong> itibar\u0131yla devreye al\u0131nmas\u0131n\u0131n planland\u0131\u011f\u0131n\u0131 belirtti.<\/p>\n<p>Yeni sistemle vatanda\u015flar\u0131n yarg\u0131lama s\u00fcre\u00e7lerindeki gecikmelere ili\u015fkin ba\u015fvurular\u0131n\u0131 iletebilmesi, ba\u015fvurular\u0131n incelenmesi ve s\u00fcre\u00e7 hakk\u0131nda gerekli bilgilendirmenin yap\u0131lmas\u0131 hedefleniyor.<\/p>\n<p><strong>AD\u0130L YARGILANMA HAKKI VE HUKUKUN \u00dcST\u00dcNL\u00dc\u011e\u00dc<\/strong><\/p>\n<p><strong>Adalet Komisyonu Ba\u015fkan\u0131 Mehmet Soner Sa\u011f\u0131ro\u011flu,<\/strong> konu\u015fmas\u0131nda adil yarg\u0131lanma hakk\u0131, hukukun \u00fcst\u00fcnl\u00fc\u011f\u00fc ve vatanda\u015flar\u0131n adalete duydu\u011fu g\u00fcvenin korunmas\u0131n\u0131n \u00f6nemini de vurgulad\u0131.<\/p>\n<p><strong>Sa\u011f\u0131ro\u011flu<\/strong>, yeni adli y\u0131l\u0131n Bal\u0131kesir\u2019e, yarg\u0131 mensuplar\u0131na ve t\u00fcm adalet te\u015fkilat\u0131na hay\u0131rl\u0131 olmas\u0131 temennisinde bulundu.<\/p>\n<p><img loading=\"lazy\" decoding=\"async\" loading=\"lazy\" class=\"alignnone size-medium wp-image-196830\" src=\"https:\/\/www.son.tv\/wp-content\/uploads\/2026\/09\/fbce886b-9a71-4ec8-8ea3-6ddf0a1c776a-300x200.jpeg\" alt=\"\" width=\"300\" height=\"200\" \/><\/p>\n<p><strong>T\u00d6REN KOKTEYLLE SONA ERD\u0130<\/strong><\/p>\n<p>2026-2027 Adli Y\u0131l A\u00e7\u0131l\u0131\u015f T\u00f6reni, yap\u0131lan konu\u015fmalar\u0131n ard\u0131ndan kat\u0131l\u0131mc\u0131lar i\u00e7in d\u00fczenlenen kokteylle sona erdi.<\/p>\n<p><strong>ET\u0130KETLER: #Bal\u0131kesir #AbdulkadirAk\u0131n #MehmetSonerSa\u011f\u0131ro\u011flu #Bal\u0131kesirAdliyesi #AdliY\u0131l #20262027AdliY\u0131l\u0131 #S\u0131f\u0131rGecikmeliYarg\u0131 #AloAdalet135 #Yarg\u0131 #Adalet #SonTV<\/strong><\/p>\n<p>Bal\u0131kesir\u2019de 2026-2027 adli y\u0131l\u0131 d\u00fczenlenen geni\u015f kat\u0131l\u0131ml\u0131 t\u00f6renle ba\u015flad\u0131. Bal\u0131kesir Cumhuriyet Ba\u015fsavc\u0131s\u0131 Abdulkadir Ak\u0131n, adaletin toplum hayat\u0131ndaki \u00f6nemine dikkat \u00e7ekerek, \u201cBiz hukuk\u00e7ular\u0131n kutup y\u0131ld\u0131z\u0131 da, k\u0131z\u0131l elmas\u0131 da adalettir\u201d dedi. Adalet Komisyonu Ba\u015fkan\u0131 Mehmet Soner Sa\u011f\u0131ro\u011flu ise ge\u00e7ti\u011fimiz d\u00f6nemde sonu\u00e7land\u0131r\u0131lan dava ve soru\u015fturma say\u0131lar\u0131n\u0131 a\u00e7\u0131klayarak yeni d\u00f6nemde \u201cs\u0131f\u0131r gecikmeli yarg\u0131\u201d hedefiyle \u00e7al\u0131\u015f\u0131laca\u011f\u0131n\u0131 bildirdi.\u00a0<a href=\"https:\/\/www.son.tv\/balikesirde-yeni-adli-yil-basladi-bassavci-abdulkadir-akindan-adalet-ve-hizli-yargilama-mesaji\/\" target=\"_blank\" class=\"feedzy-rss-link-icon\">Read More<\/a><\/p>","protected":false},"excerpt":{"rendered":"<p>SON.TV\/BALIKES\u0130R Adli tatilin sona ermesinin ard\u0131ndan Bal\u0131kesir\u2019de 2026-2027 adli y\u0131l\u0131 ba\u015flad\u0131. Bal\u0131kesir Adliyesi\u2019nde d\u00fczenlenen a\u00e7\u0131l\u0131\u015f t\u00f6reni sayg\u0131 duru\u015funda bulunulmas\u0131 ve \u0130stiklal Mar\u015f\u0131\u2019n\u0131n okunmas\u0131yla ba\u015flad\u0131. Programa Bal\u0131kesir Valisi \u0130smail Ustao\u011flu, Cumhuriyet Ba\u015fsavc\u0131s\u0131 Abdulkadir Ak\u0131n, Adli Yarg\u0131 \u0130lk Derece Mahkemesi Adalet Komisyonu Ba\u015fkan\u0131 Mehmet Soner Sa\u011f\u0131ro\u011flu, Bal\u0131kesir \u00dcniversitesi Rekt\u00f6r\u00fc Prof. Dr. Y\u00fccel O\u011furlu, Karesi Kaymakam\u0131 Murat B\u00fcy\u00fckk\u00f6se, [&hellip;]<\/p>\n","protected":false},"author":1,"featured_media":42087,"comment_status":"open","ping_status":"open","sticky":false,"template":"","format":"standard","meta":{"footnotes":"","_links_to":"","_links_to_target":""},"categories":[1],"tags":[],"class_list":["post-42086","post","type-post","status-publish","format-standard","has-post-thumbnail","hentry","category-haberler"],"_links":{"self":[{"href":"https:\/\/www.abchukuk.com\/index.php\/wp-json\/wp\/v2\/posts\/42086","targetHints":{"allow":["GET"]}}],"collection":[{"href":"https:\/\/www.abchukuk.com\/index.php\/wp-json\/wp\/v2\/posts"}],"about":[{"href":"https:\/\/www.abchukuk.com\/index.php\/wp-json\/wp\/v2\/types\/post"}],"author":[{"embeddable":true,"href":"https:\/\/www.abchukuk.com\/index.php\/wp-json\/wp\/v2\/users\/1"}],"replies":[{"embeddable":true,"href":"https:\/\/www.abchukuk.com\/index.php\/wp-json\/wp\/v2\/comments?post=42086"}],"version-history":[{"count":0,"href":"https:\/\/www.abchukuk.com\/index.php\/wp-json\/wp\/v2\/posts\/42086\/revisions"}],"wp:featuredmedia":[{"embeddable":true,"href":"https:\/\/www.abchukuk.com\/index.php\/wp-json\/wp\/v2\/media\/42087"}],"wp:attachment":[{"href":"https:\/\/www.abchukuk.com\/index.php\/wp-json\/wp\/v2\/media?parent=42086"}],"wp:term":[{"taxonomy":"category","embeddable":true,"href":"https:\/\/www.abchukuk.com\/index.php\/wp-json\/wp\/v2\/categories?post=42086"},{"taxonomy":"post_tag","embeddable":true,"href":"https:\/\/www.abchukuk.com\/index.php\/wp-json\/wp\/v2\/tags?post=42086"}],"curies":[{"name":"wp","href":"https:\/\/api.w.org\/{rel}","templated":true}]}}