{"id":42084,"date":"2026-09-01T11:36:00","date_gmt":"2026-09-01T11:36:00","guid":{"rendered":"https:\/\/www.abchukuk.com\/index.php\/2026\/09\/01\/gulistan-doku-sorusturmasinda-bir-tutuklama-daha\/"},"modified":"2026-09-01T11:36:00","modified_gmt":"2026-09-01T11:36:00","slug":"gulistan-doku-sorusturmasinda-bir-tutuklama-daha","status":"publish","type":"post","link":"https:\/\/www.abchukuk.com\/index.php\/2026\/09\/01\/gulistan-doku-sorusturmasinda-bir-tutuklama-daha\/","title":{"rendered":"G\u00fclistan Doku soru\u015fturmas\u0131nda bir tutuklama daha"},"content":{"rendered":"<p>G\u00fclistan Doku soru\u015fturmas\u0131n\u0131n be\u015finci dalga operasyonunda g\u00f6zalt\u0131na al\u0131nan 7 \u015f\u00fcpheliden biri daha tutukland\u0131. Son tutuklamayla soru\u015fturma kapsam\u0131nda tutuklu say\u0131s\u0131 30\u2019a y\u00fckselirken, 6 \u015f\u00fcphelinin Erzurum Adliyesi\u2019ndeki i\u015flemleri s\u00fcr\u00fcyor.G\u00fclistan Doku soru\u015fturmas\u0131n\u0131n be\u015finci dalga operasyonunda g\u00f6zalt\u0131na al\u0131nan 7 \u015f\u00fcpheliden biri daha tutukland\u0131. Son tutuklamayla soru\u015fturma kapsam\u0131nda tutuklu say\u0131s\u0131 30\u2019a y\u00fckselirken, 6 \u015f\u00fcphelinin Erzurum Adliyesi\u2019ndeki i\u015flemleri s\u00fcr\u00fcyor.\u00a0<a href=\"https:\/\/www.cumhuriyet.com.tr\/turkiye\/gulistan-doku-sorusturmasinda-bir-tutuklama-daha-2534038\" target=\"_blank\" class=\"feedzy-rss-link-icon\">Read More<\/a><\/p>","protected":false},"excerpt":{"rendered":"<p>G\u00fclistan Doku soru\u015fturmas\u0131n\u0131n be\u015finci dalga operasyonunda g\u00f6zalt\u0131na al\u0131nan 7 \u015f\u00fcpheliden biri daha tutukland\u0131. Son tutuklamayla soru\u015fturma kapsam\u0131nda tutuklu say\u0131s\u0131 30\u2019a y\u00fckselirken, 6 \u015f\u00fcphelinin Erzurum Adliyesi\u2019ndeki i\u015flemleri s\u00fcr\u00fcyor.G\u00fclistan Doku soru\u015fturmas\u0131n\u0131n be\u015finci dalga operasyonunda g\u00f6zalt\u0131na al\u0131nan 7 \u015f\u00fcpheliden biri daha tutukland\u0131. Son tutuklamayla soru\u015fturma kapsam\u0131nda tutuklu say\u0131s\u0131 30\u2019a y\u00fckselirken, 6 \u015f\u00fcphelinin Erzurum Adliyesi\u2019ndeki i\u015flemleri s\u00fcr\u00fcyor.\u00a0Read More<\/p>\n","protected":false},"author":1,"featured_media":42085,"comment_status":"open","ping_status":"open","sticky":false,"template":"","format":"standard","meta":{"footnotes":"","_links_to":"","_links_to_target":""},"categories":[1],"tags":[],"class_list":["post-42084","post","type-post","status-publish","format-standard","has-post-thumbnail","hentry","category-haberler"],"_links":{"self":[{"href":"https:\/\/www.abchukuk.com\/index.php\/wp-json\/wp\/v2\/posts\/42084","targetHints":{"allow":["GET"]}}],"collection":[{"href":"https:\/\/www.abchukuk.com\/index.php\/wp-json\/wp\/v2\/posts"}],"about":[{"href":"https:\/\/www.abchukuk.com\/index.php\/wp-json\/wp\/v2\/types\/post"}],"author":[{"embeddable":true,"href":"https:\/\/www.abchukuk.com\/index.php\/wp-json\/wp\/v2\/users\/1"}],"replies":[{"embeddable":true,"href":"https:\/\/www.abchukuk.com\/index.php\/wp-json\/wp\/v2\/comments?post=42084"}],"version-history":[{"count":0,"href":"https:\/\/www.abchukuk.com\/index.php\/wp-json\/wp\/v2\/posts\/42084\/revisions"}],"wp:featuredmedia":[{"embeddable":true,"href":"https:\/\/www.abchukuk.com\/index.php\/wp-json\/wp\/v2\/media\/42085"}],"wp:attachment":[{"href":"https:\/\/www.abchukuk.com\/index.php\/wp-json\/wp\/v2\/media?parent=42084"}],"wp:term":[{"taxonomy":"category","embeddable":true,"href":"https:\/\/www.abchukuk.com\/index.php\/wp-json\/wp\/v2\/categories?post=42084"},{"taxonomy":"post_tag","embeddable":true,"href":"https:\/\/www.abchukuk.com\/index.php\/wp-json\/wp\/v2\/tags?post=42084"}],"curies":[{"name":"wp","href":"https:\/\/api.w.org\/{rel}","templated":true}]}}