{"id":42080,"date":"2026-09-01T11:56:53","date_gmt":"2026-09-01T11:56:53","guid":{"rendered":"https:\/\/www.abchukuk.com\/index.php\/2026\/09\/01\/istanbul-bolge-adliye-mahkemesinde-yeni-adli-yilin-acilisi-dolayisiyla-toren-duzenlendi\/"},"modified":"2026-09-01T11:56:53","modified_gmt":"2026-09-01T11:56:53","slug":"istanbul-bolge-adliye-mahkemesinde-yeni-adli-yilin-acilisi-dolayisiyla-toren-duzenlendi","status":"publish","type":"post","link":"https:\/\/www.abchukuk.com\/index.php\/2026\/09\/01\/istanbul-bolge-adliye-mahkemesinde-yeni-adli-yilin-acilisi-dolayisiyla-toren-duzenlendi\/","title":{"rendered":"\u0130stanbul B\u00f6lge Adliye Mahkemesi\u2019nde yeni adli y\u0131l\u0131n a\u00e7\u0131l\u0131\u015f\u0131 dolay\u0131s\u0131yla t\u00f6ren d\u00fczenlendi"},"content":{"rendered":"<p><strong>SON.TV\/\u0130STANBUL<\/strong><\/p>\n<p><strong>\u0130stanbul B\u00f6lge Adliye Mahkemesi<\/strong>\u2018nde<strong> 2026-2027 <\/strong>y\u0131l\u0131n a\u00e7\u0131l\u0131\u015f t\u00f6reni d\u00fczenlendi<strong>. <\/strong>Adliyenin<strong> atrium <\/strong>alan\u0131nda d\u00fczenlenen<strong> t\u00f6ren, sayg\u0131 duru\u015fu ve \u0130stiklal Mar\u015f\u0131\u2019<\/strong>n\u0131n okunmas\u0131yla ba\u015flad\u0131<strong>. T\u00f6rene, \u0130stanbul B\u00f6lge Adliye Mahkemesi Ba\u015fkan\u0131 Hazar Turan Alim, Cumhuriyet Ba\u015fsavc\u0131s\u0131 Metin Sar\u0131han, daire ba\u015fkanlar\u0131, \u00fcyeler, savc\u0131lar ve adliye personeli <\/strong>kat\u0131ld\u0131<strong>.<\/strong><\/p>\n<p><img fetchpriority=\"high\" decoding=\"async\" class=\"alignnone size-medium wp-image-196840\" src=\"https:\/\/www.son.tv\/wp-content\/uploads\/2026\/09\/3bbcd81e-aa63-48df-86b7-032bef675f23-300x225.jpeg\" alt=\"\" width=\"300\" height=\"225\" \/><\/p>\n<p><strong>\u201cYARGI, TOPLUMSAL YA\u015eAMDA D\u00dcZEN DUYGUSUNU YEN\u0130DEN \u00dcRETEN B\u0130R G\u00dc\u00c7T\u00dcR\u201d<\/strong><\/p>\n<p>T\u00f6rende konu\u015fan <strong>\u0130stanbul B\u00f6lge Adliye Mahkemesi Ba\u015fkan\u0131 Hazar Turan Alim<\/strong>, yarg\u0131n\u0131n sadece dosyalar\u0131 karara ba\u011flayan mekanik bir ayg\u0131t olmad\u0131\u011f\u0131n\u0131 aksine toplumsal ya\u015fam\u0131n kritik alanlar\u0131nda \u00f6l\u00e7\u00fcy\u00fc koruyan ve bireylerdeki d\u00fczen duygusunu yeniden \u00fcreten bir g\u00fc\u00e7 oldu\u011funu ifade etti.<br \/>\n<strong>\u0130stanbul B\u00f6lge Adliye Mahkemesi\u2019<\/strong>nin <strong>\u0130stanbul<\/strong>\u2018un hukuki y\u00fck\u00fcn\u00fc g\u00f6\u011f\u00fcsleyen ve derece mahkemeleri ile <strong>Yarg\u0131tay<\/strong> aras\u0131nda k\u00f6pr\u00fc i\u015flevi g\u00f6ren istinaf kanad\u0131n\u0131n en kritik kalesi oldu\u011funu belirten <strong>Alim, \u201cMahkememiz, bu sorumluluk bilinciyle yo\u011fun i\u015f y\u00fck\u00fcyle kararl\u0131l\u0131kla m\u00fccadele eden ve t\u00fcm T\u00fcrkiye\u2019nin istinaf yarg\u0131lamas\u0131 anlam\u0131ndaki y\u00fck\u00fcn\u00fcn yakla\u015f\u0131k d\u00f6rtte birini tek ba\u015f\u0131na kar\u015f\u0131layan bir konuma sahiptir. 1 Ocak 2025-1 Eyl\u00fcl 2025 tarihleri aras\u0131nda hukuk dairelerimize toplam 108 bin 546 dosya gelmi\u015fken, bu y\u0131l ayn\u0131 d\u00f6nem i\u00e7erisinde gelen dosya say\u0131s\u0131 125 bin 427\u2019ye ula\u015fm\u0131\u015ft\u0131r. Ayn\u0131 d\u00f6nemler k\u0131yasland\u0131\u011f\u0131nda ceza dairelerimize ge\u00e7en y\u0131l 110 bin 605 dosya gelirken, bu y\u0131l bu say\u0131 114 bin 791\u2019e y\u00fckselmi\u015ftir. 2026-2027 adli y\u0131l\u0131 itibar\u0131yla hukuk dairesi say\u0131m\u0131z 71\u2019e, ceza dairesi say\u0131m\u0131z 42\u2019ye y\u00fckselmi\u015f, daire ba\u015fkan\u0131 ve hakimlerimizin toplam say\u0131s\u0131 ise 575\u2019e ula\u015fm\u0131\u015ft\u0131r\u201d<\/strong> dedi.<\/p>\n<p><img decoding=\"async\" class=\"alignnone size-medium wp-image-196841\" src=\"https:\/\/www.son.tv\/wp-content\/uploads\/2026\/09\/3420b167-1ed1-4177-b472-b444ed609251-300x225.jpeg\" alt=\"\" width=\"300\" height=\"225\" \/><\/p>\n<p><strong>\u201cADALET H\u0130ZMET\u0130N\u0130N KAL\u0130TES\u0130NE KATKI SA\u011eLAMASINI TEMENN\u0130 ED\u0130YORUM\u201d<\/strong><\/p>\n<p><strong>\u0130stanbul B\u00f6lge Adliye Mahkemesi Cumhuriyet Ba\u015fsavc\u0131s\u0131 Metin Sar\u0131han<\/strong> ise \u201c<strong>t\u00fcm \u00e7al\u0131\u015fanlara yeni adli y\u0131lda sa\u011fl\u0131k, huzur ve kolayl\u0131klar diliyorum. \u00d6zverili \u00e7al\u0131\u015fmalar\u0131n adalet hizmetinin kalitesine ve vatanda\u015flar\u0131n adalete duydu\u011fu g\u00fcvene katk\u0131 sa\u011flamas\u0131 temennisinde bulunuyorum\u201d<\/strong> dedi.<\/p>\n<p><img decoding=\"async\" class=\"alignnone size-medium wp-image-196842\" src=\"https:\/\/www.son.tv\/wp-content\/uploads\/2026\/09\/675ee6c0-fb02-48c5-9cd6-f0af62ec8afe-300x225.jpeg\" alt=\"\" width=\"300\" height=\"225\" \/><\/p>\n<p>Konu\u015fmalar\u0131n ard\u0131ndan emekliye ayr\u0131lan hakim ve savc\u0131lara, plaket, hediye ve \u00e7i\u00e7ek takdim edildi.<\/p>\n<p><img loading=\"lazy\" decoding=\"async\" loading=\"lazy\" class=\"alignnone size-medium wp-image-196843\" src=\"https:\/\/www.son.tv\/wp-content\/uploads\/2026\/09\/b206d2e3-9ac8-4b8c-a154-769c54526d52-300x225.jpeg\" alt=\"\" width=\"300\" height=\"225\" \/> <img loading=\"lazy\" decoding=\"async\" loading=\"lazy\" class=\"alignnone size-medium wp-image-196844\" src=\"https:\/\/www.son.tv\/wp-content\/uploads\/2026\/09\/a11a89f0-e700-4426-91b7-a8f660d2d5cf-300x225.jpeg\" alt=\"\" width=\"300\" height=\"225\" \/> <img loading=\"lazy\" decoding=\"async\" loading=\"lazy\" class=\"alignnone size-medium wp-image-196845\" src=\"https:\/\/www.son.tv\/wp-content\/uploads\/2026\/09\/3d4cc06e-ff54-44ca-9061-7e653d2646ff-300x225.jpeg\" alt=\"\" width=\"300\" height=\"225\" \/><\/p>\n<p><strong>ET\u0130KETLER: #\u0130stanbulB\u00f6lgeAdliyeMahkemesi #\u0130stanbulBAM #HazarTuranAlim #MetinSar\u0131han #YeniAdliY\u0131l #AdliY\u0131l #\u0130stinaf #Yarg\u0131 #\u0130stanbul #SonTV<\/strong><\/p>\n<p>\u0130stanbul B\u00f6lge Adliye Mahkemesi\u2019nde 2026-2027 adli y\u0131l\u0131n\u0131n a\u00e7\u0131l\u0131\u015f\u0131 dolay\u0131s\u0131yla t\u00f6ren d\u00fczenlendi. BAM Ba\u015fkan\u0131 Hazar Turan Alim, \u0130stanbul B\u00f6lge Adliye Mahkemesi\u2019nin T\u00fcrkiye\u2019deki istinaf yarg\u0131lamas\u0131 y\u00fck\u00fcn\u00fcn yakla\u015f\u0131k d\u00f6rtte birini kar\u015f\u0131lad\u0131\u011f\u0131n\u0131 belirtirken, Cumhuriyet Ba\u015fsavc\u0131s\u0131 Metin Sar\u0131han yeni adli y\u0131l\u0131n adalet hizmetinin kalitesine ve vatanda\u015flar\u0131n yarg\u0131ya duydu\u011fu g\u00fcvene katk\u0131 sa\u011flamas\u0131n\u0131 temenni etti.\u00a0<a href=\"https:\/\/www.son.tv\/istanbul-bolge-adliye-mahkemesinde-yeni-adli-yilin-acilisi-dolayisiyla-toren-duzenlendi-c\/\" target=\"_blank\" class=\"feedzy-rss-link-icon\">Read More<\/a><\/p>","protected":false},"excerpt":{"rendered":"<p>SON.TV\/\u0130STANBUL \u0130stanbul B\u00f6lge Adliye Mahkemesi\u2018nde 2026-2027 y\u0131l\u0131n a\u00e7\u0131l\u0131\u015f t\u00f6reni d\u00fczenlendi. Adliyenin atrium alan\u0131nda d\u00fczenlenen t\u00f6ren, sayg\u0131 duru\u015fu ve \u0130stiklal Mar\u015f\u0131\u2019n\u0131n okunmas\u0131yla ba\u015flad\u0131. T\u00f6rene, \u0130stanbul B\u00f6lge Adliye Mahkemesi Ba\u015fkan\u0131 Hazar Turan Alim, Cumhuriyet Ba\u015fsavc\u0131s\u0131 Metin Sar\u0131han, daire ba\u015fkanlar\u0131, \u00fcyeler, savc\u0131lar ve adliye personeli kat\u0131ld\u0131. \u201cYARGI, TOPLUMSAL YA\u015eAMDA D\u00dcZEN DUYGUSUNU YEN\u0130DEN \u00dcRETEN B\u0130R G\u00dc\u00c7T\u00dcR\u201d T\u00f6rende konu\u015fan \u0130stanbul [&hellip;]<\/p>\n","protected":false},"author":1,"featured_media":42081,"comment_status":"open","ping_status":"open","sticky":false,"template":"","format":"standard","meta":{"footnotes":"","_links_to":"","_links_to_target":""},"categories":[1],"tags":[],"class_list":["post-42080","post","type-post","status-publish","format-standard","has-post-thumbnail","hentry","category-haberler"],"_links":{"self":[{"href":"https:\/\/www.abchukuk.com\/index.php\/wp-json\/wp\/v2\/posts\/42080","targetHints":{"allow":["GET"]}}],"collection":[{"href":"https:\/\/www.abchukuk.com\/index.php\/wp-json\/wp\/v2\/posts"}],"about":[{"href":"https:\/\/www.abchukuk.com\/index.php\/wp-json\/wp\/v2\/types\/post"}],"author":[{"embeddable":true,"href":"https:\/\/www.abchukuk.com\/index.php\/wp-json\/wp\/v2\/users\/1"}],"replies":[{"embeddable":true,"href":"https:\/\/www.abchukuk.com\/index.php\/wp-json\/wp\/v2\/comments?post=42080"}],"version-history":[{"count":0,"href":"https:\/\/www.abchukuk.com\/index.php\/wp-json\/wp\/v2\/posts\/42080\/revisions"}],"wp:featuredmedia":[{"embeddable":true,"href":"https:\/\/www.abchukuk.com\/index.php\/wp-json\/wp\/v2\/media\/42081"}],"wp:attachment":[{"href":"https:\/\/www.abchukuk.com\/index.php\/wp-json\/wp\/v2\/media?parent=42080"}],"wp:term":[{"taxonomy":"category","embeddable":true,"href":"https:\/\/www.abchukuk.com\/index.php\/wp-json\/wp\/v2\/categories?post=42080"},{"taxonomy":"post_tag","embeddable":true,"href":"https:\/\/www.abchukuk.com\/index.php\/wp-json\/wp\/v2\/tags?post=42080"}],"curies":[{"name":"wp","href":"https:\/\/api.w.org\/{rel}","templated":true}]}}