{"id":42077,"date":"2026-09-01T08:32:46","date_gmt":"2026-09-01T08:32:46","guid":{"rendered":"https:\/\/www.abchukuk.com\/index.php\/2026\/09\/01\/ultra-ortodoks-yahudiler-eladda-tutuklu-yeshiva-ogrencisinin-tahliyesini-kutluyor\/"},"modified":"2026-09-01T08:32:46","modified_gmt":"2026-09-01T08:32:46","slug":"ultra-ortodoks-yahudiler-eladda-tutuklu-yeshiva-ogrencisinin-tahliyesini-kutluyor","status":"publish","type":"post","link":"https:\/\/www.abchukuk.com\/index.php\/2026\/09\/01\/ultra-ortodoks-yahudiler-eladda-tutuklu-yeshiva-ogrencisinin-tahliyesini-kutluyor\/","title":{"rendered":"Ultra-Ortodoks Yahudiler Elad&#8217;da tutuklu yeshiva \u00f6\u011frencisinin tahliyesini kutluyor"},"content":{"rendered":"<p>\u0130srail\u2019de Haredilerin zorunlu askerli\u011fine ili\u015fkin tart\u0131\u015fmalar s\u00fcrerken, Elad\u2019daki haham okulu \u00f6\u011frencisi asker\u00ee cezaevinden \u00e7\u0131k\u0131nca Haredi erkekler onu kar\u015f\u0131lad\u0131.\u0130srail\u2019de Haredilerin zorunlu askerli\u011fine ili\u015fkin tart\u0131\u015fmalar s\u00fcrerken, Elad\u2019daki haham okulu \u00f6\u011frencisi asker\u00ee cezaevinden \u00e7\u0131k\u0131nca Haredi erkekler onu kar\u015f\u0131lad\u0131.\u00a0<a href=\"http:\/\/tr.euronews.com\/video\/2026\/09\/01\/ultra-ortodoks-yahudiler-eladda-tutuklu-yeshiva-ogrencisinin-tahliyesini-kutluyor\" target=\"_blank\" class=\"feedzy-rss-link-icon\">Read More<\/a><\/p>","protected":false},"excerpt":{"rendered":"<p>\u0130srail\u2019de Haredilerin zorunlu askerli\u011fine ili\u015fkin tart\u0131\u015fmalar s\u00fcrerken, Elad\u2019daki haham okulu \u00f6\u011frencisi asker\u00ee cezaevinden \u00e7\u0131k\u0131nca Haredi erkekler onu kar\u015f\u0131lad\u0131.\u0130srail\u2019de Haredilerin zorunlu askerli\u011fine ili\u015fkin tart\u0131\u015fmalar s\u00fcrerken, Elad\u2019daki haham okulu \u00f6\u011frencisi asker\u00ee cezaevinden \u00e7\u0131k\u0131nca Haredi erkekler onu kar\u015f\u0131lad\u0131.\u00a0Read More<\/p>\n","protected":false},"author":1,"featured_media":0,"comment_status":"open","ping_status":"open","sticky":false,"template":"","format":"standard","meta":{"footnotes":"","_links_to":"","_links_to_target":""},"categories":[1],"tags":[],"class_list":["post-42077","post","type-post","status-publish","format-standard","hentry","category-haberler"],"_links":{"self":[{"href":"https:\/\/www.abchukuk.com\/index.php\/wp-json\/wp\/v2\/posts\/42077","targetHints":{"allow":["GET"]}}],"collection":[{"href":"https:\/\/www.abchukuk.com\/index.php\/wp-json\/wp\/v2\/posts"}],"about":[{"href":"https:\/\/www.abchukuk.com\/index.php\/wp-json\/wp\/v2\/types\/post"}],"author":[{"embeddable":true,"href":"https:\/\/www.abchukuk.com\/index.php\/wp-json\/wp\/v2\/users\/1"}],"replies":[{"embeddable":true,"href":"https:\/\/www.abchukuk.com\/index.php\/wp-json\/wp\/v2\/comments?post=42077"}],"version-history":[{"count":0,"href":"https:\/\/www.abchukuk.com\/index.php\/wp-json\/wp\/v2\/posts\/42077\/revisions"}],"wp:attachment":[{"href":"https:\/\/www.abchukuk.com\/index.php\/wp-json\/wp\/v2\/media?parent=42077"}],"wp:term":[{"taxonomy":"category","embeddable":true,"href":"https:\/\/www.abchukuk.com\/index.php\/wp-json\/wp\/v2\/categories?post=42077"},{"taxonomy":"post_tag","embeddable":true,"href":"https:\/\/www.abchukuk.com\/index.php\/wp-json\/wp\/v2\/tags?post=42077"}],"curies":[{"name":"wp","href":"https:\/\/api.w.org\/{rel}","templated":true}]}}