{"id":42074,"date":"2026-09-01T09:05:12","date_gmt":"2026-09-01T09:05:12","guid":{"rendered":"https:\/\/www.abchukuk.com\/index.php\/2026\/09\/01\/avukat-katilinden-korkunc-sozler-zaten-olecekti-vakit-gelmisti\/"},"modified":"2026-09-01T09:05:12","modified_gmt":"2026-09-01T09:05:12","slug":"avukat-katilinden-korkunc-sozler-zaten-olecekti-vakit-gelmisti","status":"publish","type":"post","link":"https:\/\/www.abchukuk.com\/index.php\/2026\/09\/01\/avukat-katilinden-korkunc-sozler-zaten-olecekti-vakit-gelmisti\/","title":{"rendered":"Avukat katilinden korkun\u00e7 s\u00f6zler! &#8220;Zaten \u00f6lecekti vakit gelmi\u015fti&#8221;"},"content":{"rendered":"<p>\u0130zmir&#8217;de do\u011fa y\u00fcr\u00fcy\u00fc\u015f\u00fc yapan avukat Ali Ayd\u0131n&#8217;\u0131 \u00f6ld\u00fcrd\u00fc\u011f\u00fc gerek\u00e7esiyle tutuklanan san\u0131k hakk\u0131nda iddianame haz\u0131rland\u0131. Korkun\u00e7 olayda, M.D.E. adl\u0131 san\u0131\u011f\u0131n ifadesinde su\u00e7lamay\u0131 kabul etti\u011fi aktar\u0131larak, &#8220;Maktul\u00fc ben \u00f6ld\u00fcrd\u00fcm, zaten \u00f6lecekti vakit gelmi\u015fti, ben vesile oldum. Bu \u015fah\u0131s zaten \u00f6lmeyi hak ediyordu. \u00d6nce sopayla vurdum, daha sonra kafas\u0131na ta\u015fla vurdum, \u00f6lmesini istedim.&#8221; \u015feklindeki s\u00f6zlerine yer verildi\u0130zmir&#8217;de do\u011fa y\u00fcr\u00fcy\u00fc\u015f\u00fc yapan avukat Ali Ayd\u0131n&#8217;\u0131 \u00f6ld\u00fcrd\u00fc\u011f\u00fc gerek\u00e7esiyle tutuklanan san\u0131k hakk\u0131nda iddianame haz\u0131rland\u0131. Korkun\u00e7 olayda, M.D.E. adl\u0131 san\u0131\u011f\u0131n ifadesinde su\u00e7lamay\u0131 kabul etti\u011fi aktar\u0131larak, &#8220;Maktul\u00fc ben \u00f6ld\u00fcrd\u00fcm, zaten \u00f6lecekti vakit gelmi\u015fti, ben vesile oldum. Bu \u015fah\u0131s zaten \u00f6lmeyi hak ediyordu. \u00d6nce sopayla vurdum, daha sonra kafas\u0131na ta\u015fla vurdum, \u00f6lmesini istedim.&#8221; \u015feklindeki s\u00f6zlerine yer verildi\u00a0<a href=\"https:\/\/www.haberturk.com\/son-dakika-avukat-katilinden-korkunc-sozler-zaten-olecekti-vakit-gelmisti--3909511\" target=\"_blank\" class=\"feedzy-rss-link-icon\">Read More<\/a><\/p>","protected":false},"excerpt":{"rendered":"<p>\u0130zmir&#8217;de do\u011fa y\u00fcr\u00fcy\u00fc\u015f\u00fc yapan avukat Ali Ayd\u0131n&#8217;\u0131 \u00f6ld\u00fcrd\u00fc\u011f\u00fc gerek\u00e7esiyle tutuklanan san\u0131k hakk\u0131nda iddianame haz\u0131rland\u0131. Korkun\u00e7 olayda, M.D.E. adl\u0131 san\u0131\u011f\u0131n ifadesinde su\u00e7lamay\u0131 kabul etti\u011fi aktar\u0131larak, &#8220;Maktul\u00fc ben \u00f6ld\u00fcrd\u00fcm, zaten \u00f6lecekti vakit gelmi\u015fti, ben vesile oldum. Bu \u015fah\u0131s zaten \u00f6lmeyi hak ediyordu. \u00d6nce sopayla vurdum, daha sonra kafas\u0131na ta\u015fla vurdum, \u00f6lmesini istedim.&#8221; \u015feklindeki s\u00f6zlerine yer verildi\u0130zmir&#8217;de do\u011fa [&hellip;]<\/p>\n","protected":false},"author":1,"featured_media":0,"comment_status":"open","ping_status":"open","sticky":false,"template":"","format":"standard","meta":{"footnotes":"","_links_to":"","_links_to_target":""},"categories":[1],"tags":[],"class_list":["post-42074","post","type-post","status-publish","format-standard","hentry","category-haberler"],"_links":{"self":[{"href":"https:\/\/www.abchukuk.com\/index.php\/wp-json\/wp\/v2\/posts\/42074","targetHints":{"allow":["GET"]}}],"collection":[{"href":"https:\/\/www.abchukuk.com\/index.php\/wp-json\/wp\/v2\/posts"}],"about":[{"href":"https:\/\/www.abchukuk.com\/index.php\/wp-json\/wp\/v2\/types\/post"}],"author":[{"embeddable":true,"href":"https:\/\/www.abchukuk.com\/index.php\/wp-json\/wp\/v2\/users\/1"}],"replies":[{"embeddable":true,"href":"https:\/\/www.abchukuk.com\/index.php\/wp-json\/wp\/v2\/comments?post=42074"}],"version-history":[{"count":0,"href":"https:\/\/www.abchukuk.com\/index.php\/wp-json\/wp\/v2\/posts\/42074\/revisions"}],"wp:attachment":[{"href":"https:\/\/www.abchukuk.com\/index.php\/wp-json\/wp\/v2\/media?parent=42074"}],"wp:term":[{"taxonomy":"category","embeddable":true,"href":"https:\/\/www.abchukuk.com\/index.php\/wp-json\/wp\/v2\/categories?post=42074"},{"taxonomy":"post_tag","embeddable":true,"href":"https:\/\/www.abchukuk.com\/index.php\/wp-json\/wp\/v2\/tags?post=42074"}],"curies":[{"name":"wp","href":"https:\/\/api.w.org\/{rel}","templated":true}]}}