{"id":42072,"date":"2026-09-01T09:07:00","date_gmt":"2026-09-01T09:07:00","guid":{"rendered":"https:\/\/www.abchukuk.com\/index.php\/2026\/09\/01\/yeni-adli-yil-basladi-yargitay-uyelerinden-anitkabire-ziyaret\/"},"modified":"2026-09-01T09:07:00","modified_gmt":"2026-09-01T09:07:00","slug":"yeni-adli-yil-basladi-yargitay-uyelerinden-anitkabire-ziyaret","status":"publish","type":"post","link":"https:\/\/www.abchukuk.com\/index.php\/2026\/09\/01\/yeni-adli-yil-basladi-yargitay-uyelerinden-anitkabire-ziyaret\/","title":{"rendered":"Yeni adli y\u0131l ba\u015flad\u0131: Yarg\u0131tay \u00fcyelerinden An\u0131tkabir\u2019e ziyaret"},"content":{"rendered":"<p>Yarg\u0131tay Ba\u015fkan\u0131 \u00d6mer Kerkez ve beraberindeki Yarg\u0131tay \u00fcyeleri, 2026-2027 Adli Y\u0131l\u0131\u2019n\u0131n a\u00e7\u0131l\u0131\u015f\u0131 dolay\u0131s\u0131yla An\u0131tkabir\u2019i ziyaret etti. An\u0131tkabir \u00d6zel Defteri\u2019ni imzalayan Kerkez, \u201cBizlere emanet etti\u011finiz bu \u00fclkede adalet hizmetlerini en g\u00fczel \u015fekilde sunmaya kararl\u0131l\u0131kla devam edece\u011fimize s\u00f6z veriyoruz\u201d ifadelerini kulland\u0131.Yarg\u0131tay Ba\u015fkan\u0131 \u00d6mer Kerkez ve beraberindeki Yarg\u0131tay \u00fcyeleri, 2026-2027 Adli Y\u0131l\u0131\u2019n\u0131n a\u00e7\u0131l\u0131\u015f\u0131 dolay\u0131s\u0131yla An\u0131tkabir\u2019i ziyaret etti. An\u0131tkabir \u00d6zel Defteri\u2019ni imzalayan Kerkez, \u201cBizlere emanet etti\u011finiz bu \u00fclkede adalet hizmetlerini en g\u00fczel \u015fekilde sunmaya kararl\u0131l\u0131kla devam edece\u011fimize s\u00f6z veriyoruz\u201d ifadelerini kulland\u0131.\u00a0<a href=\"https:\/\/www.cumhuriyet.com.tr\/turkiye\/yeni-adli-yil-basladi-yargitay-uyelerinden-anitkabir-e-ziyaret-2533998\" target=\"_blank\" class=\"feedzy-rss-link-icon\">Read More<\/a><\/p>","protected":false},"excerpt":{"rendered":"<p>Yarg\u0131tay Ba\u015fkan\u0131 \u00d6mer Kerkez ve beraberindeki Yarg\u0131tay \u00fcyeleri, 2026-2027 Adli Y\u0131l\u0131\u2019n\u0131n a\u00e7\u0131l\u0131\u015f\u0131 dolay\u0131s\u0131yla An\u0131tkabir\u2019i ziyaret etti. An\u0131tkabir \u00d6zel Defteri\u2019ni imzalayan Kerkez, \u201cBizlere emanet etti\u011finiz bu \u00fclkede adalet hizmetlerini en g\u00fczel \u015fekilde sunmaya kararl\u0131l\u0131kla devam edece\u011fimize s\u00f6z veriyoruz\u201d ifadelerini kulland\u0131.Yarg\u0131tay Ba\u015fkan\u0131 \u00d6mer Kerkez ve beraberindeki Yarg\u0131tay \u00fcyeleri, 2026-2027 Adli Y\u0131l\u0131\u2019n\u0131n a\u00e7\u0131l\u0131\u015f\u0131 dolay\u0131s\u0131yla An\u0131tkabir\u2019i ziyaret etti. An\u0131tkabir [&hellip;]<\/p>\n","protected":false},"author":1,"featured_media":42073,"comment_status":"open","ping_status":"open","sticky":false,"template":"","format":"standard","meta":{"footnotes":"","_links_to":"","_links_to_target":""},"categories":[1],"tags":[],"class_list":["post-42072","post","type-post","status-publish","format-standard","has-post-thumbnail","hentry","category-haberler"],"_links":{"self":[{"href":"https:\/\/www.abchukuk.com\/index.php\/wp-json\/wp\/v2\/posts\/42072","targetHints":{"allow":["GET"]}}],"collection":[{"href":"https:\/\/www.abchukuk.com\/index.php\/wp-json\/wp\/v2\/posts"}],"about":[{"href":"https:\/\/www.abchukuk.com\/index.php\/wp-json\/wp\/v2\/types\/post"}],"author":[{"embeddable":true,"href":"https:\/\/www.abchukuk.com\/index.php\/wp-json\/wp\/v2\/users\/1"}],"replies":[{"embeddable":true,"href":"https:\/\/www.abchukuk.com\/index.php\/wp-json\/wp\/v2\/comments?post=42072"}],"version-history":[{"count":0,"href":"https:\/\/www.abchukuk.com\/index.php\/wp-json\/wp\/v2\/posts\/42072\/revisions"}],"wp:featuredmedia":[{"embeddable":true,"href":"https:\/\/www.abchukuk.com\/index.php\/wp-json\/wp\/v2\/media\/42073"}],"wp:attachment":[{"href":"https:\/\/www.abchukuk.com\/index.php\/wp-json\/wp\/v2\/media?parent=42072"}],"wp:term":[{"taxonomy":"category","embeddable":true,"href":"https:\/\/www.abchukuk.com\/index.php\/wp-json\/wp\/v2\/categories?post=42072"},{"taxonomy":"post_tag","embeddable":true,"href":"https:\/\/www.abchukuk.com\/index.php\/wp-json\/wp\/v2\/tags?post=42072"}],"curies":[{"name":"wp","href":"https:\/\/api.w.org\/{rel}","templated":true}]}}