{"id":42071,"date":"2026-09-01T09:19:49","date_gmt":"2026-09-01T09:19:49","guid":{"rendered":"https:\/\/www.abchukuk.com\/index.php\/2026\/09\/01\/arif-kocabiyik-tir-dorsesinde-yakalandi-adliyeye-sevk-edilirken-anamur-dedi\/"},"modified":"2026-09-01T09:19:49","modified_gmt":"2026-09-01T09:19:49","slug":"arif-kocabiyik-tir-dorsesinde-yakalandi-adliyeye-sevk-edilirken-anamur-dedi","status":"publish","type":"post","link":"https:\/\/www.abchukuk.com\/index.php\/2026\/09\/01\/arif-kocabiyik-tir-dorsesinde-yakalandi-adliyeye-sevk-edilirken-anamur-dedi\/","title":{"rendered":"Arif Kocab\u0131y\u0131k t\u0131r dorsesinde yakaland\u0131: Adliyeye sevk edilirken \u201cAnamur\u201d dedi!"},"content":{"rendered":"<p><strong>SON.TV\/ED\u0130RNE<\/strong> \u2013<\/p>\n<p>Hakk\u0131ndaki yurt d\u0131\u015f\u0131na \u00e7\u0131k\u0131\u015f yasa\u011f\u0131na ra\u011fmen <strong>Bulgaristan<\/strong>\u2019a ge\u00e7meye \u00e7al\u0131\u015f\u0131rken <strong>Kap\u0131kule S\u0131n\u0131r Kap\u0131s\u0131\u2019<\/strong>nda yakalanan <strong>YouTuber<\/strong> <strong>Arif<\/strong> <strong>Kocab\u0131y\u0131k<\/strong> hakk\u0131ndaki adli s\u00fcre\u00e7 devam ediyor.<\/p>\n<p><strong>Kocab\u0131y\u0131k<\/strong> ve kulland\u0131\u011f\u0131 t\u0131rda iki ki\u015finin gizlendi\u011fi belirlenen s\u00fcr\u00fcc\u00fc, g\u00f6zalt\u0131 i\u015flemlerinin tamamlanmas\u0131n\u0131n ard\u0131ndan <strong>Edirne Adliyesi<\/strong>\u2019ne sevk edildi.<\/p>\n<p><strong>TIR DORSES\u0130N\u0130N ALTINDA \u0130K\u0130 K\u0130\u015e\u0130 TESP\u0130T ED\u0130LD\u0130<\/strong><\/p>\n<p>Olay<strong>, 31 A\u011fustos 2026<\/strong> g\u00fcn\u00fc saat 15.11 s\u0131ralar\u0131nda <strong>Kap\u0131kule G\u00fcmr\u00fck Sahas<\/strong>\u0131\u2019nda meydana geldi.<\/p>\n<p><strong>Bulgaristan<\/strong>\u2019a \u00e7\u0131k\u0131\u015f yapmak \u00fczere s\u0131n\u0131r kap\u0131s\u0131na gelen <strong>42 \u2026 \u2026 \u00a0plakal\u0131<\/strong> \u00e7ekici ve <strong>42 \u2026 \u2026 plakal\u0131<\/strong> t\u0131r dorsesi, G\u00fcmr\u00fck Muhafaza ekipleri taraf\u0131ndan arama ve kontrole al\u0131nd\u0131.<\/p>\n<p>Ekiplerin yapt\u0131\u011f\u0131 kontrolde t\u0131r\u0131n dorsesinin alt\u0131nda gizlenen iki ki\u015fi tespit edildi. Bulunduklar\u0131 yerden \u00e7\u0131kar\u0131lan ki\u015filerin <strong>YouTuber Arif Kocab\u0131y\u0131k<\/strong> ile \u0130ran vatanda\u015f\u0131 <strong>Shayan Peiman Samad<\/strong>i oldu\u011fu belirlendi.<\/p>\n<p><strong>YURT DI\u015eINA \u00c7IKI\u015e YASA\u011eI BULUNDU\u011eU TESP\u0130T ED\u0130LD\u0130<\/strong><\/p>\n<p><strong>Kocab\u0131y\u0131k<\/strong> hakk\u0131nda yap\u0131lan sorgulamada <strong>Antalya 35. Asliye Ceza Mahkemesi<\/strong> taraf\u0131ndan verilmi\u015f yurt d\u0131\u015f\u0131na \u00e7\u0131k\u0131\u015f yasa\u011f\u0131n\u0131n bulundu\u011fu tespit edildi.<\/p>\n<p>S\u00f6z konusu tedbirin, <strong>T\u00fcrk Ceza Kanunu\u2019nun 299\/1. maddesi<\/strong>nde d\u00fczenlenen \u201c<strong>Cumhurba\u015fkan\u0131na hakaret\u201d<\/strong> su\u00e7lamas\u0131 kapsam\u0131nda g\u00f6r\u00fclen dava nedeniyle uyguland\u0131\u011f\u0131 belirtildi.<\/p>\n<p>Hakk\u0131ndaki yurt d\u0131\u015f\u0131na \u00e7\u0131k\u0131\u015f yasa\u011f\u0131n\u0131n devam etti\u011fi belirlenen <strong>Kocab\u0131y\u0131<\/strong>k\u2019\u0131n <strong>Bulgaristan<\/strong>\u2019a ge\u00e7mek amac\u0131yla t\u0131r dorsesinin alt\u0131na gizlendi\u011fi tespit edildi.<\/p>\n<p><strong>KOCABIYIK VE TIR \u015eOF\u00d6R\u00dc G\u00d6ZALTINA ALINDI<\/strong><\/p>\n<p>Olay\u0131n ortaya \u00e7\u0131kmas\u0131n\u0131n ard\u0131ndan <strong>Edirne Cumhuriyet Ba\u015fsavc\u0131l\u0131\u011f\u0131<\/strong>n\u0131n talimat\u0131yla adli i\u015flem ba\u015flat\u0131ld\u0131.<\/p>\n<p><strong>Arif Kocab\u0131y\u0131k<\/strong> ile t\u0131r s\u00fcr\u00fcc\u00fcs\u00fc <strong>Muhterem Alt\u0131nta\u015f<\/strong> g\u00f6zalt\u0131na al\u0131n\u0131rken, dorsenin alt\u0131nda Kocab\u0131y\u0131k ile birlikte bulunan <strong>\u0130ran<\/strong> vatanda\u015f\u0131 <strong>Shayan Peiman Samadi<\/strong> ise<strong> \u0130l G\u00f6\u00e7 \u0130dares<\/strong>i\u2019ne teslim edildi.<\/p>\n<p><strong>Kocab\u0131y\u0131k<\/strong> ve t\u0131r s\u00fcr\u00fcc\u00fcs\u00fc, g\u00f6zalt\u0131ndaki i\u015flemlerinin ard\u0131ndan sa\u011fl\u0131k kontrol\u00fcnden ge\u00e7irildi.<\/p>\n<p><strong>ADL\u0130YEYE SEVK ED\u0130LD\u0130LER<\/strong><\/p>\n<p>G\u00f6zalt\u0131 i\u015flemleri tamamlanan <strong>Arif Kocab\u0131y\u0131k<\/strong> ile t\u0131r s\u00fcr\u00fcc\u00fcs\u00fc <strong>Muhterem Alt\u0131nta\u015f, 1 Eyl\u00fcl sabah\u0131 Edirne Adliyesi\u2019<\/strong>ne sevk edildi.<\/p>\n<p><strong>Kocab\u0131y\u0131k<\/strong> ile t\u0131r s\u00fcr\u00fcc\u00fcs\u00fc, savc\u0131l\u0131k i\u015flemleri i\u00e7in adliyeye g\u00f6t\u00fcr\u00fcld\u00fc.<\/p>\n<p>\u201c<strong>NEREYE KA\u00c7ACAKTIN?\u201d SORUSUNA \u201cANAMUR\u201d YANITI<\/strong><\/p>\n<p><strong>Arif Kocab\u0131y\u0131k<\/strong>\u2019\u0131n adliyeye getirili\u015fi s\u0131ras\u0131nda bas\u0131n mensuplar\u0131 kendisine sorular y\u00f6neltti.<\/p>\n<p>Bir gazetecinin, \u201c<strong>Nereye ka\u00e7acakt\u0131n?<\/strong>\u201d sorusuna <strong>Kocab\u0131y\u0131k<\/strong> k\u0131sa bir yan\u0131t vererek:<\/p>\n<p><strong>\u201cAnamur\u201d <\/strong>dedi.<\/p>\n<p><strong>Kocab\u0131y\u0131k<\/strong>\u2019\u0131n <strong>Bulgaristan<\/strong>\u2019a \u00e7\u0131k\u0131\u015f yapmak \u00fczere <strong>Kap\u0131kule G\u00fcmr\u00fck Sahas\u0131<\/strong>\u2019na gelen t\u0131r\u0131n dorsesinin alt\u0131nda yakalanmas\u0131na kar\u015f\u0131n gazetecilerin sorusuna \u201c<strong>Anamur<\/strong>\u201d yan\u0131t\u0131n\u0131 vermesi sosyal medyada da g\u00fcndem oldu.<\/p>\n<p><strong>GE\u00c7M\u0130\u015eTEK\u0130 S\u00d6ZLER\u0130 YEN\u0130DEN G\u00dcNDEME GELD\u0130<\/strong><\/p>\n<p><strong>Kocab\u0131y\u0131k<\/strong>\u2019\u0131n daha \u00f6nce yapt\u0131\u011f\u0131 bir sokak r\u00f6portaj\u0131ndaki s\u00f6zleri de olay\u0131n ard\u0131ndan sosyal medyada yeniden payla\u015f\u0131lmaya ba\u015fland\u0131.<\/p>\n<p><strong>Kocab\u0131y\u0131k<\/strong>\u2019\u0131n s\u00f6z konusu r\u00f6portajda bir Suriyeli s\u0131\u011f\u0131nmac\u0131ya \u00fclkesini terk etmesi \u00fczerinden y\u00f6neltti\u011fi ifadeler, <strong>Kap\u0131kule<\/strong>\u2019de ya\u015fanan olay\u0131n ard\u0131ndan yeniden g\u00fcndeme ta\u015f\u0131nd\u0131.<\/p>\n<p><strong>SORU\u015eTURMA ED\u0130RNE\u2019DE S\u00dcR\u00dcYOR<\/strong><\/p>\n<p><strong>Edirne Cumhuriyet Ba\u015fsavc\u0131l\u0131\u011f<\/strong>\u0131nca y\u00fcr\u00fct\u00fclen adli s\u00fcre\u00e7 kapsam\u0131nda <strong>Kocab\u0131y\u0131k<\/strong> ile t\u0131r s\u00fcr\u00fcc\u00fcs\u00fcn\u00fcn savc\u0131l\u0131k i\u015flemleri devam ediyor.<\/p>\n<p><strong>Kocab\u0131y\u0131k<\/strong>\u2019\u0131n t\u0131r dorsesinin alt\u0131nda Bulgaristan\u2019a ge\u00e7meye \u00e7al\u0131\u015f\u0131rken yakalanmas\u0131na ili\u015fkin soru\u015fturman\u0131n sonucunda haklar\u0131nda uygulanacak adli i\u015flem, savc\u0131l\u0131k sorgular\u0131n\u0131n ard\u0131ndan netle\u015fecek.<\/p>\n<p><strong>ET\u0130KETLER: #ArifKocab\u0131y\u0131k #Kap\u0131kule #Edirne #Bulgaristan #T\u0131r #EdirneAdliyesi #EdirneCumhuriyetBa\u015fsavc\u0131l\u0131\u011f\u0131 #G\u00fcmr\u00fckMuhafaza #Anamur<\/strong><\/p>\n<p>Hakk\u0131nda yurt d\u0131\u015f\u0131na \u00e7\u0131k\u0131\u015f yasa\u011f\u0131 bulunan YouTuber Arif Kocab\u0131y\u0131k, Kap\u0131kule S\u0131n\u0131r Kap\u0131s\u0131\u2019nda Bulgaristan\u2019a ge\u00e7mek \u00fczere olan t\u0131r\u0131n dorsesinin alt\u0131nda gizlenmi\u015f halde yakaland\u0131. Kocab\u0131y\u0131k ile t\u0131r s\u00fcr\u00fcc\u00fcs\u00fc g\u00f6zalt\u0131 i\u015flemlerinin ard\u0131ndan Edirne Adliyesi\u2019ne sevk edilirken, gazetecilerin \u201cNereye ka\u00e7acakt\u0131n?\u201d sorusuna \u201cAnamur\u201d yan\u0131t\u0131n\u0131 verdi.\u00a0<a href=\"https:\/\/www.son.tv\/arif-kocabiyik-tir-dorsesinde-yakalandi-adliyeye-sevk-edilirken-anamur-dedi\/\" target=\"_blank\" class=\"feedzy-rss-link-icon\">Read More<\/a><\/p>","protected":false},"excerpt":{"rendered":"<p>SON.TV\/ED\u0130RNE \u2013 Hakk\u0131ndaki yurt d\u0131\u015f\u0131na \u00e7\u0131k\u0131\u015f yasa\u011f\u0131na ra\u011fmen Bulgaristan\u2019a ge\u00e7meye \u00e7al\u0131\u015f\u0131rken Kap\u0131kule S\u0131n\u0131r Kap\u0131s\u0131\u2019nda yakalanan YouTuber Arif Kocab\u0131y\u0131k hakk\u0131ndaki adli s\u00fcre\u00e7 devam ediyor. Kocab\u0131y\u0131k ve kulland\u0131\u011f\u0131 t\u0131rda iki ki\u015finin gizlendi\u011fi belirlenen s\u00fcr\u00fcc\u00fc, g\u00f6zalt\u0131 i\u015flemlerinin tamamlanmas\u0131n\u0131n ard\u0131ndan Edirne Adliyesi\u2019ne sevk edildi. TIR DORSES\u0130N\u0130N ALTINDA \u0130K\u0130 K\u0130\u015e\u0130 TESP\u0130T ED\u0130LD\u0130 Olay, 31 A\u011fustos 2026 g\u00fcn\u00fc saat 15.11 s\u0131ralar\u0131nda [&hellip;]<\/p>\n","protected":false},"author":1,"featured_media":0,"comment_status":"open","ping_status":"open","sticky":false,"template":"","format":"standard","meta":{"footnotes":"","_links_to":"","_links_to_target":""},"categories":[1],"tags":[],"class_list":["post-42071","post","type-post","status-publish","format-standard","hentry","category-haberler"],"_links":{"self":[{"href":"https:\/\/www.abchukuk.com\/index.php\/wp-json\/wp\/v2\/posts\/42071","targetHints":{"allow":["GET"]}}],"collection":[{"href":"https:\/\/www.abchukuk.com\/index.php\/wp-json\/wp\/v2\/posts"}],"about":[{"href":"https:\/\/www.abchukuk.com\/index.php\/wp-json\/wp\/v2\/types\/post"}],"author":[{"embeddable":true,"href":"https:\/\/www.abchukuk.com\/index.php\/wp-json\/wp\/v2\/users\/1"}],"replies":[{"embeddable":true,"href":"https:\/\/www.abchukuk.com\/index.php\/wp-json\/wp\/v2\/comments?post=42071"}],"version-history":[{"count":0,"href":"https:\/\/www.abchukuk.com\/index.php\/wp-json\/wp\/v2\/posts\/42071\/revisions"}],"wp:attachment":[{"href":"https:\/\/www.abchukuk.com\/index.php\/wp-json\/wp\/v2\/media?parent=42071"}],"wp:term":[{"taxonomy":"category","embeddable":true,"href":"https:\/\/www.abchukuk.com\/index.php\/wp-json\/wp\/v2\/categories?post=42071"},{"taxonomy":"post_tag","embeddable":true,"href":"https:\/\/www.abchukuk.com\/index.php\/wp-json\/wp\/v2\/tags?post=42071"}],"curies":[{"name":"wp","href":"https:\/\/api.w.org\/{rel}","templated":true}]}}