{"id":42069,"date":"2026-09-01T07:29:43","date_gmt":"2026-09-01T07:29:43","guid":{"rendered":"https:\/\/www.abchukuk.com\/index.php\/2026\/09\/01\/abddeki-cami-saldirisinin-canli-yayinini-dagitan-genc-yetiskin-olarak-yargilanacak\/"},"modified":"2026-09-01T07:29:43","modified_gmt":"2026-09-01T07:29:43","slug":"abddeki-cami-saldirisinin-canli-yayinini-dagitan-genc-yetiskin-olarak-yargilanacak","status":"publish","type":"post","link":"https:\/\/www.abchukuk.com\/index.php\/2026\/09\/01\/abddeki-cami-saldirisinin-canli-yayinini-dagitan-genc-yetiskin-olarak-yargilanacak\/","title":{"rendered":"ABD&#8217;deki cami sald\u0131r\u0131s\u0131n\u0131n canl\u0131 yay\u0131n\u0131n\u0131 da\u011f\u0131tan gen\u00e7, yeti\u015fkin olarak yarg\u0131lanacak"},"content":{"rendered":"<p>ABD&#8217;li Savc\u0131 James O&#8217;Neill&#8217;in ofisinden yap\u0131lan a\u00e7\u0131klamaya g\u00f6re, 17 ya\u015f\u0131ndaki Sarah Santiago yeti\u015fkin olarak yarg\u0131lanacak.ABD&#8217;li Savc\u0131 James O&#8217;Neill&#8217;in ofisinden yap\u0131lan a\u00e7\u0131klamaya g\u00f6re, 17 ya\u015f\u0131ndaki Sarah Santiago yeti\u015fkin olarak yarg\u0131lanacak.\u00a0<a href=\"http:\/\/tr.euronews.com\/2026\/09\/01\/abddeki-cami-saldirisinin-canli-yayinini-dagitan-genc-yetiskin-olarak-yargilanacak\" target=\"_blank\" class=\"feedzy-rss-link-icon\">Read More<\/a><\/p>","protected":false},"excerpt":{"rendered":"<p>ABD&#8217;li Savc\u0131 James O&#8217;Neill&#8217;in ofisinden yap\u0131lan a\u00e7\u0131klamaya g\u00f6re, 17 ya\u015f\u0131ndaki Sarah Santiago yeti\u015fkin olarak yarg\u0131lanacak.ABD&#8217;li Savc\u0131 James O&#8217;Neill&#8217;in ofisinden yap\u0131lan a\u00e7\u0131klamaya g\u00f6re, 17 ya\u015f\u0131ndaki Sarah Santiago yeti\u015fkin olarak yarg\u0131lanacak.\u00a0Read More<\/p>\n","protected":false},"author":1,"featured_media":0,"comment_status":"open","ping_status":"open","sticky":false,"template":"","format":"standard","meta":{"footnotes":"","_links_to":"","_links_to_target":""},"categories":[1],"tags":[],"class_list":["post-42069","post","type-post","status-publish","format-standard","hentry","category-haberler"],"_links":{"self":[{"href":"https:\/\/www.abchukuk.com\/index.php\/wp-json\/wp\/v2\/posts\/42069","targetHints":{"allow":["GET"]}}],"collection":[{"href":"https:\/\/www.abchukuk.com\/index.php\/wp-json\/wp\/v2\/posts"}],"about":[{"href":"https:\/\/www.abchukuk.com\/index.php\/wp-json\/wp\/v2\/types\/post"}],"author":[{"embeddable":true,"href":"https:\/\/www.abchukuk.com\/index.php\/wp-json\/wp\/v2\/users\/1"}],"replies":[{"embeddable":true,"href":"https:\/\/www.abchukuk.com\/index.php\/wp-json\/wp\/v2\/comments?post=42069"}],"version-history":[{"count":0,"href":"https:\/\/www.abchukuk.com\/index.php\/wp-json\/wp\/v2\/posts\/42069\/revisions"}],"wp:attachment":[{"href":"https:\/\/www.abchukuk.com\/index.php\/wp-json\/wp\/v2\/media?parent=42069"}],"wp:term":[{"taxonomy":"category","embeddable":true,"href":"https:\/\/www.abchukuk.com\/index.php\/wp-json\/wp\/v2\/categories?post=42069"},{"taxonomy":"post_tag","embeddable":true,"href":"https:\/\/www.abchukuk.com\/index.php\/wp-json\/wp\/v2\/tags?post=42069"}],"curies":[{"name":"wp","href":"https:\/\/api.w.org\/{rel}","templated":true}]}}