{"id":42067,"date":"2026-09-01T07:34:00","date_gmt":"2026-09-01T07:34:00","guid":{"rendered":"https:\/\/www.abchukuk.com\/index.php\/2026\/09\/01\/yargitaydan-milyonlarca-kiraciyi-ilgilendiren-karar-depozito-iadesinde-kurallar-sil-bastan\/"},"modified":"2026-09-01T07:34:00","modified_gmt":"2026-09-01T07:34:00","slug":"yargitaydan-milyonlarca-kiraciyi-ilgilendiren-karar-depozito-iadesinde-kurallar-sil-bastan","status":"publish","type":"post","link":"https:\/\/www.abchukuk.com\/index.php\/2026\/09\/01\/yargitaydan-milyonlarca-kiraciyi-ilgilendiren-karar-depozito-iadesinde-kurallar-sil-bastan\/","title":{"rendered":"Yarg\u0131tay&#8217;dan milyonlarca kirac\u0131y\u0131 ilgilendiren karar: Depozito iadesinde kurallar sil ba\u015ftan"},"content":{"rendered":"<p>Ev sahibi de\u011fi\u015fimlerinde kirac\u0131n\u0131n \u00f6dedi\u011fi depozitonun iadesiyle ilgili Yarg\u0131tay&#8217;dan \u00f6nemli bir karar \u00e7\u0131kt\u0131. Y\u00fcksek mahkeme, eski malikin depozito sorumlulu\u011fundan kurtulabilmesi i\u00e7in bedelin yeni sahibine devredildi\u011fini kan\u0131tlamas\u0131 gerekti\u011fine h\u00fckmetti.Ev sahibi de\u011fi\u015fimlerinde kirac\u0131n\u0131n \u00f6dedi\u011fi depozitonun iadesiyle ilgili Yarg\u0131tay&#8217;dan \u00f6nemli bir karar \u00e7\u0131kt\u0131. Y\u00fcksek mahkeme, eski malikin depozito sorumlulu\u011fundan kurtulabilmesi i\u00e7in bedelin yeni sahibine devredildi\u011fini kan\u0131tlamas\u0131 gerekti\u011fine h\u00fckmetti.\u00a0<a href=\"https:\/\/www.cumhuriyet.com.tr\/ekonomi\/yargitay-dan-milyonlarca-kiraciyi-ilgilendiren-karar-depozito-iadesinde-kurallar-sil-bastan-2533970\" target=\"_blank\" class=\"feedzy-rss-link-icon\">Read More<\/a><\/p>","protected":false},"excerpt":{"rendered":"<p>Ev sahibi de\u011fi\u015fimlerinde kirac\u0131n\u0131n \u00f6dedi\u011fi depozitonun iadesiyle ilgili Yarg\u0131tay&#8217;dan \u00f6nemli bir karar \u00e7\u0131kt\u0131. Y\u00fcksek mahkeme, eski malikin depozito sorumlulu\u011fundan kurtulabilmesi i\u00e7in bedelin yeni sahibine devredildi\u011fini kan\u0131tlamas\u0131 gerekti\u011fine h\u00fckmetti.Ev sahibi de\u011fi\u015fimlerinde kirac\u0131n\u0131n \u00f6dedi\u011fi depozitonun iadesiyle ilgili Yarg\u0131tay&#8217;dan \u00f6nemli bir karar \u00e7\u0131kt\u0131. Y\u00fcksek mahkeme, eski malikin depozito sorumlulu\u011fundan kurtulabilmesi i\u00e7in bedelin yeni sahibine devredildi\u011fini kan\u0131tlamas\u0131 gerekti\u011fine h\u00fckmetti.\u00a0Read [&hellip;]<\/p>\n","protected":false},"author":1,"featured_media":42068,"comment_status":"open","ping_status":"open","sticky":false,"template":"","format":"standard","meta":{"footnotes":"","_links_to":"","_links_to_target":""},"categories":[1],"tags":[],"class_list":["post-42067","post","type-post","status-publish","format-standard","has-post-thumbnail","hentry","category-haberler"],"_links":{"self":[{"href":"https:\/\/www.abchukuk.com\/index.php\/wp-json\/wp\/v2\/posts\/42067","targetHints":{"allow":["GET"]}}],"collection":[{"href":"https:\/\/www.abchukuk.com\/index.php\/wp-json\/wp\/v2\/posts"}],"about":[{"href":"https:\/\/www.abchukuk.com\/index.php\/wp-json\/wp\/v2\/types\/post"}],"author":[{"embeddable":true,"href":"https:\/\/www.abchukuk.com\/index.php\/wp-json\/wp\/v2\/users\/1"}],"replies":[{"embeddable":true,"href":"https:\/\/www.abchukuk.com\/index.php\/wp-json\/wp\/v2\/comments?post=42067"}],"version-history":[{"count":0,"href":"https:\/\/www.abchukuk.com\/index.php\/wp-json\/wp\/v2\/posts\/42067\/revisions"}],"wp:featuredmedia":[{"embeddable":true,"href":"https:\/\/www.abchukuk.com\/index.php\/wp-json\/wp\/v2\/media\/42068"}],"wp:attachment":[{"href":"https:\/\/www.abchukuk.com\/index.php\/wp-json\/wp\/v2\/media?parent=42067"}],"wp:term":[{"taxonomy":"category","embeddable":true,"href":"https:\/\/www.abchukuk.com\/index.php\/wp-json\/wp\/v2\/categories?post=42067"},{"taxonomy":"post_tag","embeddable":true,"href":"https:\/\/www.abchukuk.com\/index.php\/wp-json\/wp\/v2\/tags?post=42067"}],"curies":[{"name":"wp","href":"https:\/\/api.w.org\/{rel}","templated":true}]}}