{"id":42063,"date":"2026-09-01T07:44:00","date_gmt":"2026-09-01T07:44:00","guid":{"rendered":"https:\/\/www.abchukuk.com\/index.php\/2026\/09\/01\/tirin-altinda-yurt-disina-kacarken-yakalanmisti-arif-kocabiyik-adliyeye-sevk-edildi\/"},"modified":"2026-09-01T07:44:00","modified_gmt":"2026-09-01T07:44:00","slug":"tirin-altinda-yurt-disina-kacarken-yakalanmisti-arif-kocabiyik-adliyeye-sevk-edildi","status":"publish","type":"post","link":"https:\/\/www.abchukuk.com\/index.php\/2026\/09\/01\/tirin-altinda-yurt-disina-kacarken-yakalanmisti-arif-kocabiyik-adliyeye-sevk-edildi\/","title":{"rendered":"TIR&#8217;\u0131n alt\u0131nda yurt d\u0131\u015f\u0131na ka\u00e7arken yakalanm\u0131\u015ft\u0131: Arif Kocab\u0131y\u0131k, adliyeye sevk edildi"},"content":{"rendered":"<p>Son dakika haberi&#8230; Kap\u0131kule&#8217;de TIR&#8217;da yurt d\u0131\u015f\u0131na ka\u00e7arken yakalanan sosyal medya \u00fcnl\u00fcs\u00fc Arif Kocab\u0131y\u0131k, adliyeye sevk edildi.Son dakika haberi&#8230; Kap\u0131kule&#8217;de TIR&#8217;da yurt d\u0131\u015f\u0131na ka\u00e7arken yakalanan sosyal medya \u00fcnl\u00fcs\u00fc Arif Kocab\u0131y\u0131k, adliyeye sevk edildi.\u00a0<a href=\"https:\/\/www.cumhuriyet.com.tr\/turkiye\/tir-in-altinda-yurt-disina-kacarken-yakalanmisti-arif-kocabiyik-adliyeye-sevk-edildi-2533975\" target=\"_blank\" class=\"feedzy-rss-link-icon\">Read More<\/a><\/p>","protected":false},"excerpt":{"rendered":"<p>Son dakika haberi&#8230; Kap\u0131kule&#8217;de TIR&#8217;da yurt d\u0131\u015f\u0131na ka\u00e7arken yakalanan sosyal medya \u00fcnl\u00fcs\u00fc Arif Kocab\u0131y\u0131k, adliyeye sevk edildi.Son dakika haberi&#8230; Kap\u0131kule&#8217;de TIR&#8217;da yurt d\u0131\u015f\u0131na ka\u00e7arken yakalanan sosyal medya \u00fcnl\u00fcs\u00fc Arif Kocab\u0131y\u0131k, adliyeye sevk edildi.\u00a0Read More<\/p>\n","protected":false},"author":1,"featured_media":42064,"comment_status":"open","ping_status":"open","sticky":false,"template":"","format":"standard","meta":{"footnotes":"","_links_to":"","_links_to_target":""},"categories":[1],"tags":[],"class_list":["post-42063","post","type-post","status-publish","format-standard","has-post-thumbnail","hentry","category-haberler"],"_links":{"self":[{"href":"https:\/\/www.abchukuk.com\/index.php\/wp-json\/wp\/v2\/posts\/42063","targetHints":{"allow":["GET"]}}],"collection":[{"href":"https:\/\/www.abchukuk.com\/index.php\/wp-json\/wp\/v2\/posts"}],"about":[{"href":"https:\/\/www.abchukuk.com\/index.php\/wp-json\/wp\/v2\/types\/post"}],"author":[{"embeddable":true,"href":"https:\/\/www.abchukuk.com\/index.php\/wp-json\/wp\/v2\/users\/1"}],"replies":[{"embeddable":true,"href":"https:\/\/www.abchukuk.com\/index.php\/wp-json\/wp\/v2\/comments?post=42063"}],"version-history":[{"count":0,"href":"https:\/\/www.abchukuk.com\/index.php\/wp-json\/wp\/v2\/posts\/42063\/revisions"}],"wp:featuredmedia":[{"embeddable":true,"href":"https:\/\/www.abchukuk.com\/index.php\/wp-json\/wp\/v2\/media\/42064"}],"wp:attachment":[{"href":"https:\/\/www.abchukuk.com\/index.php\/wp-json\/wp\/v2\/media?parent=42063"}],"wp:term":[{"taxonomy":"category","embeddable":true,"href":"https:\/\/www.abchukuk.com\/index.php\/wp-json\/wp\/v2\/categories?post=42063"},{"taxonomy":"post_tag","embeddable":true,"href":"https:\/\/www.abchukuk.com\/index.php\/wp-json\/wp\/v2\/tags?post=42063"}],"curies":[{"name":"wp","href":"https:\/\/api.w.org\/{rel}","templated":true}]}}