{"id":42062,"date":"2026-09-01T07:49:18","date_gmt":"2026-09-01T07:49:18","guid":{"rendered":"https:\/\/www.abchukuk.com\/index.php\/2026\/09\/01\/depremde-ailesini-kaybeden-avukat-eren-can-dorduncu-adli-yila-giriyoruz-adalet-saglanmadi\/"},"modified":"2026-09-01T07:49:18","modified_gmt":"2026-09-01T07:49:18","slug":"depremde-ailesini-kaybeden-avukat-eren-can-dorduncu-adli-yila-giriyoruz-adalet-saglanmadi","status":"publish","type":"post","link":"https:\/\/www.abchukuk.com\/index.php\/2026\/09\/01\/depremde-ailesini-kaybeden-avukat-eren-can-dorduncu-adli-yila-giriyoruz-adalet-saglanmadi\/","title":{"rendered":"Depremde ailesini kaybeden avukat Eren Can: \u201cD\u00f6rd\u00fcnc\u00fc adli y\u0131la giriyoruz, adalet sa\u011flanmad\u0131\u201d"},"content":{"rendered":"<p>Gazeteci G\u00fc\u00e7l\u00fc \u00d6zgan\u2019\u0131n Radyo Sputnik\u2019teki Yeri ve Zaman\u0131 program\u0131n\u0131n bug\u00fcnk\u00fc konu\u011fu, 6 \u015eubat depremlerinde Rana Apartman\u0131\u2019nda ailesini kaybeden avukat Eren Can oldu. Yarg\u0131tay \u00f6n\u00fcnde adalet taleplerini duyurmak i\u00e7in toplanacaklar\u0131n\u0131 belirten Can, \u201cAntakya aya\u011fa kalk\u0131yor diyorlar, bizim yaralar\u0131m\u0131z\u0131 sarmadan nas\u0131l aya\u011fa kalk\u0131yor?\u201d diye sordu.Gazeteci G\u00fc\u00e7l\u00fc \u00d6zgan\u2019\u0131n Radyo Sputnik\u2019teki Yeri ve Zaman\u0131 program\u0131n\u0131n bug\u00fcnk\u00fc konu\u011fu, 6 \u015eubat depremlerinde Rana Apartman\u0131\u2019nda ailesini kaybeden avukat Eren Can oldu. Yarg\u0131tay \u00f6n\u00fcnde adalet taleplerini duyurmak i\u00e7in toplanacaklar\u0131n\u0131 belirten Can, \u201cAntakya aya\u011fa kalk\u0131yor diyorlar, bizim yaralar\u0131m\u0131z\u0131 sarmadan nas\u0131l aya\u011fa kalk\u0131yor?\u201d diye sordu.\u00a0<a href=\"https:\/\/anlatilaninotesi.com.tr\/20260901\/depremde-ailesini-kaybeden-avukat-eren-can-dorduncu-adli-yila-giriyoruz-adalet-saglanmadi-1108393968.html\" target=\"_blank\" class=\"feedzy-rss-link-icon\">Read More<\/a><\/p>","protected":false},"excerpt":{"rendered":"<p>Gazeteci G\u00fc\u00e7l\u00fc \u00d6zgan\u2019\u0131n Radyo Sputnik\u2019teki Yeri ve Zaman\u0131 program\u0131n\u0131n bug\u00fcnk\u00fc konu\u011fu, 6 \u015eubat depremlerinde Rana Apartman\u0131\u2019nda ailesini kaybeden avukat Eren Can oldu. Yarg\u0131tay \u00f6n\u00fcnde adalet taleplerini duyurmak i\u00e7in toplanacaklar\u0131n\u0131 belirten Can, \u201cAntakya aya\u011fa kalk\u0131yor diyorlar, bizim yaralar\u0131m\u0131z\u0131 sarmadan nas\u0131l aya\u011fa kalk\u0131yor?\u201d diye sordu.Gazeteci G\u00fc\u00e7l\u00fc \u00d6zgan\u2019\u0131n Radyo Sputnik\u2019teki Yeri ve Zaman\u0131 program\u0131n\u0131n bug\u00fcnk\u00fc konu\u011fu, 6 \u015eubat [&hellip;]<\/p>\n","protected":false},"author":1,"featured_media":0,"comment_status":"open","ping_status":"open","sticky":false,"template":"","format":"standard","meta":{"footnotes":"","_links_to":"","_links_to_target":""},"categories":[1],"tags":[],"class_list":["post-42062","post","type-post","status-publish","format-standard","hentry","category-haberler"],"_links":{"self":[{"href":"https:\/\/www.abchukuk.com\/index.php\/wp-json\/wp\/v2\/posts\/42062","targetHints":{"allow":["GET"]}}],"collection":[{"href":"https:\/\/www.abchukuk.com\/index.php\/wp-json\/wp\/v2\/posts"}],"about":[{"href":"https:\/\/www.abchukuk.com\/index.php\/wp-json\/wp\/v2\/types\/post"}],"author":[{"embeddable":true,"href":"https:\/\/www.abchukuk.com\/index.php\/wp-json\/wp\/v2\/users\/1"}],"replies":[{"embeddable":true,"href":"https:\/\/www.abchukuk.com\/index.php\/wp-json\/wp\/v2\/comments?post=42062"}],"version-history":[{"count":0,"href":"https:\/\/www.abchukuk.com\/index.php\/wp-json\/wp\/v2\/posts\/42062\/revisions"}],"wp:attachment":[{"href":"https:\/\/www.abchukuk.com\/index.php\/wp-json\/wp\/v2\/media?parent=42062"}],"wp:term":[{"taxonomy":"category","embeddable":true,"href":"https:\/\/www.abchukuk.com\/index.php\/wp-json\/wp\/v2\/categories?post=42062"},{"taxonomy":"post_tag","embeddable":true,"href":"https:\/\/www.abchukuk.com\/index.php\/wp-json\/wp\/v2\/tags?post=42062"}],"curies":[{"name":"wp","href":"https:\/\/api.w.org\/{rel}","templated":true}]}}