{"id":42060,"date":"2026-09-01T07:51:13","date_gmt":"2026-09-01T07:51:13","guid":{"rendered":"https:\/\/www.abchukuk.com\/index.php\/2026\/09\/01\/yargitaydan-milyonlarca-arac-sahibini-ilgilendiren-yanlis-yakit-karari\/"},"modified":"2026-09-01T07:51:13","modified_gmt":"2026-09-01T07:51:13","slug":"yargitaydan-milyonlarca-arac-sahibini-ilgilendiren-yanlis-yakit-karari","status":"publish","type":"post","link":"https:\/\/www.abchukuk.com\/index.php\/2026\/09\/01\/yargitaydan-milyonlarca-arac-sahibini-ilgilendiren-yanlis-yakit-karari\/","title":{"rendered":"Yarg\u0131tay\u2019dan milyonlarca ara\u00e7 sahibini ilgilendiren yanl\u0131\u015f yak\u0131t karar\u0131"},"content":{"rendered":"<p>Yarg\u0131tay 3. Hukuk Dairesi, akaryak\u0131t istasyonunda araca yanl\u0131\u015f yak\u0131t konulmas\u0131 nedeniyle olu\u015fan zarara ili\u015fkin dikkat \u00e7eken bir karara imza att\u0131. Yanl\u0131\u015f yak\u0131t verilmesini \u201cay\u0131pl\u0131 hizmet\u201d olarak de\u011ferlendiren Yarg\u0131tay, zarardan yaln\u0131zca bayinin de\u011fil, sa\u011flay\u0131c\u0131 konumundaki da\u011f\u0131t\u0131c\u0131 \u015firketin de bayiyle birlikte sorumlu oldu\u011funa h\u00fckmetti.Yarg\u0131tay 3. Hukuk Dairesi, akaryak\u0131t istasyonunda araca yanl\u0131\u015f yak\u0131t konulmas\u0131 nedeniyle olu\u015fan zarara ili\u015fkin dikkat \u00e7eken bir karara imza att\u0131. Yanl\u0131\u015f yak\u0131t verilmesini \u201cay\u0131pl\u0131 hizmet\u201d olarak de\u011ferlendiren Yarg\u0131tay, zarardan yaln\u0131zca bayinin de\u011fil, sa\u011flay\u0131c\u0131 konumundaki da\u011f\u0131t\u0131c\u0131 \u015firketin de bayiyle birlikte sorumlu oldu\u011funa h\u00fckmetti.\u00a0<a href=\"https:\/\/anlatilaninotesi.com.tr\/20260901\/yargitaydan-milyonlarca-arac-sahibini-ilgilendiren-yanlis-yakit-karari-1108394298.html\" target=\"_blank\" class=\"feedzy-rss-link-icon\">Read More<\/a><\/p>","protected":false},"excerpt":{"rendered":"<p>Yarg\u0131tay 3. Hukuk Dairesi, akaryak\u0131t istasyonunda araca yanl\u0131\u015f yak\u0131t konulmas\u0131 nedeniyle olu\u015fan zarara ili\u015fkin dikkat \u00e7eken bir karara imza att\u0131. Yanl\u0131\u015f yak\u0131t verilmesini \u201cay\u0131pl\u0131 hizmet\u201d olarak de\u011ferlendiren Yarg\u0131tay, zarardan yaln\u0131zca bayinin de\u011fil, sa\u011flay\u0131c\u0131 konumundaki da\u011f\u0131t\u0131c\u0131 \u015firketin de bayiyle birlikte sorumlu oldu\u011funa h\u00fckmetti.Yarg\u0131tay 3. Hukuk Dairesi, akaryak\u0131t istasyonunda araca yanl\u0131\u015f yak\u0131t konulmas\u0131 nedeniyle olu\u015fan zarara ili\u015fkin [&hellip;]<\/p>\n","protected":false},"author":1,"featured_media":0,"comment_status":"open","ping_status":"open","sticky":false,"template":"","format":"standard","meta":{"footnotes":"","_links_to":"","_links_to_target":""},"categories":[1],"tags":[],"class_list":["post-42060","post","type-post","status-publish","format-standard","hentry","category-haberler"],"_links":{"self":[{"href":"https:\/\/www.abchukuk.com\/index.php\/wp-json\/wp\/v2\/posts\/42060","targetHints":{"allow":["GET"]}}],"collection":[{"href":"https:\/\/www.abchukuk.com\/index.php\/wp-json\/wp\/v2\/posts"}],"about":[{"href":"https:\/\/www.abchukuk.com\/index.php\/wp-json\/wp\/v2\/types\/post"}],"author":[{"embeddable":true,"href":"https:\/\/www.abchukuk.com\/index.php\/wp-json\/wp\/v2\/users\/1"}],"replies":[{"embeddable":true,"href":"https:\/\/www.abchukuk.com\/index.php\/wp-json\/wp\/v2\/comments?post=42060"}],"version-history":[{"count":0,"href":"https:\/\/www.abchukuk.com\/index.php\/wp-json\/wp\/v2\/posts\/42060\/revisions"}],"wp:attachment":[{"href":"https:\/\/www.abchukuk.com\/index.php\/wp-json\/wp\/v2\/media?parent=42060"}],"wp:term":[{"taxonomy":"category","embeddable":true,"href":"https:\/\/www.abchukuk.com\/index.php\/wp-json\/wp\/v2\/categories?post=42060"},{"taxonomy":"post_tag","embeddable":true,"href":"https:\/\/www.abchukuk.com\/index.php\/wp-json\/wp\/v2\/tags?post=42060"}],"curies":[{"name":"wp","href":"https:\/\/api.w.org\/{rel}","templated":true}]}}