{"id":42058,"date":"2026-09-01T08:07:59","date_gmt":"2026-09-01T08:07:59","guid":{"rendered":"https:\/\/www.abchukuk.com\/index.php\/2026\/09\/01\/hakim-ve-savcilar-kurulu-hsk-uyesi-sait-ozdemirden-vanda-adliye-ziyaretleri\/"},"modified":"2026-09-01T08:07:59","modified_gmt":"2026-09-01T08:07:59","slug":"hakim-ve-savcilar-kurulu-hsk-uyesi-sait-ozdemirden-vanda-adliye-ziyaretleri","status":"publish","type":"post","link":"https:\/\/www.abchukuk.com\/index.php\/2026\/09\/01\/hakim-ve-savcilar-kurulu-hsk-uyesi-sait-ozdemirden-vanda-adliye-ziyaretleri\/","title":{"rendered":"Hakim ve Savc\u0131lar Kurulu (HSK) \u00dcyesi Sait \u00d6zdemir\u2019den Van\u2019da adliye ziyaretleri"},"content":{"rendered":"<p><strong>SON.TV\/VAN<\/strong><\/p>\n<p><strong>Hakimler ve Savc\u0131lar Kurulu (HSK) Birinci Daire \u00dcyesi Sait \u00d6zdemir, yeni adli y\u0131l\u0131n ba\u015flamas\u0131yla birlikte yarg\u0131 te\u015fkilat\u0131na y\u00f6nelik saha ziyaretlerini Van\u2019da s\u00fcrd\u00fcrd\u00fc.<\/strong><\/p>\n<p><img loading=\"lazy\" decoding=\"async\" loading=\"lazy\" class=\"alignnone size-medium wp-image-196761\" src=\"https:\/\/www.son.tv\/wp-content\/uploads\/2026\/09\/8930bf0f-51f8-41ae-92e2-2d897a5e9e42-300x200.jpeg\" alt=\"\" width=\"300\" height=\"200\" \/> <img loading=\"lazy\" decoding=\"async\" loading=\"lazy\" class=\"alignnone size-medium wp-image-196762\" src=\"https:\/\/www.son.tv\/wp-content\/uploads\/2026\/09\/3a672855-cf2a-4447-ba68-636921004ce7-300x200.jpeg\" alt=\"\" width=\"300\" height=\"200\" \/><\/p>\n<p><strong>Van<\/strong> program\u0131 kapsam\u0131nda <strong>G\u00fcrp\u0131nar<\/strong> ve <strong>Ba\u015fkale<\/strong> adliyelerine giden <strong>\u00d6zdemir<\/strong>, burada g\u00f6rev yapan hakim ve Cumhuriyet savc\u0131lar\u0131yla bir araya geldi.<\/p>\n<p><img loading=\"lazy\" decoding=\"async\" loading=\"lazy\" class=\"alignnone size-medium wp-image-196766\" src=\"https:\/\/www.son.tv\/wp-content\/uploads\/2026\/09\/5b792531-7925-4cd2-88e3-9318fbc313de-300x200.jpeg\" alt=\"\" width=\"300\" height=\"200\" \/> <img loading=\"lazy\" decoding=\"async\" loading=\"lazy\" class=\"alignnone size-medium wp-image-196767\" src=\"https:\/\/www.son.tv\/wp-content\/uploads\/2026\/09\/dda64942-e3ba-43a5-bca4-06ae9236c781-300x200.jpeg\" alt=\"\" width=\"300\" height=\"200\" \/><\/p>\n<p><strong>HSK<\/strong>\u2019n\u0131n g\u00fcncel te\u015fkilat yap\u0131s\u0131nda <strong>Birinci Daire \u00dcyesi<\/strong> olarak g\u00f6rev yapan <strong>\u00d6zdemir<\/strong>, son d\u00f6nemde farkl\u0131 illerde ger\u00e7ekle\u015ftirdi\u011fi adliye ziyaretlerinde de yarg\u0131 mensuplar\u0131n\u0131n mesleki sorunlar\u0131, talep ve \u00f6nerilerini dinleyerek yarg\u0131 hizmetlerinin etkin ve verimli y\u00fcr\u00fct\u00fclmesine ili\u015fkin de\u011ferlendirmelerde bulunmu\u015ftu.<span class=\"Apple-converted-space\">\u00a0<\/span><\/p>\n<p><img loading=\"lazy\" decoding=\"async\" loading=\"lazy\" class=\"alignnone size-medium wp-image-196763\" src=\"https:\/\/www.son.tv\/wp-content\/uploads\/2026\/09\/22134f1b-9827-46e7-a408-9f7ae5b67d49-300x200.jpeg\" alt=\"\" width=\"300\" height=\"200\" \/><\/p>\n<p><strong>VAN YARGISININ \u00dcST D\u00dcZEY \u0130S\u0130MLER\u0130 E\u015eL\u0130K ETT<\/strong>\u0130<\/p>\n<p><strong>HSK \u00dcyesi Sait \u00d6zdemir\u2019e Van\u2019daki ziyaretleri s\u0131ras\u0131nda Van yarg\u0131 te\u015fkilat\u0131n\u0131n \u00fcst d\u00fczey isimleri e\u015flik etti.<\/strong><\/p>\n<p><img loading=\"lazy\" decoding=\"async\" loading=\"lazy\" class=\"alignnone size-medium wp-image-196764\" src=\"https:\/\/www.son.tv\/wp-content\/uploads\/2026\/09\/63d343a0-b453-49d9-b717-8d463c80f63c-300x200.jpeg\" alt=\"\" width=\"300\" height=\"200\" \/><\/p>\n<p><strong>Heyette Van Cumhuriyet Ba\u015fsavc\u0131s\u0131 Osman Kara, Adalet Komisyonu Ba\u015fkan\u0131 H\u00fcseyin Gedik, Van B\u00f6lge Adliye Mahkemesi Ba\u015fkan\u0131 Emir\u015fah Ba\u015fto\u011f, Van B\u00f6lge Adliye Mahkemesi Cumhuriyet Ba\u015fsavc\u0131s\u0131 Hikmet Salman ile Van Cumhuriyet Ba\u015fsavc\u0131 Vekilleri yer ald\u0131.<\/strong><\/p>\n<p><img loading=\"lazy\" decoding=\"async\" loading=\"lazy\" class=\"alignnone size-medium wp-image-196765\" src=\"https:\/\/www.son.tv\/wp-content\/uploads\/2026\/09\/b308f2b2-9487-4c5c-a913-174e76df0610-300x200.jpeg\" alt=\"\" width=\"300\" height=\"200\" \/><\/p>\n<p><strong>G\u00dcRPINAR VE BA\u015eKALE ADL\u0130YELER\u0130N\u0130 Z\u0130YARET ETT\u0130<\/strong><\/p>\n<p>Program\u0131n ilk b\u00f6l\u00fcm\u00fcnde <strong>G\u00fcrp\u0131nar<\/strong> ve <strong>Ba\u015fkale<\/strong> adliyelerinde inceleme ve temaslarda bulunan <strong>\u00d6zdemir<\/strong>, g\u00f6rev yapan hakim ve Cumhuriyet savc\u0131lar\u0131yla g\u00f6r\u00fc\u015ft\u00fc.<\/p>\n<p><img loading=\"lazy\" decoding=\"async\" loading=\"lazy\" class=\"alignnone size-medium wp-image-196768\" src=\"https:\/\/www.son.tv\/wp-content\/uploads\/2026\/09\/92a39c3e-f8e2-4094-be32-5cb23c9ab06f-300x200.jpeg\" alt=\"\" width=\"300\" height=\"200\" \/><\/p>\n<p>Yarg\u0131 mensuplar\u0131yla ger\u00e7ekle\u015ftirilen toplant\u0131larda adliyelerdeki \u00e7al\u0131\u015fmalar, uygulamada kar\u015f\u0131la\u015f\u0131lan sorunlar ile hakim ve savc\u0131lar\u0131n talep ve \u00f6nerileri ele al\u0131nd\u0131.<\/p>\n<p><img loading=\"lazy\" decoding=\"async\" loading=\"lazy\" class=\"alignnone size-medium wp-image-196769\" src=\"https:\/\/www.son.tv\/wp-content\/uploads\/2026\/09\/fd364186-00bf-4481-a4ce-3b43809ec87b-300x200.jpeg\" alt=\"\" width=\"300\" height=\"200\" \/><\/p>\n<p><strong>MESLEKTA\u015eLARIYLA SAM\u0130M\u0130 SOHBET<\/strong><\/p>\n<p><strong>\u00d6zdemir\u2019<\/strong>in hakim ve Cumhuriyet savc\u0131lar\u0131yla g\u00f6r\u00fc\u015fmeleri samimi bir ortamda ger\u00e7ekle\u015fti.<\/p>\n<p>Ziyaretlerde yarg\u0131 mensuplar\u0131n\u0131n g\u00f6revleri s\u0131ras\u0131nda kar\u015f\u0131la\u015ft\u0131klar\u0131 b\u00f6lgesel ve mesleki konular \u00fczerinde durulurken, talep ve \u00f6neriler de dinlendi.<\/p>\n<p>\u00d6zdemir\u2019in son d\u00f6nemde ger\u00e7ekle\u015ftirdi\u011fi adliye ziyaretlerinde de benzer \u015fekilde yarg\u0131 mensuplar\u0131yla toplant\u0131lar yapt\u0131\u011f\u0131 g\u00f6r\u00fcl\u00fcyor. <strong>25 A\u011fustos\u2019taki Bart\u0131n Adliyesi<\/strong> ziyaretinde hakim ve Cumhuriyet savc\u0131lar\u0131n\u0131n mesleki sorunlar\u0131, talepleri ve \u00f6nerilerini dinleyen <strong>\u00d6zdemir<\/strong>, yarg\u0131 hizmetlerinin daha etkin ve verimli y\u00fcr\u00fct\u00fclmesine ili\u015fkin de\u011ferlendirmelerde bulunmu\u015ftu.<span class=\"Apple-converted-space\">\u00a0<\/span><\/p>\n<p><img loading=\"lazy\" decoding=\"async\" loading=\"lazy\" class=\"alignnone size-medium wp-image-196770\" src=\"https:\/\/www.son.tv\/wp-content\/uploads\/2026\/09\/d701d316-d5e6-4c15-8549-55ecdfcfb572-1-300x200.jpeg\" alt=\"\" width=\"300\" height=\"200\" \/><\/p>\n<p><strong>BA\u015eKALE KAYMAKAMLI\u011eI\u2019NA Z\u0130YARET<\/strong><\/p>\n<p>Adliye program\u0131n\u0131n ard\u0131ndan <strong>HSK \u00dcyesi Sait \u00d6zdemir,<\/strong> <strong>Ba\u015fkale Kaymakaml\u0131\u011f\u0131<\/strong>\u2019n\u0131 da ziyaret etti.<\/p>\n<p>B\u00f6ylece <strong>\u00d6zdemir<\/strong>\u2019in <strong>Van<\/strong> program\u0131nda adli te\u015fkilata y\u00f6nelik temaslar\u0131n\u0131n yan\u0131 s\u0131ra m\u00fclki idare ziyareti de ger\u00e7ekle\u015ftirildi.<\/p>\n<p><img loading=\"lazy\" decoding=\"async\" loading=\"lazy\" class=\"alignnone size-medium wp-image-196771\" src=\"https:\/\/www.son.tv\/wp-content\/uploads\/2026\/09\/6db53a12-67d9-40c5-846c-3267d2a47d07-300x200.jpeg\" alt=\"\" width=\"300\" height=\"200\" \/><\/p>\n<p><strong>SAHA Z\u0130YARETLER\u0130N\u0130 S\u00dcRD\u00dcR\u00dcYOR<\/strong><\/p>\n<p><strong>HSK Birinci Daire \u00dcyesi Sait \u00d6zdemi<\/strong>r\u2019in <strong>Van<\/strong> ziyareti, son d\u00f6nemde ger\u00e7ekle\u015ftirdi\u011fi saha programlar\u0131n\u0131n devam\u0131 niteli\u011finde oldu.<\/p>\n<p><strong>\u00d6zdemir, 19 A\u011fustos 2026\u2019da Karab\u00fck Adliyesi<\/strong>\u2019ni ziyaret ederek hakim ve savc\u0131larla g\u00f6r\u00fc\u015fm\u00fc\u015f, adalet hizmetlerinin etkinli\u011finin art\u0131r\u0131lmas\u0131 amac\u0131yla talepleri dinlemi\u015fti. 25 A\u011fustos\u2019ta ise Bart\u0131n Adliyesi\u2019nde hakim ve Cumhuriyet savc\u0131lar\u0131yla toplant\u0131 ger\u00e7ekle\u015ftirmi\u015fti.<span class=\"Apple-converted-space\">\u00a0<\/span><\/p>\n<p><img loading=\"lazy\" decoding=\"async\" loading=\"lazy\" class=\"alignnone size-medium wp-image-196772\" src=\"https:\/\/www.son.tv\/wp-content\/uploads\/2026\/09\/6db53a12-67d9-40c5-846c-3267d2a47d07-1-300x200.jpeg\" alt=\"\" width=\"300\" height=\"200\" \/><\/p>\n<p><strong>VAN\u2019DAN SONRA HAKKAR\u0130\u2019YE HAREKET ETT\u0130<\/strong><\/p>\n<p><strong>Van\u2019d<\/strong>aki <strong>G\u00fcrp\u0131nar<\/strong> ve <strong>Ba\u015fkale<\/strong> programlar\u0131n\u0131 tamamlayan <strong>HSK \u00dcyesi Sait \u00d6zdemir<\/strong> ve <strong>beraberindeki heyet,<\/strong> saha ziyaretleri ve temaslar\u0131n\u0131 s\u00fcrd\u00fcrmek \u00fczere <strong>Hakkari<\/strong>\u2019ye hareket etti.<\/p>\n<p><strong>\u00d6zdemir<\/strong>\u2019in <strong>Hakkari\u2019<\/strong>de de yarg\u0131 te\u015fkilat\u0131 mensuplar\u0131yla bir araya gelmesi ve adliyelerde incelemelerde bulunmas\u0131 planlan\u0131yor.<\/p>\n<p><strong>ET\u0130KETLER: #Sait\u00d6zdemir #HSK #HakimlerveSavc\u0131larKurulu #Van #G\u00fcrp\u0131nar #Ba\u015fkale #VanAdliyesi #G\u00fcrp\u0131narAdliyesi #Ba\u015fkaleAdliyesi #Hakkari #Yarg\u0131 #Adliye #OsmanKara<\/strong><\/p>\n<p>Hakimler ve Savc\u0131lar Kurulu Birinci Daire \u00dcyesi Sait \u00d6zdemir, Van program\u0131 kapsam\u0131nda G\u00fcrp\u0131nar ve Ba\u015fkale adliyelerini ziyaret etti. Hakim ve Cumhuriyet savc\u0131lar\u0131yla bir araya gelen \u00d6zdemir, meslekta\u015flar\u0131n\u0131n talep ve \u00f6nerilerini dinledi. \u00d6zdemir, Ba\u015fkale Kaymakaml\u0131\u011f\u0131\u2019n\u0131 da ziyaret ederken Van\u2019daki program\u0131n\u0131n ard\u0131ndan beraberindeki heyetle Hakkari\u2019ye hareket etti.\u00a0<a href=\"https:\/\/www.son.tv\/hakim-ve-savcilar-kurulu-hsk-uyesi-sait-ozdemirden-vanda-adliye-ziyaretleri\/\" target=\"_blank\" class=\"feedzy-rss-link-icon\">Read More<\/a><\/p>","protected":false},"excerpt":{"rendered":"<p>SON.TV\/VAN Hakimler ve Savc\u0131lar Kurulu (HSK) Birinci Daire \u00dcyesi Sait \u00d6zdemir, yeni adli y\u0131l\u0131n ba\u015flamas\u0131yla birlikte yarg\u0131 te\u015fkilat\u0131na y\u00f6nelik saha ziyaretlerini Van\u2019da s\u00fcrd\u00fcrd\u00fc. Van program\u0131 kapsam\u0131nda G\u00fcrp\u0131nar ve Ba\u015fkale adliyelerine giden \u00d6zdemir, burada g\u00f6rev yapan hakim ve Cumhuriyet savc\u0131lar\u0131yla bir araya geldi. HSK\u2019n\u0131n g\u00fcncel te\u015fkilat yap\u0131s\u0131nda Birinci Daire \u00dcyesi olarak g\u00f6rev yapan \u00d6zdemir, son d\u00f6nemde [&hellip;]<\/p>\n","protected":false},"author":1,"featured_media":42059,"comment_status":"open","ping_status":"open","sticky":false,"template":"","format":"standard","meta":{"footnotes":"","_links_to":"","_links_to_target":""},"categories":[1],"tags":[],"class_list":["post-42058","post","type-post","status-publish","format-standard","has-post-thumbnail","hentry","category-haberler"],"_links":{"self":[{"href":"https:\/\/www.abchukuk.com\/index.php\/wp-json\/wp\/v2\/posts\/42058","targetHints":{"allow":["GET"]}}],"collection":[{"href":"https:\/\/www.abchukuk.com\/index.php\/wp-json\/wp\/v2\/posts"}],"about":[{"href":"https:\/\/www.abchukuk.com\/index.php\/wp-json\/wp\/v2\/types\/post"}],"author":[{"embeddable":true,"href":"https:\/\/www.abchukuk.com\/index.php\/wp-json\/wp\/v2\/users\/1"}],"replies":[{"embeddable":true,"href":"https:\/\/www.abchukuk.com\/index.php\/wp-json\/wp\/v2\/comments?post=42058"}],"version-history":[{"count":0,"href":"https:\/\/www.abchukuk.com\/index.php\/wp-json\/wp\/v2\/posts\/42058\/revisions"}],"wp:featuredmedia":[{"embeddable":true,"href":"https:\/\/www.abchukuk.com\/index.php\/wp-json\/wp\/v2\/media\/42059"}],"wp:attachment":[{"href":"https:\/\/www.abchukuk.com\/index.php\/wp-json\/wp\/v2\/media?parent=42058"}],"wp:term":[{"taxonomy":"category","embeddable":true,"href":"https:\/\/www.abchukuk.com\/index.php\/wp-json\/wp\/v2\/categories?post=42058"},{"taxonomy":"post_tag","embeddable":true,"href":"https:\/\/www.abchukuk.com\/index.php\/wp-json\/wp\/v2\/tags?post=42058"}],"curies":[{"name":"wp","href":"https:\/\/api.w.org\/{rel}","templated":true}]}}