{"id":42056,"date":"2026-09-01T08:39:45","date_gmt":"2026-09-01T08:39:45","guid":{"rendered":"https:\/\/www.abchukuk.com\/index.php\/2026\/09\/01\/youtuber-arif-kocabiyik-adliyede\/"},"modified":"2026-09-01T08:39:45","modified_gmt":"2026-09-01T08:39:45","slug":"youtuber-arif-kocabiyik-adliyede","status":"publish","type":"post","link":"https:\/\/www.abchukuk.com\/index.php\/2026\/09\/01\/youtuber-arif-kocabiyik-adliyede\/","title":{"rendered":"YouTuber Arif Kocab\u0131y\u0131k adliyede"},"content":{"rendered":"<p>Kap\u0131kule S\u0131n\u0131r Kap\u0131s\u0131&#8217;nda Bulgaristan&#8217;a ge\u00e7mek i\u00e7in TIR dorsesinin alt\u0131na gizlendi\u011fi belirlenen Arif Kocab\u0131y\u0131k ile TIR \u015fof\u00f6r\u00fc M.A. adliyeye sevk edildi. Hakk\u0131nda yurt d\u0131\u015f\u0131na \u00e7\u0131k\u0131\u015f yasa\u011f\u0131 bulunan Kocab\u0131y\u0131k, g\u00fcmr\u00fck muhafaza ekiplerince yap\u0131lan kontrolde dorsenin alt\u0131nda yakalanm\u0131\u015ft\u0131Kap\u0131kule S\u0131n\u0131r Kap\u0131s\u0131&#8217;nda Bulgaristan&#8217;a ge\u00e7mek i\u00e7in TIR dorsesinin alt\u0131na gizlendi\u011fi belirlenen Arif Kocab\u0131y\u0131k ile TIR \u015fof\u00f6r\u00fc M.A. adliyeye sevk edildi. Hakk\u0131nda yurt d\u0131\u015f\u0131na \u00e7\u0131k\u0131\u015f yasa\u011f\u0131 bulunan Kocab\u0131y\u0131k, g\u00fcmr\u00fck muhafaza ekiplerince yap\u0131lan kontrolde dorsenin alt\u0131nda yakalanm\u0131\u015ft\u0131\u00a0<a href=\"https:\/\/www.haberturk.com\/son-dakika-haberler-youtuber-arif-kocabiyik-ile-tir-soforu-ma-adliyeye-sevk-edildi-3909471\" target=\"_blank\" class=\"feedzy-rss-link-icon\">Read More<\/a><\/p>","protected":false},"excerpt":{"rendered":"<p>Kap\u0131kule S\u0131n\u0131r Kap\u0131s\u0131&#8217;nda Bulgaristan&#8217;a ge\u00e7mek i\u00e7in TIR dorsesinin alt\u0131na gizlendi\u011fi belirlenen Arif Kocab\u0131y\u0131k ile TIR \u015fof\u00f6r\u00fc M.A. adliyeye sevk edildi. Hakk\u0131nda yurt d\u0131\u015f\u0131na \u00e7\u0131k\u0131\u015f yasa\u011f\u0131 bulunan Kocab\u0131y\u0131k, g\u00fcmr\u00fck muhafaza ekiplerince yap\u0131lan kontrolde dorsenin alt\u0131nda yakalanm\u0131\u015ft\u0131Kap\u0131kule S\u0131n\u0131r Kap\u0131s\u0131&#8217;nda Bulgaristan&#8217;a ge\u00e7mek i\u00e7in TIR dorsesinin alt\u0131na gizlendi\u011fi belirlenen Arif Kocab\u0131y\u0131k ile TIR \u015fof\u00f6r\u00fc M.A. adliyeye sevk edildi. Hakk\u0131nda [&hellip;]<\/p>\n","protected":false},"author":1,"featured_media":0,"comment_status":"open","ping_status":"open","sticky":false,"template":"","format":"standard","meta":{"footnotes":"","_links_to":"","_links_to_target":""},"categories":[1],"tags":[],"class_list":["post-42056","post","type-post","status-publish","format-standard","hentry","category-haberler"],"_links":{"self":[{"href":"https:\/\/www.abchukuk.com\/index.php\/wp-json\/wp\/v2\/posts\/42056","targetHints":{"allow":["GET"]}}],"collection":[{"href":"https:\/\/www.abchukuk.com\/index.php\/wp-json\/wp\/v2\/posts"}],"about":[{"href":"https:\/\/www.abchukuk.com\/index.php\/wp-json\/wp\/v2\/types\/post"}],"author":[{"embeddable":true,"href":"https:\/\/www.abchukuk.com\/index.php\/wp-json\/wp\/v2\/users\/1"}],"replies":[{"embeddable":true,"href":"https:\/\/www.abchukuk.com\/index.php\/wp-json\/wp\/v2\/comments?post=42056"}],"version-history":[{"count":0,"href":"https:\/\/www.abchukuk.com\/index.php\/wp-json\/wp\/v2\/posts\/42056\/revisions"}],"wp:attachment":[{"href":"https:\/\/www.abchukuk.com\/index.php\/wp-json\/wp\/v2\/media?parent=42056"}],"wp:term":[{"taxonomy":"category","embeddable":true,"href":"https:\/\/www.abchukuk.com\/index.php\/wp-json\/wp\/v2\/categories?post=42056"},{"taxonomy":"post_tag","embeddable":true,"href":"https:\/\/www.abchukuk.com\/index.php\/wp-json\/wp\/v2\/tags?post=42056"}],"curies":[{"name":"wp","href":"https:\/\/api.w.org\/{rel}","templated":true}]}}