{"id":42052,"date":"2026-09-01T08:52:15","date_gmt":"2026-09-01T08:52:15","guid":{"rendered":"https:\/\/www.abchukuk.com\/index.php\/2026\/09\/01\/izmir-adliyesinde-yeni-adli-yil-basladi-bassavci-ali-yeldan-yeni-projeleri-acikladi\/"},"modified":"2026-09-01T08:52:15","modified_gmt":"2026-09-01T08:52:15","slug":"izmir-adliyesinde-yeni-adli-yil-basladi-bassavci-ali-yeldan-yeni-projeleri-acikladi","status":"publish","type":"post","link":"https:\/\/www.abchukuk.com\/index.php\/2026\/09\/01\/izmir-adliyesinde-yeni-adli-yil-basladi-bassavci-ali-yeldan-yeni-projeleri-acikladi\/","title":{"rendered":"\u0130zmir Adliyesi\u2019nde yeni adli y\u0131l ba\u015flad\u0131: Ba\u015fsavc\u0131 Ali Yeldan yeni projeleri a\u00e7\u0131klad\u0131"},"content":{"rendered":"<p>\u00a0<\/p>\n<p><strong>SON.TV\/\u0130ZM\u0130R<\/strong><\/p>\n<p><strong>2026-2027 Adli Y\u0131l\u0131<\/strong>\u2019n\u0131n ba\u015flamas\u0131 dolay\u0131s\u0131yla <strong>\u0130zmir<\/strong> <strong>Adliyesi<\/strong> protokol alan\u0131nda a\u00e7\u0131l\u0131\u015f t\u00f6reni d\u00fczenlendi. Yarg\u0131 mensuplar\u0131, avukatlar ve adliye \u00e7al\u0131\u015fanlar\u0131n\u0131n kat\u0131ld\u0131\u011f\u0131 t\u00f6rende yeni adli y\u0131l\u0131n <strong>\u0130zmir<\/strong>\u2019deki adalet hizmetlerine ili\u015fkin hedefleri de a\u00e7\u0131kland\u0131.<\/p>\n<p><strong>Programa; \u0130zmir Cumhuriyet Ba\u015fsavc\u0131s\u0131 Ali Yeldan, \u0130zmir Adli Yarg\u0131 \u0130lk Derece Mahkemesi Adalet Komisyonu Ba\u015fkan\u0131 Onur Sert, Komisyon \u00dcyesi, Cumhuriyet Ba\u015fsavc\u0131vekilleri, h\u00e2kimler, Cumhuriyet savc\u0131lar\u0131, \u0130zmir Barosu temsilcileri, avukatlar ve adliye personeli kat\u0131ld\u0131.<\/strong><\/p>\n<p><strong>ATAT\u00dcRK ANITI\u2019NA \u00c7ELENK SUNULDU<\/strong><\/p>\n<p>2026-2027 Adli Y\u0131l\u0131 A\u00e7\u0131l\u0131\u015f T\u00f6reni, \u0130zmir Adliyesi protokol alan\u0131nda ger\u00e7ekle\u015ftirildi.<\/p>\n<p>T\u00f6rende ilk olarak <strong>Atat\u00fcrk An\u0131t\u0131<\/strong>\u2019na \u00e7elenk sunuldu. Ard\u0131ndan sayg\u0131 duru\u015funda bulunuldu ve <strong>\u0130stiklal Mar\u015f\u0131<\/strong> okundu.<\/p>\n<p>A\u00e7\u0131l\u0131\u015f program\u0131n\u0131n ard\u0131ndan kat\u0131l\u0131mc\u0131lar\u0131n i\u015ftirakiyle d\u00fczenlenen kokteyl ile program devam etti.<\/p>\n<p><img fetchpriority=\"high\" decoding=\"async\" class=\"alignnone size-medium wp-image-196776\" src=\"https:\/\/www.son.tv\/wp-content\/uploads\/2026\/09\/39c2e26e-6693-4534-bdc7-1b8bf1088bba-200x300.jpeg\" alt=\"\" width=\"200\" height=\"300\" \/><\/p>\n<p><strong>BA\u015eSAVCI AL\u0130 YELDAN YEN\u0130 ADL\u0130 YIL HEDEFLER\u0130N\u0130 A\u00c7IKLADI<\/strong><\/p>\n<p>Yeni adli y\u0131l\u0131n a\u00e7\u0131l\u0131\u015f\u0131 dolay\u0131s\u0131yla de\u011ferlendirmelerde bulunan <strong>\u0130zmir Cumhuriyet Ba\u015fsavc\u0131s\u0131 Ali Yelda<\/strong>n, yeni d\u00f6nemde adalet hizmetlerinin daha h\u0131zl\u0131, etkin ve eri\u015filebilir h\u00e2le getirilmesine y\u00f6nelik hedef ve projeleri a\u00e7\u0131klad\u0131.<\/p>\n<p><strong>Ba\u015fsavc\u0131 Yeldan<\/strong>, yeni adli y\u0131ldaki temel \u00f6nceliklerinin adalet hizmetlerinin vatanda\u015flara h\u0131zl\u0131, etkin, e\u015fit ve g\u00fcvenilir bi\u00e7imde ula\u015ft\u0131r\u0131lmas\u0131 oldu\u011funu belirterek \u015fu ifadeleri kulland\u0131:<\/p>\n<p><strong>\u201cYeni adli y\u0131lda da temel \u00f6nceli\u011fimiz; adaletin t\u00fcm vatanda\u015flar\u0131m\u0131za h\u0131zl\u0131, etkin, e\u015fit ve g\u00fcvenilir bir \u015fekilde ula\u015ft\u0131r\u0131lmas\u0131n\u0131 sa\u011flamakt\u0131r. Hukukun \u00fcst\u00fcnl\u00fc\u011f\u00fcnden ve adalet anlay\u0131\u015f\u0131m\u0131zdan taviz vermeden, vatanda\u015flar\u0131m\u0131z\u0131n huzur ve g\u00fcvenli\u011fini tehdit eden her t\u00fcrl\u00fc su\u00e7 ve olumsuzlukla, ba\u015fta faili me\u00e7hul olaylar\u0131n ayd\u0131nlat\u0131lmas\u0131 olmak<\/strong> <strong>\u00fczere, b\u00fcy\u00fck bir kararl\u0131l\u0131kla m\u00fccadelemizi s\u00fcrd\u00fcrece\u011fiz.\u201d<\/strong><\/p>\n<p><img decoding=\"async\" class=\"alignnone size-medium wp-image-196777\" src=\"https:\/\/www.son.tv\/wp-content\/uploads\/2026\/09\/602629fb-45d1-4e19-bed9-3bebc50dcce9-300x276.jpeg\" alt=\"\" width=\"300\" height=\"276\" \/><\/p>\n<p><strong>\u201cYARGIYA DUYULAN G\u00dcVEN\u0130 DAHA DA PEK\u0130\u015eT\u0130RECE\u011e\u0130Z\u201d<\/strong><\/p>\n<p>Vatanda\u015flar\u0131n yarg\u0131ya duydu\u011fu g\u00fcvenin g\u00fc\u00e7lendirilmesinin yeni d\u00f6nemin \u00f6nemli hedeflerinden biri oldu\u011funu belirten <strong>Yeldan<\/strong>, adalete eri\u015fimin kolayla\u015ft\u0131r\u0131lmas\u0131 ve sunulan hizmetlerin niteli\u011finin art\u0131r\u0131lmas\u0131 i\u00e7in yeni projelerin hayata ge\u00e7irilece\u011fini kaydetti.<\/p>\n<p><strong>Yeldan<\/strong> a\u00e7\u0131klamas\u0131nda:<\/p>\n<p>\u201c<strong>Vatanda\u015flar\u0131m\u0131z\u0131n yarg\u0131ya duydu\u011fu g\u00fcveni daha da peki\u015ftirmek, adalete eri\u015fimi kolayla\u015ft\u0131rmak ve sunulan hizmetlerin niteli\u011fini art\u0131rmak amac\u0131yla yeni adli y\u0131lda \u00f6nemli projeleri de hayata ge\u00e7iriyoruz.\u201d<\/strong> dedi.<\/p>\n<p><img decoding=\"async\" class=\"alignnone size-medium wp-image-196778\" src=\"https:\/\/www.son.tv\/wp-content\/uploads\/2026\/09\/e47da3a8-545c-4575-9d58-5e275633dec9-300x200.jpeg\" alt=\"\" width=\"300\" height=\"200\" \/><\/p>\n<p><strong>HALKAPINAR EK H\u0130ZMET B\u0130NASI FAAL\u0130YETE GE\u00c7ECEK<\/strong><\/p>\n<p><strong>Ba\u015fsavc\u0131 Ali Yeldan\u2019<\/strong>\u0131n a\u00e7\u0131klad\u0131\u011f\u0131 yeni d\u00f6nem projelerinden biri <strong>Halkap\u0131nar Ek Hizmet Binas\u0131<\/strong> oldu.<\/p>\n<p><strong>Yeldan, Halkap\u0131nar Ek Hizmet Binas\u0131<\/strong>\u2019n\u0131n faaliyete ge\u00e7irilmesiyle \u0130zmir\u2019de adli hizmetlerin fiziki kapasitesi ve eri\u015filebilirli\u011finin art\u0131r\u0131laca\u011f\u0131n\u0131 s\u00f6yledi.<\/p>\n<p><strong>Yeldan:<\/strong><\/p>\n<p><strong>\u201cBu kapsamda Halkap\u0131nar Ek Hizmet Binam\u0131z\u0131n faaliyete ge\u00e7mesiyle birlikte adli hizmetlerin fiziki kapasitesini ve eri\u015filebilirli\u011fini art\u0131raca\u011f\u0131z.\u201d<\/strong> ifadelerini kulland\u0131.<\/p>\n<p><strong>ADNAN MENDERES HAVAL\u0130MANI\u2019NDA ADL\u0130YE B\u0130R\u0130M\u0130<\/strong><\/p>\n<p>Yeni adli y\u0131lda hayata ge\u00e7irilecek \u00f6nemli projeler aras\u0131nda <strong>Adnan Menderes Uluslararas\u0131 Havaliman\u0131 Adliye Birimi<\/strong> de yer ald\u0131.<\/p>\n<p><strong>Ba\u015fsavc\u0131 Yeldan,<\/strong> havaliman\u0131nda olu\u015fturulacak adliye birimiyle adli hizmetlerin ihtiya\u00e7 duyulan noktaya ta\u015f\u0131naca\u011f\u0131n\u0131 ve h\u0131zl\u0131 m\u00fcdahale imk\u00e2n\u0131n\u0131n g\u00fc\u00e7lendirilece\u011fini a\u00e7\u0131klad\u0131.<\/p>\n<p><strong>Yeldan:<\/strong><\/p>\n<p><strong>\u201cAdnan Menderes Uluslararas\u0131 Havaliman\u0131 Adliye Birimi ile adli hizmetleri ihtiya\u00e7 duyulan noktaya ta\u015f\u0131yarak h\u0131zl\u0131 ve etkin m\u00fcdahale imk\u00e2n\u0131n\u0131 g\u00fc\u00e7lendirece\u011fiz.\u201d<\/strong> dedi.<\/p>\n<p><img loading=\"lazy\" decoding=\"async\" loading=\"lazy\" class=\"alignnone size-medium wp-image-196779\" src=\"https:\/\/www.son.tv\/wp-content\/uploads\/2026\/09\/284e2c8c-a4e6-4aa8-ba4d-f173ef6275d7-1-300x200.jpeg\" alt=\"\" width=\"300\" height=\"200\" \/><\/p>\n<p><strong>YARGININ ETK\u0130NL\u0130\u011e\u0130 B\u00dcROSU FAAL\u0130YETE GE\u00c7ECEK<\/strong><\/p>\n<p><strong>\u0130zmir Adliyesi<\/strong> b\u00fcnyesinde yeni d\u00f6nemde <strong>\u201cYarg\u0131n\u0131n Etkinli\u011fi B\u00fcrosu\u201d<\/strong> da faaliyete ge\u00e7irilecek.<\/p>\n<p><strong>Ba\u015fsavc\u0131 Ali Yeldan,<\/strong> s\u00f6z konusu b\u00fcro ile yarg\u0131 s\u00fcre\u00e7lerinin daha etkin, verimli ve koordineli bi\u00e7imde y\u00fcr\u00fct\u00fclmesine katk\u0131 sa\u011flanmas\u0131n\u0131n hedeflendi\u011fini belirtti.<\/p>\n<p><strong>Yeldan:<\/strong><\/p>\n<p><strong>\u201cAdliyemiz b\u00fcnyesinde faaliyete ge\u00e7ecek Yarg\u0131n\u0131n Etkinli\u011fi B\u00fcrosu ile de yarg\u0131 s\u00fcre\u00e7lerinin daha etkin, verimli ve koordineli y\u00fcr\u00fct\u00fclmesine katk\u0131 sa\u011flayaca\u011f\u0131z.\u201d<\/strong> ifadelerini kulland\u0131.<\/p>\n<p>\u201c<strong>\u0130ZM\u0130R\u2019\u0130 ADALET H\u0130ZMETLER\u0130NDE \u00d6NC\u00dc \u015eEH\u0130RLERDEN B\u0130R\u0130 H\u00c2L\u0130NE GET\u0130RME HEDEF\u0130M\u0130Z\u0130 S\u00dcRD\u00dcR\u00dcYORUZ\u201d<\/strong><\/p>\n<p>Fiziki ve teknolojik altyap\u0131n\u0131n g\u00fc\u00e7lendirilmesine y\u00f6nelik \u00e7al\u0131\u015fmalar\u0131n yeni adli y\u0131lda devam edece\u011fini belirten <strong>Ba\u015fsavc\u0131 Yeldan<\/strong>, vatanda\u015f odakl\u0131 hizmet anlay\u0131\u015f\u0131n\u0131n ileriye ta\u015f\u0131naca\u011f\u0131n\u0131 ifade etti.<\/p>\n<p><strong>Yeldan<\/strong> \u015funlar\u0131 s\u00f6yledi:<\/p>\n<p>\u201c<strong>Fiziki ve teknolojik altyap\u0131m\u0131z\u0131 g\u00fc\u00e7lendiren, vatanda\u015f odakl\u0131 hizmet anlay\u0131\u015f\u0131m\u0131z\u0131 ileriye ta\u015f\u0131yan bu \u00e7al\u0131\u015fmalarla \u0130zmir\u2019i adalet hizmetlerinde T\u00fcrkiye\u2019nin en modern ve \u00f6nc\u00fc \u015fehirlerinden biri h\u00e2line getirme hedefimizi kararl\u0131l\u0131kla s\u00fcrd\u00fcr\u00fcyoruz.\u201d<\/strong><\/p>\n<p>\u201c<strong>GEC\u0130KMEYEN, G\u00dcVEN VEREN VE HERKES \u0130\u00c7\u0130N ER\u0130\u015e\u0130LEB\u0130L\u0130R ADALET\u201d<\/strong><\/p>\n<p><strong>Ba\u015fsavc\u0131 Ali Yeldan,<\/strong> yeni d\u00f6nemde t\u00fcm yarg\u0131 mensuplar\u0131, avukatlar ve adliye \u00e7al\u0131\u015fanlar\u0131yla birlikte adalet hizmetlerinin etkinli\u011fini art\u0131rmaya y\u00f6nelik \u00e7al\u0131\u015fmalar\u0131n s\u00fcrece\u011fini belirtti.<\/p>\n<p><strong>Yeldan:<\/strong><\/p>\n<p><strong>\u201cT\u00fcm yarg\u0131 mensuplar\u0131m\u0131z, avukatlar\u0131m\u0131z ve adliye \u00e7al\u0131\u015fanlar\u0131m\u0131zla birlikte; gecikmeyen, g\u00fcven veren ve herkes i\u00e7in eri\u015filebilir bir adalet anlay\u0131\u015f\u0131yla \u00e7al\u0131\u015fmaya devam edece\u011fiz.\u201d dedi.<\/strong><\/p>\n<p><img loading=\"lazy\" decoding=\"async\" loading=\"lazy\" class=\"alignnone size-medium wp-image-196780\" src=\"https:\/\/www.son.tv\/wp-content\/uploads\/2026\/09\/602629fb-45d1-4e19-bed9-3bebc50dcce9-1-300x276.jpeg\" alt=\"\" width=\"300\" height=\"276\" \/><\/p>\n<p><strong>YELDAN\u2019DAN YEN\u0130 ADL\u0130 YIL MESAJI<\/strong><\/p>\n<p><strong>\u0130zmir Cumhuriyet Ba\u015fsavc\u0131s\u0131 Ali Yeldan<\/strong> a\u00e7\u0131klamas\u0131n\u0131 yeni adli y\u0131l\u0131n \u00fclkeye, millete, <strong>\u0130zmir<\/strong>\u2019e ve yarg\u0131 camias\u0131na hay\u0131rl\u0131 olmas\u0131 temennisiyle tamamlad\u0131.<\/p>\n<p><strong>Yeldan:<\/strong><\/p>\n<p><strong>\u201cYeni adli y\u0131l\u0131n \u00fclkemize, milletimize, kentimiz \u0130zmir\u2019imize, avukatlar\u0131m\u0131za ve yarg\u0131 camiam\u0131za hay\u0131rl\u0131 olmas\u0131n\u0131 diliyorum.\u201d<\/strong> ifadelerini kulland\u0131.<\/p>\n<p><strong>ET\u0130KETLER: #\u0130zmirAdliyesi #AliYeldan #\u0130zmirCumhuriyetBa\u015fsavc\u0131l\u0131\u011f\u0131 #YeniAdliY\u0131l #AdliY\u0131l #Yarg\u0131 #Adalet #Halkap\u0131nar #AdnanMenderesHavaliman\u0131 #Yarg\u0131n\u0131nEtkinli\u011fiB\u00fcrosu #\u0130zmir<\/strong><\/p>\n<p>\u0130zmir Adliyesi\u2019nde 2026-2027 Adli Y\u0131l\u0131 A\u00e7\u0131l\u0131\u015f T\u00f6reni ger\u00e7ekle\u015ftirildi. \u0130zmir Cumhuriyet Ba\u015fsavc\u0131s\u0131 Ali Yeldan, yeni d\u00f6nemde adalet hizmetlerinin daha h\u0131zl\u0131, etkin ve eri\u015filebilir h\u00e2le getirilmesi hedefiyle Halkap\u0131nar Ek Hizmet Binas\u0131, Adnan Menderes Uluslararas\u0131 Havaliman\u0131 Adliye Birimi ve Yarg\u0131n\u0131n Etkinli\u011fi B\u00fcrosu\u2019nun hayata ge\u00e7irilece\u011fini a\u00e7\u0131klad\u0131.\u00a0<a href=\"https:\/\/www.son.tv\/izmir-adliyesinde-yeni-adli-yil-basladi-bassavci-ali-yeldan-yeni-projeleri-acikladi\/\" target=\"_blank\" class=\"feedzy-rss-link-icon\">Read More<\/a><\/p>","protected":false},"excerpt":{"rendered":"<p>\u00a0 SON.TV\/\u0130ZM\u0130R 2026-2027 Adli Y\u0131l\u0131\u2019n\u0131n ba\u015flamas\u0131 dolay\u0131s\u0131yla \u0130zmir Adliyesi protokol alan\u0131nda a\u00e7\u0131l\u0131\u015f t\u00f6reni d\u00fczenlendi. Yarg\u0131 mensuplar\u0131, avukatlar ve adliye \u00e7al\u0131\u015fanlar\u0131n\u0131n kat\u0131ld\u0131\u011f\u0131 t\u00f6rende yeni adli y\u0131l\u0131n \u0130zmir\u2019deki adalet hizmetlerine ili\u015fkin hedefleri de a\u00e7\u0131kland\u0131. Programa; \u0130zmir Cumhuriyet Ba\u015fsavc\u0131s\u0131 Ali Yeldan, \u0130zmir Adli Yarg\u0131 \u0130lk Derece Mahkemesi Adalet Komisyonu Ba\u015fkan\u0131 Onur Sert, Komisyon \u00dcyesi, Cumhuriyet Ba\u015fsavc\u0131vekilleri, h\u00e2kimler, Cumhuriyet [&hellip;]<\/p>\n","protected":false},"author":1,"featured_media":42053,"comment_status":"open","ping_status":"open","sticky":false,"template":"","format":"standard","meta":{"footnotes":"","_links_to":"","_links_to_target":""},"categories":[1],"tags":[],"class_list":["post-42052","post","type-post","status-publish","format-standard","has-post-thumbnail","hentry","category-haberler"],"_links":{"self":[{"href":"https:\/\/www.abchukuk.com\/index.php\/wp-json\/wp\/v2\/posts\/42052","targetHints":{"allow":["GET"]}}],"collection":[{"href":"https:\/\/www.abchukuk.com\/index.php\/wp-json\/wp\/v2\/posts"}],"about":[{"href":"https:\/\/www.abchukuk.com\/index.php\/wp-json\/wp\/v2\/types\/post"}],"author":[{"embeddable":true,"href":"https:\/\/www.abchukuk.com\/index.php\/wp-json\/wp\/v2\/users\/1"}],"replies":[{"embeddable":true,"href":"https:\/\/www.abchukuk.com\/index.php\/wp-json\/wp\/v2\/comments?post=42052"}],"version-history":[{"count":0,"href":"https:\/\/www.abchukuk.com\/index.php\/wp-json\/wp\/v2\/posts\/42052\/revisions"}],"wp:featuredmedia":[{"embeddable":true,"href":"https:\/\/www.abchukuk.com\/index.php\/wp-json\/wp\/v2\/media\/42053"}],"wp:attachment":[{"href":"https:\/\/www.abchukuk.com\/index.php\/wp-json\/wp\/v2\/media?parent=42052"}],"wp:term":[{"taxonomy":"category","embeddable":true,"href":"https:\/\/www.abchukuk.com\/index.php\/wp-json\/wp\/v2\/categories?post=42052"},{"taxonomy":"post_tag","embeddable":true,"href":"https:\/\/www.abchukuk.com\/index.php\/wp-json\/wp\/v2\/tags?post=42052"}],"curies":[{"name":"wp","href":"https:\/\/api.w.org\/{rel}","templated":true}]}}