{"id":42050,"date":"2026-09-01T04:59:41","date_gmt":"2026-09-01T04:59:41","guid":{"rendered":"https:\/\/www.abchukuk.com\/index.php\/2026\/09\/01\/deniz-goktas-icin-yeniden-tutuklama-karari\/"},"modified":"2026-09-01T04:59:41","modified_gmt":"2026-09-01T04:59:41","slug":"deniz-goktas-icin-yeniden-tutuklama-karari","status":"publish","type":"post","link":"https:\/\/www.abchukuk.com\/index.php\/2026\/09\/01\/deniz-goktas-icin-yeniden-tutuklama-karari\/","title":{"rendered":"Deniz G\u00f6kta\u015f i\u00e7in yeniden tutuklama karar\u0131"},"content":{"rendered":"<p>Komedyen Deniz G\u00f6kta\u015f, hakk\u0131nda verilen tahliye karar\u0131n\u0131n ard\u0131ndan ba\u015fka bir su\u00e7lamayla tekrar tutuklanm\u0131\u015ft\u0131. G\u00f6kta\u015f &#8220;halk\u0131 kin ve d\u00fc\u015fmanl\u0131\u011fa alenen tahrik etme&#8221; ile &#8220;Cumhurba\u015fkan\u0131na hakaret&#8221; su\u00e7lar\u0131ndan ayr\u0131 ayr\u0131 tutuklanmas\u0131na oy birli\u011fiyle karar verdiKomedyen Deniz G\u00f6kta\u015f, hakk\u0131nda verilen tahliye karar\u0131n\u0131n ard\u0131ndan ba\u015fka bir su\u00e7lamayla tekrar tutuklanm\u0131\u015ft\u0131. G\u00f6kta\u015f &#8220;halk\u0131 kin ve d\u00fc\u015fmanl\u0131\u011fa alenen tahrik etme&#8221; ile &#8220;Cumhurba\u015fkan\u0131na hakaret&#8221; su\u00e7lar\u0131ndan ayr\u0131 ayr\u0131 tutuklanmas\u0131na oy birli\u011fiyle karar verdi\u00a0<a href=\"https:\/\/www.haberturk.com\/son-dakika-deniz-goktas-hakkinda-yeniden-tutuklama-karari-3909429\" target=\"_blank\" class=\"feedzy-rss-link-icon\">Read More<\/a><\/p>","protected":false},"excerpt":{"rendered":"<p>Komedyen Deniz G\u00f6kta\u015f, hakk\u0131nda verilen tahliye karar\u0131n\u0131n ard\u0131ndan ba\u015fka bir su\u00e7lamayla tekrar tutuklanm\u0131\u015ft\u0131. G\u00f6kta\u015f &#8220;halk\u0131 kin ve d\u00fc\u015fmanl\u0131\u011fa alenen tahrik etme&#8221; ile &#8220;Cumhurba\u015fkan\u0131na hakaret&#8221; su\u00e7lar\u0131ndan ayr\u0131 ayr\u0131 tutuklanmas\u0131na oy birli\u011fiyle karar verdiKomedyen Deniz G\u00f6kta\u015f, hakk\u0131nda verilen tahliye karar\u0131n\u0131n ard\u0131ndan ba\u015fka bir su\u00e7lamayla tekrar tutuklanm\u0131\u015ft\u0131. G\u00f6kta\u015f &#8220;halk\u0131 kin ve d\u00fc\u015fmanl\u0131\u011fa alenen tahrik etme&#8221; ile &#8220;Cumhurba\u015fkan\u0131na hakaret&#8221; [&hellip;]<\/p>\n","protected":false},"author":1,"featured_media":0,"comment_status":"open","ping_status":"open","sticky":false,"template":"","format":"standard","meta":{"footnotes":"","_links_to":"","_links_to_target":""},"categories":[1],"tags":[],"class_list":["post-42050","post","type-post","status-publish","format-standard","hentry","category-haberler"],"_links":{"self":[{"href":"https:\/\/www.abchukuk.com\/index.php\/wp-json\/wp\/v2\/posts\/42050","targetHints":{"allow":["GET"]}}],"collection":[{"href":"https:\/\/www.abchukuk.com\/index.php\/wp-json\/wp\/v2\/posts"}],"about":[{"href":"https:\/\/www.abchukuk.com\/index.php\/wp-json\/wp\/v2\/types\/post"}],"author":[{"embeddable":true,"href":"https:\/\/www.abchukuk.com\/index.php\/wp-json\/wp\/v2\/users\/1"}],"replies":[{"embeddable":true,"href":"https:\/\/www.abchukuk.com\/index.php\/wp-json\/wp\/v2\/comments?post=42050"}],"version-history":[{"count":0,"href":"https:\/\/www.abchukuk.com\/index.php\/wp-json\/wp\/v2\/posts\/42050\/revisions"}],"wp:attachment":[{"href":"https:\/\/www.abchukuk.com\/index.php\/wp-json\/wp\/v2\/media?parent=42050"}],"wp:term":[{"taxonomy":"category","embeddable":true,"href":"https:\/\/www.abchukuk.com\/index.php\/wp-json\/wp\/v2\/categories?post=42050"},{"taxonomy":"post_tag","embeddable":true,"href":"https:\/\/www.abchukuk.com\/index.php\/wp-json\/wp\/v2\/tags?post=42050"}],"curies":[{"name":"wp","href":"https:\/\/api.w.org\/{rel}","templated":true}]}}