{"id":42038,"date":"2026-09-01T06:24:09","date_gmt":"2026-09-01T06:24:09","guid":{"rendered":"https:\/\/www.abchukuk.com\/index.php\/2026\/09\/01\/bakan-gurlek-acikladi-135-alo-adalet-bugun-devreye-giriyor-5-yili-asan-davalar-icin-vatandas-dogrudan-basvurabilecek\/"},"modified":"2026-09-01T06:24:09","modified_gmt":"2026-09-01T06:24:09","slug":"bakan-gurlek-acikladi-135-alo-adalet-bugun-devreye-giriyor-5-yili-asan-davalar-icin-vatandas-dogrudan-basvurabilecek","status":"publish","type":"post","link":"https:\/\/www.abchukuk.com\/index.php\/2026\/09\/01\/bakan-gurlek-acikladi-135-alo-adalet-bugun-devreye-giriyor-5-yili-asan-davalar-icin-vatandas-dogrudan-basvurabilecek\/","title":{"rendered":"Bakan G\u00fcrlek a\u00e7\u0131klad\u0131: 135 Alo Adalet bug\u00fcn devreye giriyor: 5 y\u0131l\u0131 a\u015fan davalar i\u00e7in vatanda\u015f do\u011frudan ba\u015fvurabilecek"},"content":{"rendered":"<p><strong>SON.TV\/ANKARA<\/strong><\/p>\n<p>Adalet Bakanl\u0131\u011f\u0131, uzun s\u00fcren dava ve soru\u015fturma dosyalar\u0131n\u0131n takibine y\u00f6nelik yeni uygulamay\u0131 2026-2027 Adli Y\u0131l\u0131\u2019n\u0131n ilk g\u00fcn\u00fcnde hayata ge\u00e7iriyor.<\/p>\n<p>Adalet Bakan\u0131 Ak\u0131n G\u00fcrlek, Cumhurba\u015fkan\u0131 Recep Tayyip Erdo\u011fan\u2019\u0131n liderli\u011finde \u201cT\u00fcrkiye Y\u00fczy\u0131l\u0131\u2019n\u0131 Adaletin Y\u00fczy\u0131l\u0131 k\u0131lma\u201d hedefi do\u011frultusunda yarg\u0131 hizmetlerinin daha eri\u015filebilir, etkin ve h\u0131zl\u0131 hale getirilmesi amac\u0131yla yeni ad\u0131mlar att\u0131klar\u0131n\u0131 belirtti.<\/p>\n<p><strong>135 ALO ADALET SAAT 10.00\u2019DA BA\u015eLIYOR<\/strong><\/p>\n<p>Yeni adli y\u0131l\u0131n ilk g\u00fcn\u00fc olan 1 Eyl\u00fcl\u2019de ba\u015flayacak uygulama kapsam\u0131nda 135 Alo Adalet Hatt\u0131, saat 10.00 itibar\u0131yla Ankara Bat\u0131, \u0130zmir ve Kayseri adliyelerinde pilot olarak vatanda\u015flar\u0131n kullan\u0131m\u0131na a\u00e7\u0131lacak.<\/p>\n<p>Pilot uygulaman\u0131n sonu\u00e7lar\u0131n\u0131n ard\u0131ndan sistemin k\u0131sa s\u00fcre i\u00e7erisinde T\u00fcrkiye geneline yayg\u0131nla\u015ft\u0131r\u0131lmas\u0131 hedefleniyor.<\/p>\n<p><strong>5 YILI A\u015eAN DAVALAR \u0130\u00c7\u0130N BA\u015eVURU YAPILAB\u0130LECEK<\/strong><\/p>\n<p>Yeni sistem \u00f6zellikle uzun s\u00fcredir devam eden dava ve soru\u015fturma dosyalar\u0131n\u0131 kapsayacak.<\/p>\n<p>Buna g\u00f6re taraf\u0131 oldu\u011fu ve halen a\u00e7\u0131k bulunan dava dosyas\u0131 5 y\u0131l\u0131 a\u015fan vatanda\u015flar 135 Alo Adalet Hatt\u0131 \u00fczerinden ba\u015fvuru yapabilecek.<\/p>\n<p>Soru\u015fturma dosyalar\u0131nda ise s\u00fcre 3 y\u0131l olarak uygulanacak. \u00dc\u00e7 y\u0131l\u0131 a\u015fan ve halen devam eden soru\u015fturma dosyalar\u0131 i\u00e7in de vatanda\u015flar\u0131n Alo Adalet \u00fczerinden ba\u015fvuruda bulunmas\u0131na imkan sa\u011flanacak.<\/p>\n<p><strong>\u0130LK DERECE, BAM VE B\u00d6LGE \u0130DARE MAHKEMELER\u0130 KAPSAMDA<\/strong><\/p>\n<p>Uygulama yaln\u0131zca ilk derece mahkemelerindeki dosyalarla s\u0131n\u0131rl\u0131 olmayacak.<\/p>\n<p>\u0130lk derece mahkemeleri ile b\u00f6lge adliye mahkemeleri ve b\u00f6lge idare mahkemelerindeki \u015fartlar\u0131 ta\u015f\u0131yan dosyalar hakk\u0131nda da Alo Adalet 135 \u00fczerinden ba\u015fvuru ger\u00e7ekle\u015ftirilebilecek.<\/p>\n<p><strong>YAPAY ZEK\u00c2 DESTEKL\u0130 SESL\u0130 AS\u0130STAN DEVREDE<\/strong><\/p>\n<p>135\u2019i arayan vatanda\u015f\u0131n \u00f6ncelikle g\u00fcvenli kimlik ve ileti\u015fim do\u011frulamas\u0131 ger\u00e7ekle\u015ftirilecek.<\/p>\n<p>Do\u011frulama i\u015fleminin ard\u0131ndan yapay zek\u00e2 destekli sesli asistan, ba\u015fvuru sahibini y\u00f6nlendirecek. Vatanda\u015flar gerekli bilgileri sisteme girerek ba\u015fvurular\u0131n\u0131 olu\u015fturabilecek.<\/p>\n<p>\u0130\u015flemin yapay zek\u00e2 destekli sesli asistan \u00fczerinden tamamlanamamas\u0131 veya vatanda\u015f\u0131n talep etmesi halinde uzman temsilciye ba\u011flanma imkan\u0131 da bulunacak.<\/p>\n<p><strong>BA\u015eVURULAR ETK\u0130NL\u0130K B\u00dcROLARINA G\u0130DECEK<\/strong><\/p>\n<p>135 Alo Adalet \u00fczerinden al\u0131nan m\u00fcracaatlar Yarg\u0131 Hizmetlerinin Etkinli\u011fi B\u00fcrolar\u0131na ula\u015ft\u0131r\u0131lacak.<\/p>\n<p>Ba\u015fvurular \u00fczerinde gerekli kontroller ger\u00e7ekle\u015ftirildikten sonra ihtiya\u00e7 duyulmas\u0131 halinde dosya, ilgili mahkeme veya Cumhuriyet Ba\u015fsavc\u0131l\u0131\u011f\u0131n\u0131n de\u011ferlendirmesine sunulacak.<\/p>\n<p>S\u00fcre\u00e7, Hakimler ve Savc\u0131lar Kurulunun belirledi\u011fi kriterler do\u011frultusunda ilgili yarg\u0131 birimlerince de\u011ferlendirilecek.<\/p>\n<p><strong>ADL\u0130YEDEN DE DO\u011eRUDAN BA\u015eVURU YAPILAB\u0130LECEK<\/strong><\/p>\n<p>Vatanda\u015flar\u0131n ba\u015fvuru yapabilece\u011fi tek kanal telefon hatt\u0131 olmayacak.<\/p>\n<p>Adliyelerde olu\u015fturulan Yarg\u0131 Hizmetlerinin Etkinli\u011fi B\u00fcrolar\u0131na bizzat m\u00fcracaat edilerek de talep ve ba\u015fvurular iletilebilecek.<\/p>\n<p><strong>DAVA DOSYALARINDA SMS \u0130LE B\u0130LG\u0130 VER\u0130LECEK<\/strong><\/p>\n<p>Dava dosyalar\u0131yla ilgili ba\u015fvurularda s\u00fcre\u00e7 hakk\u0131ndaki bilgilendirme ba\u015fvuru sahibine SMS yoluyla iletilecek.<\/p>\n<p>Soru\u015fturma dosyalar\u0131nda ise soru\u015fturman\u0131n gizlili\u011fi ilkesi nedeniyle yaln\u0131zca ba\u015fvurunun al\u0131nd\u0131\u011f\u0131na ili\u015fkin bilgilendirme yap\u0131lacak.<\/p>\n<p><strong>G\u00dcRLEK: T\u00dcRK\u0130YE GENEL\u0130NE YAYGINLA\u015eTIRACA\u011eIZ<\/strong><\/p>\n<p><strong>Adalet Bakan\u0131 Ak\u0131n G\u00fcrlek, Ankara Bat\u0131, \u0130zmir<\/strong> ve <strong>Kayseri<\/strong> adliyelerinde ba\u015flayan pilot uygulaman\u0131n k\u0131sa s\u00fcre i\u00e7erisinde \u00fclke genelinde yayg\u0131nla\u015ft\u0131r\u0131laca\u011f\u0131n\u0131 a\u00e7\u0131klad\u0131.<\/p>\n<p><strong>G\u00fcrlek<\/strong>, yeni sistemle yarg\u0131lamalar\u0131n makul s\u00fcrede tamamlanmas\u0131na katk\u0131 sa\u011flanmas\u0131n\u0131n ve uzun s\u00fcren dosyalar\u0131n etkin bi\u00e7imde takip edilmesinin ama\u00e7land\u0131\u011f\u0131n\u0131 belirtti.<\/p>\n<p>\u201c<strong>ADALET\u0130N VAKT\u0130NDE TECELL\u0130S\u0130N\u0130 TEM\u0130N ETMEK\u201d<\/strong><\/p>\n<p><strong>Bakan G\u00fcrlek,<\/strong> 2026-2027 Adli Y\u0131l\u0131\u2019n\u0131n ba\u015flamas\u0131 dolay\u0131s\u0131yla yapt\u0131\u011f\u0131 a\u00e7\u0131klamada, uygulaman\u0131n temel amac\u0131n\u0131 yarg\u0131lamalar\u0131n makul s\u00fcrede tamamlanmas\u0131na katk\u0131 sa\u011flamak ve adaletin vaktinde tecellisini temin etmek olarak a\u00e7\u0131klad\u0131.<\/p>\n<p><strong>G\u00fcrlek<\/strong>, yeni adli y\u0131l\u0131n T\u00fcrkiye, millet ve hukuk camias\u0131 i\u00e7in adaletin daha h\u0131zl\u0131 ve etkin tecelli etti\u011fi bir d\u00f6nem olmas\u0131n\u0131 temenni ederek, 135 Alo Adalet Hatt\u0131\u2019n\u0131n da bu hedefe g\u00fc\u00e7l\u00fc katk\u0131 sunmas\u0131n\u0131 beklediklerini ifade etti.<\/p>\n<p><strong>ET\u0130KETLER: #AloAdalet135 #AloAdalet #AdaletBakanl\u0131\u011f\u0131 #Ak\u0131nG\u00fcrlek #AdliY\u0131l #Yarg\u0131 #AnkaraBat\u0131Adliyesi #\u0130zmirAdliyesi #KayseriAdliyesi #Yarg\u0131HizmetlerininEtkinli\u011fiB\u00fcrosu #Adalet<\/strong><\/p>\n<p>Adalet Bakan\u0131 Ak\u0131n G\u00fcrlek, 2026-2027 Adli Y\u0131l\u0131\u2019n\u0131n ilk g\u00fcn\u00fcnde yarg\u0131da yeni bir uygulaman\u0131n ba\u015flayaca\u011f\u0131n\u0131 a\u00e7\u0131klad\u0131. 135 Alo Adalet Hatt\u0131 bug\u00fcn saat 10.00 itibar\u0131yla Ankara Bat\u0131, \u0130zmir ve Kayseri adliyelerinde pilot olarak hizmete giriyor. Uygulama kapsam\u0131nda 5 y\u0131l\u0131 a\u015fan dava ve 3 y\u0131l\u0131 a\u015fan soru\u015fturma dosyalar\u0131 i\u00e7in vatanda\u015flar do\u011frudan ba\u015fvuruda bulunabilecek.\u00a0<a href=\"https:\/\/www.son.tv\/bakan-gurlek-acikladi-135-alo-adalet-bugun-devreye-giriyor-5-yili-asan-davalar-icin-vatandas-dogrudan-basvurabilecek\/\" target=\"_blank\" class=\"feedzy-rss-link-icon\">Read More<\/a><\/p>","protected":false},"excerpt":{"rendered":"<p>SON.TV\/ANKARA Adalet Bakanl\u0131\u011f\u0131, uzun s\u00fcren dava ve soru\u015fturma dosyalar\u0131n\u0131n takibine y\u00f6nelik yeni uygulamay\u0131 2026-2027 Adli Y\u0131l\u0131\u2019n\u0131n ilk g\u00fcn\u00fcnde hayata ge\u00e7iriyor. Adalet Bakan\u0131 Ak\u0131n G\u00fcrlek, Cumhurba\u015fkan\u0131 Recep Tayyip Erdo\u011fan\u2019\u0131n liderli\u011finde \u201cT\u00fcrkiye Y\u00fczy\u0131l\u0131\u2019n\u0131 Adaletin Y\u00fczy\u0131l\u0131 k\u0131lma\u201d hedefi do\u011frultusunda yarg\u0131 hizmetlerinin daha eri\u015filebilir, etkin ve h\u0131zl\u0131 hale getirilmesi amac\u0131yla yeni ad\u0131mlar att\u0131klar\u0131n\u0131 belirtti. 135 ALO ADALET SAAT 10.00\u2019DA [&hellip;]<\/p>\n","protected":false},"author":1,"featured_media":0,"comment_status":"open","ping_status":"open","sticky":false,"template":"","format":"standard","meta":{"footnotes":"","_links_to":"","_links_to_target":""},"categories":[1],"tags":[],"class_list":["post-42038","post","type-post","status-publish","format-standard","hentry","category-haberler"],"_links":{"self":[{"href":"https:\/\/www.abchukuk.com\/index.php\/wp-json\/wp\/v2\/posts\/42038","targetHints":{"allow":["GET"]}}],"collection":[{"href":"https:\/\/www.abchukuk.com\/index.php\/wp-json\/wp\/v2\/posts"}],"about":[{"href":"https:\/\/www.abchukuk.com\/index.php\/wp-json\/wp\/v2\/types\/post"}],"author":[{"embeddable":true,"href":"https:\/\/www.abchukuk.com\/index.php\/wp-json\/wp\/v2\/users\/1"}],"replies":[{"embeddable":true,"href":"https:\/\/www.abchukuk.com\/index.php\/wp-json\/wp\/v2\/comments?post=42038"}],"version-history":[{"count":0,"href":"https:\/\/www.abchukuk.com\/index.php\/wp-json\/wp\/v2\/posts\/42038\/revisions"}],"wp:attachment":[{"href":"https:\/\/www.abchukuk.com\/index.php\/wp-json\/wp\/v2\/media?parent=42038"}],"wp:term":[{"taxonomy":"category","embeddable":true,"href":"https:\/\/www.abchukuk.com\/index.php\/wp-json\/wp\/v2\/categories?post=42038"},{"taxonomy":"post_tag","embeddable":true,"href":"https:\/\/www.abchukuk.com\/index.php\/wp-json\/wp\/v2\/tags?post=42038"}],"curies":[{"name":"wp","href":"https:\/\/api.w.org\/{rel}","templated":true}]}}