{"id":42035,"date":"2026-09-01T06:26:57","date_gmt":"2026-09-01T06:26:57","guid":{"rendered":"https:\/\/www.abchukuk.com\/index.php\/2026\/09\/01\/gurlek-135-alo-adalet-hatti-erisime-acildi\/"},"modified":"2026-09-01T06:26:57","modified_gmt":"2026-09-01T06:26:57","slug":"gurlek-135-alo-adalet-hatti-erisime-acildi","status":"publish","type":"post","link":"https:\/\/www.abchukuk.com\/index.php\/2026\/09\/01\/gurlek-135-alo-adalet-hatti-erisime-acildi\/","title":{"rendered":"G\u00fcrlek: 135 Alo Adalet Hatt\u0131 eri\u015fime a\u00e7\u0131ld\u0131"},"content":{"rendered":"<p>Adalet Bakan\u0131 G\u00fcrlek, &#8220;2026-2027 Adli Y\u0131l\u0131\u2019na, vatanda\u015flar\u0131m\u0131z\u0131n adalete eri\u015fimini kolayla\u015ft\u0131racak yeni bir ad\u0131mla ba\u015fl\u0131yor ve 135 Alo Adalet Hatt\u0131\u2019n\u0131 hayata ge\u00e7iriyoruz. Yeni adli y\u0131l\u0131n ilk g\u00fcn\u00fc olan bug\u00fcn; saat 10.00 itibar\u0131yla Ankara Bat\u0131, \u0130zmir ve Kayseri adliyelerimizde pilot olarak hizmet vermeye ba\u015flayacak 135 Alo Adalet ile; 5 y\u0131l\u0131 a\u015fan dava dosyalar\u0131, 3 y\u0131l\u0131 a\u015fan soru\u015fturma dosyalar\u0131 i\u00e7in vatanda\u015flar\u0131m\u0131z do\u011frudan ba\u015fvuruda bulunabilecek.&#8221; payla\u015f\u0131m\u0131nda bulunduAdalet Bakan\u0131 G\u00fcrlek, &#8220;2026-2027 Adli Y\u0131l\u0131\u2019na, vatanda\u015flar\u0131m\u0131z\u0131n adalete eri\u015fimini kolayla\u015ft\u0131racak yeni bir ad\u0131mla ba\u015fl\u0131yor ve 135 Alo Adalet Hatt\u0131\u2019n\u0131 hayata ge\u00e7iriyoruz. Yeni adli y\u0131l\u0131n ilk g\u00fcn\u00fc olan bug\u00fcn; saat 10.00 itibar\u0131yla Ankara Bat\u0131, \u0130zmir ve Kayseri adliyelerimizde pilot olarak hizmet vermeye ba\u015flayacak 135 Alo Adalet ile; 5 y\u0131l\u0131 a\u015fan dava dosyalar\u0131, 3 y\u0131l\u0131 a\u015fan soru\u015fturma dosyalar\u0131 i\u00e7in vatanda\u015flar\u0131m\u0131z do\u011frudan ba\u015fvuruda bulunabilecek.&#8221; payla\u015f\u0131m\u0131nda bulundu\u00a0<a href=\"https:\/\/www.haberturk.com\/son-dakika-135-alo-adalet-hatti-erisime-acildi-3909443\" target=\"_blank\" class=\"feedzy-rss-link-icon\">Read More<\/a><\/p>","protected":false},"excerpt":{"rendered":"<p>Adalet Bakan\u0131 G\u00fcrlek, &#8220;2026-2027 Adli Y\u0131l\u0131\u2019na, vatanda\u015flar\u0131m\u0131z\u0131n adalete eri\u015fimini kolayla\u015ft\u0131racak yeni bir ad\u0131mla ba\u015fl\u0131yor ve 135 Alo Adalet Hatt\u0131\u2019n\u0131 hayata ge\u00e7iriyoruz. Yeni adli y\u0131l\u0131n ilk g\u00fcn\u00fc olan bug\u00fcn; saat 10.00 itibar\u0131yla Ankara Bat\u0131, \u0130zmir ve Kayseri adliyelerimizde pilot olarak hizmet vermeye ba\u015flayacak 135 Alo Adalet ile; 5 y\u0131l\u0131 a\u015fan dava dosyalar\u0131, 3 y\u0131l\u0131 a\u015fan soru\u015fturma [&hellip;]<\/p>\n","protected":false},"author":1,"featured_media":0,"comment_status":"open","ping_status":"open","sticky":false,"template":"","format":"standard","meta":{"footnotes":"","_links_to":"","_links_to_target":""},"categories":[1],"tags":[],"class_list":["post-42035","post","type-post","status-publish","format-standard","hentry","category-haberler"],"_links":{"self":[{"href":"https:\/\/www.abchukuk.com\/index.php\/wp-json\/wp\/v2\/posts\/42035","targetHints":{"allow":["GET"]}}],"collection":[{"href":"https:\/\/www.abchukuk.com\/index.php\/wp-json\/wp\/v2\/posts"}],"about":[{"href":"https:\/\/www.abchukuk.com\/index.php\/wp-json\/wp\/v2\/types\/post"}],"author":[{"embeddable":true,"href":"https:\/\/www.abchukuk.com\/index.php\/wp-json\/wp\/v2\/users\/1"}],"replies":[{"embeddable":true,"href":"https:\/\/www.abchukuk.com\/index.php\/wp-json\/wp\/v2\/comments?post=42035"}],"version-history":[{"count":0,"href":"https:\/\/www.abchukuk.com\/index.php\/wp-json\/wp\/v2\/posts\/42035\/revisions"}],"wp:attachment":[{"href":"https:\/\/www.abchukuk.com\/index.php\/wp-json\/wp\/v2\/media?parent=42035"}],"wp:term":[{"taxonomy":"category","embeddable":true,"href":"https:\/\/www.abchukuk.com\/index.php\/wp-json\/wp\/v2\/categories?post=42035"},{"taxonomy":"post_tag","embeddable":true,"href":"https:\/\/www.abchukuk.com\/index.php\/wp-json\/wp\/v2\/tags?post=42035"}],"curies":[{"name":"wp","href":"https:\/\/api.w.org\/{rel}","templated":true}]}}