{"id":42030,"date":"2026-09-01T06:47:23","date_gmt":"2026-09-01T06:47:23","guid":{"rendered":"https:\/\/www.abchukuk.com\/index.php\/2026\/09\/01\/danistay-baskani-zeki-yigitten-yeni-yargi-yili-mesaji-yargiya-guven-vurgusu\/"},"modified":"2026-09-01T06:47:23","modified_gmt":"2026-09-01T06:47:23","slug":"danistay-baskani-zeki-yigitten-yeni-yargi-yili-mesaji-yargiya-guven-vurgusu","status":"publish","type":"post","link":"https:\/\/www.abchukuk.com\/index.php\/2026\/09\/01\/danistay-baskani-zeki-yigitten-yeni-yargi-yili-mesaji-yargiya-guven-vurgusu\/","title":{"rendered":"Dan\u0131\u015ftay Ba\u015fkan\u0131 Zeki Yi\u011fit\u2019ten yeni yarg\u0131 y\u0131l\u0131 mesaj\u0131: Yarg\u0131ya g\u00fcven vurgusu"},"content":{"rendered":"<p><strong>SON.TV\/ANKARA<\/strong><\/p>\n<p><strong>2026-2027 yeni yarg\u0131 y\u0131l\u0131<\/strong>n\u0131n ba\u015flamas\u0131 dolay\u0131s\u0131yla <strong>Dan\u0131\u015ftay Ba\u015fkan\u0131 Zeki Yi\u011fit<\/strong> bir mesaj yay\u0131mlad\u0131. Yeni \u00e7al\u0131\u015fma d\u00f6neminin \u00fclkeye, millete ve yarg\u0131 camias\u0131na hay\u0131rl\u0131 olmas\u0131 temennisinde bulunan Yi\u011fit, yarg\u0131n\u0131n temel g\u00f6revinin hakk\u0131 ve adaleti ayakta tutmak oldu\u011funu belirtti.<\/p>\n<p>\u201c<strong>ADALET\u0130N SON KAPISI\u201d<\/strong><\/p>\n<p><strong>Dan\u0131\u015ftay Ba\u015fkan\u0131 Zeki Yi\u011fit,<\/strong> mesaj\u0131nda yarg\u0131n\u0131n, hakk\u0131n\u0131n ihlal edildi\u011fini d\u00fc\u015f\u00fcnen vatanda\u015flar a\u00e7\u0131s\u0131ndan ta\u015f\u0131d\u0131\u011f\u0131 \u00f6neme dikkat \u00e7ekti.<\/p>\n<p><strong>Yi\u011fit<\/strong>, yarg\u0131y\u0131 \u201c<strong>adaletin son kap\u0131s\u0131\u201d,<\/strong> hak ve \u00f6zg\u00fcrl\u00fcklerin koruyucusu ve devlete duyulan g\u00fcvenin teminat\u0131 olarak nitelendirerek, yeni yarg\u0131 y\u0131l\u0131nda yarg\u0131 mensuplar\u0131n\u0131n ayn\u0131 sorumlulukla g\u00f6revlerini s\u00fcrd\u00fcreceklerini ifade etti.<\/p>\n<p><strong>Yi\u011fit<\/strong> mesaj\u0131nda \u015fu ifadelere yer verdi:<\/p>\n<p><strong>\u201cAziz Milletimizin ve insanl\u0131\u011f\u0131n ortak vicdan\u0131n\u0131n eseri olan adaletin son kap\u0131s\u0131, hakk\u0131n ve \u00f6zg\u00fcrl\u00fcklerin y\u0131lmaz koruyucusu, haks\u0131zl\u0131\u011fa u\u011frad\u0131\u011f\u0131n\u0131 d\u00fc\u015f\u00fcnenlerin son umudu, devlete duyulan g\u00fcvenin teminat\u0131 olan yarg\u0131 camias\u0131n\u0131n tek gayesi hakk\u0131 ayakta tutmaktan ibaret mensuplar\u0131 olarak; yeni yarg\u0131 y\u0131l\u0131nda bu ulvi g\u00f6reve ve mesaiye yine yeniden ba\u015flaman\u0131n heyecan\u0131n\u0131 ya\u015f\u0131yoruz.\u201d<\/strong><\/p>\n<p><strong>HUKUK DEVLET\u0130N\u0130N G\u00dc\u00c7LEND\u0130R\u0130LMES\u0130 VURGUSU<\/strong><\/p>\n<p>Yeni yarg\u0131 y\u0131l\u0131 mesaj\u0131nda hukuk devletinin g\u00fc\u00e7lendirilmesinin \u00f6nemine dikkat \u00e7eken Yi\u011fit, yarg\u0131 faaliyetlerinin evrensel hukuk ilkeleri do\u011frultusunda y\u00fcr\u00fct\u00fclmesi gerekti\u011fini belirtti.<\/p>\n<p>Temel hak ve \u00f6zg\u00fcrl\u00fcklerin korunmas\u0131na vurgu yapan Yi\u011fit, adalet hizmetlerinin vatanda\u015flar\u0131n beklentilerini kar\u015f\u0131layacak \u015fekilde y\u00fcr\u00fct\u00fclmesinin \u00f6nemine i\u015faret etti.<\/p>\n<p><strong>BA\u011eIMSIZ, TARAFSIZ, AD\u0130L, HIZLI VE ETK\u0130N YARGILAMA<\/strong><\/p>\n<p>Dan\u0131\u015ftay Ba\u015fkan\u0131 Yi\u011fit\u2019in mesaj\u0131nda \u00f6ne \u00e7\u0131kan ba\u015fl\u0131klardan biri de yarg\u0131lama faaliyetlerinin niteli\u011fi oldu.<\/p>\n<p>Yi\u011fit, ba\u011f\u0131ms\u0131zl\u0131k ve tarafs\u0131zl\u0131\u011f\u0131n yan\u0131 s\u0131ra adil, h\u0131zl\u0131 ve etkin bir yarg\u0131lama anlay\u0131\u015f\u0131n\u0131n s\u00fcrd\u00fcr\u00fclmesinin hukuk devleti a\u00e7\u0131s\u0131ndan ta\u015f\u0131d\u0131\u011f\u0131 \u00f6neme dikkat \u00e7ekti.<\/p>\n<p><strong>YARGIYA DUYULAN G\u00dcVEN\u0130N PEK\u0130\u015eT\u0130R\u0130LMES\u0130<\/strong><\/p>\n<p>Yi\u011fit, yeni yarg\u0131 y\u0131l\u0131nda vatanda\u015flar\u0131n yarg\u0131ya duydu\u011fu g\u00fcvenin daha da g\u00fc\u00e7lendirilmesi gerekti\u011fini belirtti.<\/p>\n<p>Adaletin y\u00fcceltilmesi hedefi do\u011frultusunda y\u00fcr\u00fct\u00fclen \u00e7al\u0131\u015fmalar\u0131n yeni d\u00f6nemde de ayn\u0131 azim ve kararl\u0131l\u0131kla devam edece\u011fini ifade eden Yi\u011fit, yarg\u0131 mensuplar\u0131n\u0131n \u00fcstlendikleri g\u00f6revin \u00f6nemine dikkat \u00e7ekti.<\/p>\n<p>\u201c<strong>AYNI AZ\u0130M VE KARARLILIKLA S\u00dcRD\u00dcR\u00dcLECEK\u201d<\/strong><\/p>\n<p>Dan\u0131\u015ftay Ba\u015fkan\u0131 Zeki Yi\u011fit, yeni yarg\u0131 y\u0131l\u0131na ili\u015fkin mesaj\u0131n\u0131 \u015fu s\u00f6zlerle tamamlad\u0131:<\/p>\n<p>\u201cVatanda\u015flar\u0131m\u0131z\u0131n yarg\u0131ya duydu\u011fu g\u00fcvenin peki\u015fmesi ve adaletin y\u00fcceltilmesi idealine y\u00f6nelik \u00fcst\u00fcn gayretlerin ayn\u0131 azim ve kararl\u0131l\u0131kla s\u00fcrd\u00fcr\u00fclece\u011fi inanc\u0131yla yeni yarg\u0131 y\u0131l\u0131n\u0131n \u00fclkemize, milletimize ve t\u00fcm yarg\u0131 camias\u0131na hay\u0131rl\u0131 olmas\u0131n\u0131 temenni ediyorum.\u201d<\/p>\n<p><strong>YARGI \u00c7ALI\u015eANLARINA BA\u015eARI D\u0130LED\u0130<\/strong><\/p>\n<p>Yi\u011fit, yeni \u00e7al\u0131\u015fma d\u00f6neminin ba\u015flamas\u0131 dolay\u0131s\u0131yla Dan\u0131\u015ftay meslek mensuplar\u0131, savc\u0131lar, tetkik h\u00e2kimleri ve di\u011fer yarg\u0131 \u00e7al\u0131\u015fanlar\u0131na da g\u00f6revlerinde ba\u015far\u0131 dileklerini iletti.<\/p>\n<p>2026-2027 yarg\u0131 y\u0131l\u0131n\u0131n ba\u015flamas\u0131yla birlikte adalet hizmetlerinde hukuk devleti, temel hak ve \u00f6zg\u00fcrl\u00fcklerin korunmas\u0131, ba\u011f\u0131ms\u0131z ve tarafs\u0131z yarg\u0131 ile vatanda\u015flar\u0131n yarg\u0131ya duydu\u011fu g\u00fcvenin g\u00fc\u00e7lendirilmesi ba\u015fl\u0131klar\u0131 yeni d\u00f6nemin \u00f6ne \u00e7\u0131kan konular\u0131 aras\u0131nda yer ald\u0131.<\/p>\n<p><strong>ET\u0130KETLER: #ZekiYi\u011fit #Dan\u0131\u015ftay #YeniYarg\u0131Y\u0131l\u0131 #Yarg\u0131 #Adalet #HukukDevleti #Yarg\u0131yaG\u00fcven #20262027Yarg\u0131Y\u0131l\u0131<\/strong><\/p>\n<p>Dan\u0131\u015ftay Ba\u015fkan\u0131 Zeki Yi\u011fit, 2026-2027 yeni yarg\u0131 y\u0131l\u0131n\u0131n ba\u015flamas\u0131 dolay\u0131s\u0131yla yay\u0131mlad\u0131\u011f\u0131 mesajda hukuk devletinin g\u00fc\u00e7lendirilmesi, temel hak ve \u00f6zg\u00fcrl\u00fcklerin korunmas\u0131 ile vatanda\u015flar\u0131n yarg\u0131ya duydu\u011fu g\u00fcvenin peki\u015ftirilmesine dikkat \u00e7ekti. Yi\u011fit, ba\u011f\u0131ms\u0131z, tarafs\u0131z, adil, h\u0131zl\u0131 ve etkin yarg\u0131lama anlay\u0131\u015f\u0131n\u0131n \u00f6nemini vurgulad\u0131.\u00a0<a href=\"https:\/\/www.son.tv\/danistay-baskani-zeki-yigitten-yeni-yargi-yili-mesaji-yargiya-guven-vurgusu\/\" target=\"_blank\" class=\"feedzy-rss-link-icon\">Read More<\/a><\/p>","protected":false},"excerpt":{"rendered":"<p>SON.TV\/ANKARA 2026-2027 yeni yarg\u0131 y\u0131l\u0131n\u0131n ba\u015flamas\u0131 dolay\u0131s\u0131yla Dan\u0131\u015ftay Ba\u015fkan\u0131 Zeki Yi\u011fit bir mesaj yay\u0131mlad\u0131. Yeni \u00e7al\u0131\u015fma d\u00f6neminin \u00fclkeye, millete ve yarg\u0131 camias\u0131na hay\u0131rl\u0131 olmas\u0131 temennisinde bulunan Yi\u011fit, yarg\u0131n\u0131n temel g\u00f6revinin hakk\u0131 ve adaleti ayakta tutmak oldu\u011funu belirtti. \u201cADALET\u0130N SON KAPISI\u201d Dan\u0131\u015ftay Ba\u015fkan\u0131 Zeki Yi\u011fit, mesaj\u0131nda yarg\u0131n\u0131n, hakk\u0131n\u0131n ihlal edildi\u011fini d\u00fc\u015f\u00fcnen vatanda\u015flar a\u00e7\u0131s\u0131ndan ta\u015f\u0131d\u0131\u011f\u0131 \u00f6neme dikkat [&hellip;]<\/p>\n","protected":false},"author":1,"featured_media":0,"comment_status":"open","ping_status":"open","sticky":false,"template":"","format":"standard","meta":{"footnotes":"","_links_to":"","_links_to_target":""},"categories":[1],"tags":[],"class_list":["post-42030","post","type-post","status-publish","format-standard","hentry","category-haberler"],"_links":{"self":[{"href":"https:\/\/www.abchukuk.com\/index.php\/wp-json\/wp\/v2\/posts\/42030","targetHints":{"allow":["GET"]}}],"collection":[{"href":"https:\/\/www.abchukuk.com\/index.php\/wp-json\/wp\/v2\/posts"}],"about":[{"href":"https:\/\/www.abchukuk.com\/index.php\/wp-json\/wp\/v2\/types\/post"}],"author":[{"embeddable":true,"href":"https:\/\/www.abchukuk.com\/index.php\/wp-json\/wp\/v2\/users\/1"}],"replies":[{"embeddable":true,"href":"https:\/\/www.abchukuk.com\/index.php\/wp-json\/wp\/v2\/comments?post=42030"}],"version-history":[{"count":0,"href":"https:\/\/www.abchukuk.com\/index.php\/wp-json\/wp\/v2\/posts\/42030\/revisions"}],"wp:attachment":[{"href":"https:\/\/www.abchukuk.com\/index.php\/wp-json\/wp\/v2\/media?parent=42030"}],"wp:term":[{"taxonomy":"category","embeddable":true,"href":"https:\/\/www.abchukuk.com\/index.php\/wp-json\/wp\/v2\/categories?post=42030"},{"taxonomy":"post_tag","embeddable":true,"href":"https:\/\/www.abchukuk.com\/index.php\/wp-json\/wp\/v2\/tags?post=42030"}],"curies":[{"name":"wp","href":"https:\/\/api.w.org\/{rel}","templated":true}]}}